{"id":9943,"date":"2012-06-25T00:05:16","date_gmt":"2012-06-24T22:05:16","guid":{"rendered":"http:\/\/blog.laveredadepuebla.com\/?p=9943"},"modified":"2023-02-10T12:29:25","modified_gmt":"2023-02-10T12:29:25","slug":"este-verano-a-la-playa-de-agua-dulce","status":"publish","type":"post","link":"https:\/\/blog.sierranortedeguadalajara.com\/?p=9943","title":{"rendered":"Este verano, a la playa (de agua dulce)"},"content":{"rendered":"<p>Cada vez hay m\u00e1s urbanitas que deciden cambiar playas masificadas por la tranquilidad de nuestros <a href=\"http:\/\/blog.laveredadepuebla.com\/2009\/07\/28\/%C2%A1ven-a-la-playa-de-agua-dulce\/\">ba\u00f1os de agua dulce<\/a>. Adem\u00e1s de las v<a href=\"http:\/\/www.slideshare.net\/fullscreen\/neoabuelo12\/playasaguadulce\/1\">entajas ya conocidas<\/a>, en tiempo de crisis se a\u00f1aden algunas m\u00e1s:<\/p>\n<ul>\n<li><strong><em>Coste reducido:<\/em><\/strong> Los precios de interior, a igualdad de condiciones, son\u00a0 inferiores. O si se prefiere, a igualdad de coste, m\u00e1s espacio y confort. <strong><em>\u00a1Y no solo en <a href=\"http:\/\/www.laveredadepuebla.com\">el alojamiento<\/a>!<\/em><\/strong><\/li>\n<li><strong><em>Se evitan atascos <\/em><\/strong>(y se reducen horas de viaje, adem\u00e1s de coste)<\/li>\n<\/ul>\n<p><a href=\"http:\/\/laveredadepuebla.files.wordpress.com\/2012\/06\/120625-este-verano-ven.jpg\"><img loading=\"lazy\" decoding=\"async\" class=\"alignleft size-medium wp-image-9944\" title=\"120625 este verano ven\" src=\"https:\/\/blog.sierranortedeguadalajara.com\/wp-content\/uploads\/2023\/02\/120625-este-verano-ven.jpg\" alt=\"\" width=\"300\" height=\"225\" \/><\/a>En <a href=\"http:\/\/www.laveredadepuebla.com\/rutasypueblos.htm\"><strong><em>La Ribera<\/em><\/strong><\/a>, adem\u00e1s de presumir de las <a href=\"http:\/\/blog.laveredadepuebla.com\/2009\/06\/14\/playas-del-jarama\/\"><strong><em>playas conocidas del Jarama<\/em><\/strong><\/a>\u00a0 (a cada cual <a href=\"http:\/\/blog.laveredadepuebla.com\/2009\/06\/15\/playas-del-jarama-ii\/\">m\u00e1s espectacular<\/a>) y <a href=\"http:\/\/blog.laveredadepuebla.com\/2009\/06\/19\/playas-del-rio-sorbe\/\"><strong><em>del Sorbe<\/em><\/strong><\/a> (cinco <a href=\"http:\/\/blog.laveredadepuebla.com\/2009\/06\/20\/playas-del-sorbe-ii\/\">pozas incre\u00edbles<\/a>), en sus cauces hay infinidad de sitios alucinantes, aptos para el ba\u00f1o que aportan un toque de aventura muy reconfortante. \u00a0Adem\u00e1s hay <a href=\"http:\/\/blog.laveredadepuebla.com\/2009\/06\/15\/el-chorro-y-otras-pozas\/\">otras muchas pozas naturales<\/a>, desplegadas por la comarca.<\/p>\n<p>Aunque tenemos dos pantanos, <strong><em>Bele\u00f1a <\/em><\/strong>y <a href=\"http:\/\/blog.laveredadepuebla.com\/2009\/08\/22\/la-presa-del-vado\/\"><strong><em>el Vado<\/em><\/strong><\/a>,\u00a0 que pudieron ser m\u00e1s (lo contaremos), no pueden ser usados para el ba\u00f1o ya que son de agua potable.<\/p>\n<p>Por ello y porque solo estamos a 90 kms de Madrid (a 1 hora y cuarto), las playas de La Ribera pueden ser una opci\u00f3n para tus vacaciones. <strong><em>\u00a1Te esperamos!<\/em><\/strong><\/p>\n<p><strong><em>Lar-ami<\/em><\/strong><\/p>\n","protected":false},"excerpt":{"rendered":"<p>Cada vez hay m\u00e1s urbanitas que deciden cambiar playas masificadas por la tranquilidad de nuestros ba\u00f1os de agua dulce. Adem\u00e1s de las ventajas ya conocidas, en tiempo de crisis se a\u00f1aden algunas m\u00e1s: Coste reducido: Los precios de interior, a igualdad de condiciones, son\u00a0 inferiores. O si se prefiere, a igualdad de coste, m\u00e1s espacio &hellip; <\/p>\n<p class=\"link-more\"><a href=\"https:\/\/blog.sierranortedeguadalajara.com\/?p=9943\" class=\"more-link\">Seguir leyendo<span class=\"screen-reader-text\"> \u00abEste verano, a la playa (de agua dulce)\u00bb<\/span><\/a><\/p>\n","protected":false},"author":1,"featured_media":0,"comment_status":"open","ping_status":"open","sticky":false,"template":"","format":"standard","meta":{"footnotes":""},"categories":[12,3,9],"tags":[2,47,35,145,7,60,211],"class_list":["post-9943","post","type-post","status-publish","format-standard","hentry","category-actualidad","category-costumbres-y-tradiciones","category-rincones-de-la-sierra-norte","tag-actualidad","tag-belena","tag-jarama","tag-la-ribera","tag-naturaleza","tag-sorbe","tag-vado","entry"],"_links":{"self":[{"href":"https:\/\/blog.sierranortedeguadalajara.com\/index.php?rest_route=\/wp\/v2\/posts\/9943","targetHints":{"allow":["GET"]}}],"collection":[{"href":"https:\/\/blog.sierranortedeguadalajara.com\/index.php?rest_route=\/wp\/v2\/posts"}],"about":[{"href":"https:\/\/blog.sierranortedeguadalajara.com\/index.php?rest_route=\/wp\/v2\/types\/post"}],"author":[{"embeddable":true,"href":"https:\/\/blog.sierranortedeguadalajara.com\/index.php?rest_route=\/wp\/v2\/users\/1"}],"replies":[{"embeddable":true,"href":"https:\/\/blog.sierranortedeguadalajara.com\/index.php?rest_route=%2Fwp%2Fv2%2Fcomments&post=9943"}],"version-history":[{"count":1,"href":"https:\/\/blog.sierranortedeguadalajara.com\/index.php?rest_route=\/wp\/v2\/posts\/9943\/revisions"}],"predecessor-version":[{"id":30462,"href":"https:\/\/blog.sierranortedeguadalajara.com\/index.php?rest_route=\/wp\/v2\/posts\/9943\/revisions\/30462"}],"wp:attachment":[{"href":"https:\/\/blog.sierranortedeguadalajara.com\/index.php?rest_route=%2Fwp%2Fv2%2Fmedia&parent=9943"}],"wp:term":[{"taxonomy":"category","embeddable":true,"href":"https:\/\/blog.sierranortedeguadalajara.com\/index.php?rest_route=%2Fwp%2Fv2%2Fcategories&post=9943"},{"taxonomy":"post_tag","embeddable":true,"href":"https:\/\/blog.sierranortedeguadalajara.com\/index.php?rest_route=%2Fwp%2Fv2%2Ftags&post=9943"}],"curies":[{"name":"wp","href":"https:\/\/api.w.org\/{rel}","templated":true}]}}