{"id":9587,"date":"2012-05-08T00:05:38","date_gmt":"2012-05-07T22:05:38","guid":{"rendered":"http:\/\/blog.laveredadepuebla.com\/?p=9587"},"modified":"2023-02-10T12:29:50","modified_gmt":"2023-02-10T12:29:50","slug":"amarillos","status":"publish","type":"post","link":"https:\/\/blog.sierranortedeguadalajara.com\/?p=9587","title":{"rendered":"Amarillos"},"content":{"rendered":"<p><a href=\"http:\/\/laveredadepuebla.files.wordpress.com\/2012\/05\/120508-amarillos-1.jpg\"><img loading=\"lazy\" decoding=\"async\" class=\"alignright  wp-image-9588\" title=\"120508 amarillos 1\" src=\"https:\/\/blog.sierranortedeguadalajara.com\/wp-content\/uploads\/2023\/02\/120508-amarillos-1.jpg\" alt=\"\" width=\"155\" height=\"210\" \/><\/a>Estos primeros d\u00edas de mayo est\u00e1n resultando at\u00edpicos: abundancia de lluvias (m\u00e1s de 120 l\/m), <a href=\"http:\/\/blog.laveredadepuebla.com\/2012\/05\/04\/setas-de-cardo-en-mayo\/\"><em>setas de cardo<\/em><\/a>, charcos por doquier, la primavera que se atrasa,\u2026 Y <em><strong>surgen los amarillos<\/strong><\/em>.<\/p>\n<p><a href=\"http:\/\/laveredadepuebla.files.wordpress.com\/2012\/05\/120508-amarillos-2.jpg\"><img loading=\"lazy\" decoding=\"async\" class=\"alignleft  wp-image-9589\" title=\"120508 amarillos 2\" src=\"https:\/\/blog.sierranortedeguadalajara.com\/wp-content\/uploads\/2023\/02\/120508-amarillos-2.jpg\" alt=\"\" width=\"210\" height=\"158\" \/><\/a>Ser\u00eda f\u00e1cil alabar los campos de jaramagos t\u00edpicos de la <a href=\"http:\/\/www.turismoenguadalajara.org\/\"><em>Campi\u00f1a de Guadalajara<\/em><\/a>, que simulan un mantel extendido sobre la hierba. Aunque suene presuntuoso, en<a href=\"http:\/\/www.laveredadepuebla.com\/rutasypueblos.htm\"> <strong><em>La Ribera<\/em><\/strong> <\/a>los amarillos son m\u00e1s espectaculares.<\/p>\n<p><a href=\"http:\/\/laveredadepuebla.files.wordpress.com\/2012\/05\/120508-amarillos-3.jpg\"><img loading=\"lazy\" decoding=\"async\" class=\"alignright  wp-image-9590\" title=\"120508 amarillos 3\" src=\"https:\/\/blog.sierranortedeguadalajara.com\/wp-content\/uploads\/2023\/02\/120508-amarillos-3.jpg\" alt=\"\" width=\"158\" height=\"210\" \/><\/a>Adem\u00e1s de las margaritas y las flores del cantueso, tenemos hongos y ramas secas de retama que se mezclan con flores, formando un cuadro donde el rey es el amarillo.<\/p>\n<p>Cuando todav\u00eda los campos no est\u00e1n en <a href=\"http:\/\/blog.laveredadepuebla.com\/2012\/05\/01\/tierra-agradecida\/\"><em>plenitud de floraci\u00f3n<\/em> <\/a>y el color predominante es el verde, estos amarillos sorprenden. Al menos, a este <a href=\"http:\/\/www.laveredadepuebla.com\">guardi\u00e1n et\u00e9reo<\/a>.<\/p>\n<p><strong><em>Lar-ami<\/em><\/strong><\/p>\n","protected":false},"excerpt":{"rendered":"<p>Estos primeros d\u00edas de mayo est\u00e1n resultando at\u00edpicos: abundancia de lluvias (m\u00e1s de 120 l\/m), setas de cardo, charcos por doquier, la primavera que se atrasa,\u2026 Y surgen los amarillos. Ser\u00eda f\u00e1cil alabar los campos de jaramagos t\u00edpicos de la Campi\u00f1a de Guadalajara, que simulan un mantel extendido sobre la hierba. Aunque suene presuntuoso, en &hellip; <\/p>\n<p class=\"link-more\"><a href=\"https:\/\/blog.sierranortedeguadalajara.com\/?p=9587\" class=\"more-link\">Seguir leyendo<span class=\"screen-reader-text\"> \u00abAmarillos\u00bb<\/span><\/a><\/p>\n","protected":false},"author":1,"featured_media":0,"comment_status":"open","ping_status":"open","sticky":false,"template":"","format":"standard","meta":{"footnotes":""},"categories":[6,9],"tags":[2,20,100,4,13,145],"class_list":["post-9587","post","type-post","status-publish","format-standard","hentry","category-mundo-rural","category-rincones-de-la-sierra-norte","tag-actualidad","tag-casa-rural","tag-costumbres-y-tradiciones","tag-cultura","tag-guadalajara","tag-la-ribera","entry"],"_links":{"self":[{"href":"https:\/\/blog.sierranortedeguadalajara.com\/index.php?rest_route=\/wp\/v2\/posts\/9587","targetHints":{"allow":["GET"]}}],"collection":[{"href":"https:\/\/blog.sierranortedeguadalajara.com\/index.php?rest_route=\/wp\/v2\/posts"}],"about":[{"href":"https:\/\/blog.sierranortedeguadalajara.com\/index.php?rest_route=\/wp\/v2\/types\/post"}],"author":[{"embeddable":true,"href":"https:\/\/blog.sierranortedeguadalajara.com\/index.php?rest_route=\/wp\/v2\/users\/1"}],"replies":[{"embeddable":true,"href":"https:\/\/blog.sierranortedeguadalajara.com\/index.php?rest_route=%2Fwp%2Fv2%2Fcomments&post=9587"}],"version-history":[{"count":1,"href":"https:\/\/blog.sierranortedeguadalajara.com\/index.php?rest_route=\/wp\/v2\/posts\/9587\/revisions"}],"predecessor-version":[{"id":30571,"href":"https:\/\/blog.sierranortedeguadalajara.com\/index.php?rest_route=\/wp\/v2\/posts\/9587\/revisions\/30571"}],"wp:attachment":[{"href":"https:\/\/blog.sierranortedeguadalajara.com\/index.php?rest_route=%2Fwp%2Fv2%2Fmedia&parent=9587"}],"wp:term":[{"taxonomy":"category","embeddable":true,"href":"https:\/\/blog.sierranortedeguadalajara.com\/index.php?rest_route=%2Fwp%2Fv2%2Fcategories&post=9587"},{"taxonomy":"post_tag","embeddable":true,"href":"https:\/\/blog.sierranortedeguadalajara.com\/index.php?rest_route=%2Fwp%2Fv2%2Ftags&post=9587"}],"curies":[{"name":"wp","href":"https:\/\/api.w.org\/{rel}","templated":true}]}}