{"id":9550,"date":"2012-05-09T00:05:48","date_gmt":"2012-05-08T22:05:48","guid":{"rendered":"http:\/\/blog.laveredadepuebla.com\/?p=9550"},"modified":"2023-02-10T12:29:50","modified_gmt":"2023-02-10T12:29:50","slug":"oficios-religiosos-en-bonaval","status":"publish","type":"post","link":"https:\/\/blog.sierranortedeguadalajara.com\/?p=9550","title":{"rendered":"Oficios religiosos en Bonaval"},"content":{"rendered":"<p>En las abad\u00edas del <a href=\"http:\/\/sanbenitocist.e.telefonica.net\/orden\/canto.htm\"><strong><em>Cister el canto era fundamental<\/em><\/strong><\/a>, ya que los rezos en las<a href=\"http:\/\/blog.laveredadepuebla.com\/2012\/05\/02\/como-vivian-los-monjes-en-bonaval\/\"> horas mon\u00e1sticas<\/a> se realizaban desde el coro por todos los monjes. Se<a href=\"http:\/\/sanbenitocist.e.telefonica.net\/orden\/salve.mp3\"> cantaba con tonos moderados<\/a> y pausa a mitad del vers\u00edculo; estaban prohibidos gritos, falsetes y todo lo que perturbara la armon\u00eda. Por ello, antes de incorporarse al coro, los novicios deb\u00edan leer con soltura y dominar la t\u00e9cnica.<\/p>\n<p>Al principio no se permit\u00edan instrumentos, si bien a partir del siglo XV el Cap\u00edtulo General autoriz\u00f3 el <a href=\"http:\/\/blog.laveredadepuebla.com\/2009\/10\/12\/organos\">\u00f3rgano<\/a> en algunas piezas. Por el <a href=\"http:\/\/blog.laveredadepuebla.com\/2012\/04\/26\/bonaval-de-abadia-a-priorato\/\">inventario de 1.510<\/a> sabemos que hubo un \u00f3rgano en Bonaval, as\u00ed como que el coro era bajo, con dos bancos para los monjes y otros dos peque\u00f1os para libros.<a href=\"http:\/\/laveredadepuebla.files.wordpress.com\/2012\/05\/120509-oficios-bonaval-1.jpg\"><img loading=\"lazy\" decoding=\"async\" class=\"alignright size-medium wp-image-9552\" title=\"120509 oficios Bonaval 1\" src=\"https:\/\/blog.sierranortedeguadalajara.com\/wp-content\/uploads\/2023\/02\/120509-oficios-bonaval-1.jpg\" alt=\"\" width=\"300\" height=\"225\" \/><\/a><\/p>\n<p>Cada d\u00eda se celebraba <strong><em>misa conventual,<\/em><\/strong> despu\u00e9s de <strong><em>Prima <\/em><\/strong>(invierno) \u00f3 <strong><em>Tercia <\/em><\/strong>(verano), a la que asist\u00edan todos los monjes (<em>se convert\u00eda en <strong>solemne<\/strong> los domingos y festivos<\/em>). Adicionalmente todos los d\u00edas (<em>menos viernes y s\u00e1bado santos)<\/em> hab\u00eda <a href=\"http:\/\/www.mp3mixx.com\/song\/schola_gregoriana_hispana_coral_ciudad_de_granada_ensemble_la_danserye_coro_manuel_de_falla\/sanctus_pedro_de_escobar_4_vm_de_la_misa_de_beata_virgine-26182858\">misa rezada de <strong><em>\u201cbeata\u201d<\/em><\/strong>\u00a0<\/a> y de <strong><em>\u201cr\u00e9quiem\u201d<\/em><\/strong> por los bienhechores del cenobio. Los monjes sacerdotes dec\u00edan <strong><em>misa privada<\/em><\/strong> a diario durante el tiempo de lectura. As\u00ed que <a href=\"http:\/\/www.laveredadepuebla.com\/rutasypueblos\/bonaval.pdf\">en Bonaval<\/a> se celebraban, al menos, tres misas diarias, seg\u00fan afirma el <a href=\"http:\/\/blog.laveredadepuebla.com\/2011\/09\/15\/el-doctor-jurado-serrano-2\"><strong><em>Dr Jurado<\/em><\/strong><\/a>.<\/p>\n<p>En el <strong><em>Monasterio de Bonaval<\/em><\/strong>, la <strong><em><a href=\"http:\/\/blog.laveredadepuebla.com\/2012\/02\/22\/la-iglesia-del-monasterio-de-bonaval\/\">capilla Mayor<\/a><\/em><\/strong> (la central) estaba reservada para misas solemnes y conventuales, as\u00ed como para oficios en fechas especiales (<em>Cuaresma, Semana Santa, Navidad,\u2026).<\/em> El resto ten\u00edan lugar en la <a href=\"http:\/\/blog.laveredadepuebla.com\/2012\/02\/28\/construccion-de-la-iglesia-de-bonaval-ii\/\"><strong><em>capilla de San Bernardo<\/em><\/strong><\/a> (meridional). El inventario de 1.510 hace una detallada descripci\u00f3n de ambas capillas, que contaremos ma\u00f1ana.<\/p>\n<p><strong><em>Lar-ami<\/em><\/strong><\/p>\n","protected":false},"excerpt":{"rendered":"<p>En las abad\u00edas del Cister el canto era fundamental, ya que los rezos en las horas mon\u00e1sticas se realizaban desde el coro por todos los monjes. Se cantaba con tonos moderados y pausa a mitad del vers\u00edculo; estaban prohibidos gritos, falsetes y todo lo que perturbara la armon\u00eda. Por ello, antes de incorporarse al coro, &hellip; <\/p>\n<p class=\"link-more\"><a href=\"https:\/\/blog.sierranortedeguadalajara.com\/?p=9550\" class=\"more-link\">Seguir leyendo<span class=\"screen-reader-text\"> \u00abOficios religiosos en Bonaval\u00bb<\/span><\/a><\/p>\n","protected":false},"author":1,"featured_media":0,"comment_status":"open","ping_status":"open","sticky":false,"template":"","format":"standard","meta":{"footnotes":""},"categories":[9],"tags":[45,100,44,199,50],"class_list":["post-9550","post","type-post","status-publish","format-standard","hentry","category-rincones-de-la-sierra-norte","tag-bonaval","tag-costumbres-y-tradiciones","tag-edad-media","tag-siglo-xv","tag-siglo-xvi","entry"],"_links":{"self":[{"href":"https:\/\/blog.sierranortedeguadalajara.com\/index.php?rest_route=\/wp\/v2\/posts\/9550","targetHints":{"allow":["GET"]}}],"collection":[{"href":"https:\/\/blog.sierranortedeguadalajara.com\/index.php?rest_route=\/wp\/v2\/posts"}],"about":[{"href":"https:\/\/blog.sierranortedeguadalajara.com\/index.php?rest_route=\/wp\/v2\/types\/post"}],"author":[{"embeddable":true,"href":"https:\/\/blog.sierranortedeguadalajara.com\/index.php?rest_route=\/wp\/v2\/users\/1"}],"replies":[{"embeddable":true,"href":"https:\/\/blog.sierranortedeguadalajara.com\/index.php?rest_route=%2Fwp%2Fv2%2Fcomments&post=9550"}],"version-history":[{"count":1,"href":"https:\/\/blog.sierranortedeguadalajara.com\/index.php?rest_route=\/wp\/v2\/posts\/9550\/revisions"}],"predecessor-version":[{"id":30567,"href":"https:\/\/blog.sierranortedeguadalajara.com\/index.php?rest_route=\/wp\/v2\/posts\/9550\/revisions\/30567"}],"wp:attachment":[{"href":"https:\/\/blog.sierranortedeguadalajara.com\/index.php?rest_route=%2Fwp%2Fv2%2Fmedia&parent=9550"}],"wp:term":[{"taxonomy":"category","embeddable":true,"href":"https:\/\/blog.sierranortedeguadalajara.com\/index.php?rest_route=%2Fwp%2Fv2%2Fcategories&post=9550"},{"taxonomy":"post_tag","embeddable":true,"href":"https:\/\/blog.sierranortedeguadalajara.com\/index.php?rest_route=%2Fwp%2Fv2%2Ftags&post=9550"}],"curies":[{"name":"wp","href":"https:\/\/api.w.org\/{rel}","templated":true}]}}