{"id":9520,"date":"2012-05-03T00:05:07","date_gmt":"2012-05-02T22:05:07","guid":{"rendered":"http:\/\/blog.laveredadepuebla.com\/?p=9520"},"modified":"2023-02-10T12:29:53","modified_gmt":"2023-02-10T12:29:53","slug":"el-trabajo-en-bonaval","status":"publish","type":"post","link":"https:\/\/blog.sierranortedeguadalajara.com\/?p=9520","title":{"rendered":"El trabajo en Bonaval"},"content":{"rendered":"<p><a href=\"http:\/\/laveredadepuebla.files.wordpress.com\/2012\/05\/120503-trabajo-bonaval1.jpg\"><img loading=\"lazy\" decoding=\"async\" class=\"alignright size-medium wp-image-9547\" title=\"120503 trabajo Bonaval\" src=\"https:\/\/blog.sierranortedeguadalajara.com\/wp-content\/uploads\/2023\/02\/120503-trabajo-bonaval1.jpg\" alt=\"\" width=\"300\" height=\"225\" \/><\/a>El Cister, <a href=\"http:\/\/blog.laveredadepuebla.com\/2011\/11\/29\/monasterio-de-bonaval-los-origenes\/\">en sus inicios<\/a>, no arrendaba las tierras sino que los monjes las trabajaban directamente; la obligaci\u00f3n de dormir en el Monasterio lo hizo inviable. Los campos m\u00e1s alejados fueron cultivados por conversos (en el<a href=\"http:\/\/www.laveredadepuebla.com\/rutasypueblos\/bonaval.pdf\"><strong><em> Monasterio de Bonaval<\/em><\/strong><\/a> no hay constancia) \u00f3 arrendados a colonos. As\u00ed se menciona en carta de <a href=\"http:\/\/blog.laveredadepuebla.com\/2012\/01\/30\/los-privilegios-de-bonaval\/\"><strong><em>exenci\u00f3n de portazgo<\/em><\/strong><\/a> otorgada por Enrique I en 1.216 y es citado de nuevo en la carta de confirmaci\u00f3n de Fernando III\u00a0 (1.218).<\/p>\n<p>Los monjes solo atend\u00edan la<a href=\"http:\/\/blog.laveredadepuebla.com\/2011\/10\/07\/estudio-del-valle-de-bonaval-2\/\"> huerta y las tierras del coto<\/a> pr\u00f3ximas al cenobio, donde sembraban trigo y centeno. En <strong><em>\u201cla huerta de los monjes\u201d<\/em><\/strong> se cultivaban <a href=\"http:\/\/elhuerto20.wordpress.com\/2011\/02\/26\/manzanos-y-tipos-de-manzanas\/\">manzanas<\/a> (camuesa y <a href=\"http:\/\/www.manzanaesperiega.com\/\">esperiega<\/a>), nueces,<a href=\"http:\/\/dialogoconlatierra.blogspot.com.es\/2011\/08\/las-primeras-peras-bergamotas.html\"> peras bergamotas<\/a>,\u2026 as\u00ed como verduras y hortalizas variadas. A veces, sobre todo en verano, los <a href=\"http:\/\/blog.laveredadepuebla.com\/2012\/05\/02\/como-vivian-los-monjes-en-bonaval\/\">cantos de Nona y Sexta se hac\u00edan en el campo<\/a>.<\/p>\n<p><a href=\"http:\/\/laveredadepuebla.files.wordpress.com\/2012\/05\/120503-trabajo-bonaval-1.jpg\"><img loading=\"lazy\" decoding=\"async\" class=\"alignleft size-thumbnail wp-image-9548\" title=\"120503 trabajo Bonaval 1\" src=\"https:\/\/blog.sierranortedeguadalajara.com\/wp-content\/uploads\/2023\/02\/120503-trabajo-bonaval-1.jpg\" alt=\"\" width=\"150\" height=\"112\" \/><\/a>Aunque en Bonaval \u00a0hubo ganado (cartas de Fernando III de 1.218 y del arzobispo de Toledo D. Sancho, de 1.258 lo atestiguan) no parece que fuera atendido por los monjes. En el inventario de 1.510 no se menciona aunque si el arrendamiento de pastos a los pueblos de <strong><em><a href=\"http:\/\/www.laveredadepuebla.com\/rutasypueblos\/retiendas.pdf\">Retiendas<\/a> y <a href=\"http:\/\/www.laveredadepuebla.com\/rutasypueblos\/valdesotos.pdf\">Valdesotos<\/a><\/em><\/strong>; parece ser que los abades comendatarios vendieron los reba\u00f1os para obtener mayor provecho.<\/p>\n<p>La recolecci\u00f3n de bellotas y verduras silvestres (setas, collejas, esp\u00e1rragos, \u2026) eran parte del trabajo. Al igual que los trabajos de mantenimiento del edificio, dirigidos por el cillerero.<\/p>\n<p><strong><em>Lar-ami<\/em><\/strong><\/p>\n","protected":false},"excerpt":{"rendered":"<p>El Cister, en sus inicios, no arrendaba las tierras sino que los monjes las trabajaban directamente; la obligaci\u00f3n de dormir en el Monasterio lo hizo inviable. Los campos m\u00e1s alejados fueron cultivados por conversos (en el Monasterio de Bonaval no hay constancia) \u00f3 arrendados a colonos. As\u00ed se menciona en carta de exenci\u00f3n de portazgo &hellip; <\/p>\n<p class=\"link-more\"><a href=\"https:\/\/blog.sierranortedeguadalajara.com\/?p=9520\" class=\"more-link\">Seguir leyendo<span class=\"screen-reader-text\"> \u00abEl trabajo en Bonaval\u00bb<\/span><\/a><\/p>\n","protected":false},"author":1,"featured_media":0,"comment_status":"open","ping_status":"open","sticky":false,"template":"","format":"standard","meta":{"footnotes":""},"categories":[3,9],"tags":[45,4,44,5,34,27],"class_list":["post-9520","post","type-post","status-publish","format-standard","hentry","category-costumbres-y-tradiciones","category-rincones-de-la-sierra-norte","tag-bonaval","tag-cultura","tag-edad-media","tag-historia","tag-retiendas","tag-valdesotos","entry"],"_links":{"self":[{"href":"https:\/\/blog.sierranortedeguadalajara.com\/index.php?rest_route=\/wp\/v2\/posts\/9520","targetHints":{"allow":["GET"]}}],"collection":[{"href":"https:\/\/blog.sierranortedeguadalajara.com\/index.php?rest_route=\/wp\/v2\/posts"}],"about":[{"href":"https:\/\/blog.sierranortedeguadalajara.com\/index.php?rest_route=\/wp\/v2\/types\/post"}],"author":[{"embeddable":true,"href":"https:\/\/blog.sierranortedeguadalajara.com\/index.php?rest_route=\/wp\/v2\/users\/1"}],"replies":[{"embeddable":true,"href":"https:\/\/blog.sierranortedeguadalajara.com\/index.php?rest_route=%2Fwp%2Fv2%2Fcomments&post=9520"}],"version-history":[{"count":1,"href":"https:\/\/blog.sierranortedeguadalajara.com\/index.php?rest_route=\/wp\/v2\/posts\/9520\/revisions"}],"predecessor-version":[{"id":30581,"href":"https:\/\/blog.sierranortedeguadalajara.com\/index.php?rest_route=\/wp\/v2\/posts\/9520\/revisions\/30581"}],"wp:attachment":[{"href":"https:\/\/blog.sierranortedeguadalajara.com\/index.php?rest_route=%2Fwp%2Fv2%2Fmedia&parent=9520"}],"wp:term":[{"taxonomy":"category","embeddable":true,"href":"https:\/\/blog.sierranortedeguadalajara.com\/index.php?rest_route=%2Fwp%2Fv2%2Fcategories&post=9520"},{"taxonomy":"post_tag","embeddable":true,"href":"https:\/\/blog.sierranortedeguadalajara.com\/index.php?rest_route=%2Fwp%2Fv2%2Ftags&post=9520"}],"curies":[{"name":"wp","href":"https:\/\/api.w.org\/{rel}","templated":true}]}}