{"id":9368,"date":"2012-04-10T00:05:31","date_gmt":"2012-04-09T22:05:31","guid":{"rendered":"http:\/\/blog.laveredadepuebla.com\/?p=9368"},"modified":"2023-02-10T12:30:06","modified_gmt":"2023-02-10T12:30:06","slug":"viernes-de-pasion","status":"publish","type":"post","link":"https:\/\/blog.sierranortedeguadalajara.com\/?p=9368","title":{"rendered":"Viernes de pasi\u00f3n"},"content":{"rendered":"<p><a href=\"http:\/\/laveredadepuebla.files.wordpress.com\/2012\/04\/120410-viernes-pasion-1.jpg\"><img loading=\"lazy\" decoding=\"async\" class=\"alignleft  wp-image-9369\" title=\"120410 viernes pasion 1\" src=\"https:\/\/blog.sierranortedeguadalajara.com\/wp-content\/uploads\/2023\/02\/120410-viernes-pasion-1.jpg\" alt=\"\" width=\"240\" height=\"180\" \/><\/a>Y no lo decimos porque este viernes 6 de abril de 2.012\u00a0 haya coincidido con la Semana Santa.<\/p>\n<p>En <a href=\"http:\/\/www.laveredadepuebla.com\/rutasypueblos\/pueblavalles.pdf\"><em><strong>Puebla de Valles,<\/strong><\/em><\/a> el d\u00eda amaneci\u00f3 con nevada que dej\u00f3 un manto de unos cinco cent\u00edmetros. La primera del a\u00f1o, poca cosa, pero que supo a gloria despu\u00e9s del<a href=\"http:\/\/blog.laveredadepuebla.com\/2012\/01\/31\/seco-invierno-este\/\"> fr\u00edo y seco invierno<\/a>.<a href=\"http:\/\/laveredadepuebla.files.wordpress.com\/2012\/04\/120410-viernes-pasion-2.jpg\"><img loading=\"lazy\" decoding=\"async\" class=\"alignright  wp-image-9370\" title=\"120410 viernes pasion 2\" src=\"https:\/\/blog.sierranortedeguadalajara.com\/wp-content\/uploads\/2023\/02\/120410-viernes-pasion-2.jpg\" alt=\"\" width=\"240\" height=\"229\" \/><\/a><\/p>\n<p>A media ma\u00f1ana lluvia; <em>chiri-miri<\/em> y a ratos <em>aguacero<\/em>. A la <a href=\"http:\/\/blog.laveredadepuebla.com\/2009\/05\/30\/el-aperitivo\/\"><em><strong>hora del aperitivo<\/strong><\/em><\/a>, granizada intensa con pedriscos como canicas durante\u00a0 media hora y que nos retuvo en el bar hasta las cuatro.<\/p>\n<p>Por la tarde sol, nublos, m\u00e1s lluvia y otra vez granizo, ahora con pedriscos como perdigones. Y todo ello a ratos y de forma descontrolada.\u00a0 As\u00ed el viernes result\u00f3 un d\u00eda apasionante.<\/p>\n<p><strong><em>Lar-ami<\/em><\/strong><\/p>\n","protected":false},"excerpt":{"rendered":"<p>Y no lo decimos porque este viernes 6 de abril de 2.012\u00a0 haya coincidido con la Semana Santa. En Puebla de Valles, el d\u00eda amaneci\u00f3 con nevada que dej\u00f3 un manto de unos cinco cent\u00edmetros. La primera del a\u00f1o, poca cosa, pero que supo a gloria despu\u00e9s del fr\u00edo y seco invierno. A media ma\u00f1ana &hellip; <\/p>\n<p class=\"link-more\"><a href=\"https:\/\/blog.sierranortedeguadalajara.com\/?p=9368\" class=\"more-link\">Seguir leyendo<span class=\"screen-reader-text\"> \u00abViernes de pasi\u00f3n\u00bb<\/span><\/a><\/p>\n","protected":false},"author":1,"featured_media":0,"comment_status":"open","ping_status":"open","sticky":false,"template":"","format":"standard","meta":{"footnotes":""},"categories":[17,9],"tags":[100,7,8],"class_list":["post-9368","post","type-post","status-publish","format-standard","hentry","category-paisajes-y-lugares-de-la-sierra-norte","category-rincones-de-la-sierra-norte","tag-costumbres-y-tradiciones","tag-naturaleza","tag-puebla-de-valles","entry"],"_links":{"self":[{"href":"https:\/\/blog.sierranortedeguadalajara.com\/index.php?rest_route=\/wp\/v2\/posts\/9368","targetHints":{"allow":["GET"]}}],"collection":[{"href":"https:\/\/blog.sierranortedeguadalajara.com\/index.php?rest_route=\/wp\/v2\/posts"}],"about":[{"href":"https:\/\/blog.sierranortedeguadalajara.com\/index.php?rest_route=\/wp\/v2\/types\/post"}],"author":[{"embeddable":true,"href":"https:\/\/blog.sierranortedeguadalajara.com\/index.php?rest_route=\/wp\/v2\/users\/1"}],"replies":[{"embeddable":true,"href":"https:\/\/blog.sierranortedeguadalajara.com\/index.php?rest_route=%2Fwp%2Fv2%2Fcomments&post=9368"}],"version-history":[{"count":1,"href":"https:\/\/blog.sierranortedeguadalajara.com\/index.php?rest_route=\/wp\/v2\/posts\/9368\/revisions"}],"predecessor-version":[{"id":30633,"href":"https:\/\/blog.sierranortedeguadalajara.com\/index.php?rest_route=\/wp\/v2\/posts\/9368\/revisions\/30633"}],"wp:attachment":[{"href":"https:\/\/blog.sierranortedeguadalajara.com\/index.php?rest_route=%2Fwp%2Fv2%2Fmedia&parent=9368"}],"wp:term":[{"taxonomy":"category","embeddable":true,"href":"https:\/\/blog.sierranortedeguadalajara.com\/index.php?rest_route=%2Fwp%2Fv2%2Fcategories&post=9368"},{"taxonomy":"post_tag","embeddable":true,"href":"https:\/\/blog.sierranortedeguadalajara.com\/index.php?rest_route=%2Fwp%2Fv2%2Ftags&post=9368"}],"curies":[{"name":"wp","href":"https:\/\/api.w.org\/{rel}","templated":true}]}}