{"id":9304,"date":"2012-04-12T00:05:53","date_gmt":"2012-04-11T22:05:53","guid":{"rendered":"http:\/\/blog.laveredadepuebla.com\/?p=9304"},"modified":"2023-02-10T12:30:05","modified_gmt":"2023-02-10T12:30:05","slug":"las-minas-de-tamajon-y-retiendas","status":"publish","type":"post","link":"https:\/\/blog.sierranortedeguadalajara.com\/?p=9304","title":{"rendered":"Las minas de Tamaj\u00f3n y Retiendas"},"content":{"rendered":"<p>As\u00ed explica <a href=\"www.biografiasyvidas.com\/biografia\/l\/larruga.htm\"><em><strong>D. Eugenio Larruga<\/strong> <\/em><\/a>el descubrimiento de una mina: <em>\u201cEl 26 de marzo de 1.787 el intendente de Guadalajara comunica a la Junta de Minas que en el t\u00e9rmino de <a href=\"http:\/\/www.laveredadepuebla.com\/rutasypueblos\/tamajon.pdf\">Tamajon<\/a> hay indicios de carb\u00f3n piedra, al parecer abundante. Confi\u00f3 su descubrimiento al regidor de la ciudad D. Juan de Lara y al presb\u00edtero, D Joseph de Miranda, maestro de Chimica en las reales f\u00e1bricas, para que dirigiese las excavaciones.<\/em><\/p>\n<p><em><a href=\"http:\/\/laveredadepuebla.files.wordpress.com\/2012\/04\/120411-minas-tamajon-y-retiendas.jpg\"><img loading=\"lazy\" decoding=\"async\" class=\"alignright size-medium wp-image-9306\" title=\"120411 Minas Tamajon y Retiendas\" src=\"https:\/\/blog.sierranortedeguadalajara.com\/wp-content\/uploads\/2023\/02\/120411-minas-tamajon-y-retiendas.jpg\" alt=\"\" width=\"300\" height=\"225\" \/><\/a>Que hechas 2 excavaciones se encontr\u00f3 piedra de carb\u00f3n. Que desde Tamaj\u00f3n a la Corte hab\u00eda un camino llano y seguro para el tr\u00e1nsito de carretas, que pueden llegar en tres d\u00edas y medio y as\u00ed surtir al p\u00fablico de Madrid sin excesivo coste. El 15 agosto 1780 una c\u00e9dula real concede licencia a D. Juan de Lara para explotar la mina. D Joseph de Miranda hall\u00f3 una mina en un cerro pr\u00f3ximo al <a href=\"http:\/\/www.laveredadepuebla.com\/rutasypueblos\/retiendas.pdf\">camino de Retiendas<\/a>, cortado por el <strong>Barranco del Sordo\u00a0 y el arroyo de la Pradera<\/strong>. Se encontraron 3 vetas que ocupaban la altura del cerro\u201d. <\/em><strong>No hemos\u00a0 localizado el sitio.<\/strong><\/p>\n<p>En la <strong><em>Memoria de la Exposici\u00f3n de 1.827 sobre Productos de la Industria Espa\u00f1ola<\/em><\/strong>, se mencionan\u00a0 <em>\u00ab3 muestras de carb\u00f3n piedra, 3 de material ferruginoso, 1 de mineral de hierro, \u2026. sacadas de las minas de Tamajon, Retiendas, <a href=\"http:\/\/www.laveredadepuebla.com\/rutasypueblos\/bonaval.pdf\">priorato de Bonaval,<\/a> Ayllon y de La Mierla\u00bb.\u00a0<\/em><\/p>\n<p><strong><em><\/em><\/strong><a href=\"http:\/\/blog.laveredadepuebla.com\/2011\/10\/11\/aprovechamiento-de-los-recursos-de-bonaval\/\">En la ladera del arroyo San Andr\u00e9s cercano a Bonaval<\/a>, se intuyen dos oquedades que pueden corresponder a catas en los a\u00f1os cuarenta para\u00a0 la posible extracci\u00f3n de carb\u00f3n, que <a href=\"http:\/\/blog.laveredadepuebla.com\/2012\/03\/08\/d-jose-torija-alonso\/\"><strong><em>D. Jose\u00a0 Torija Alonso<\/em><\/strong><\/a> cita en su <a href=\"http:\/\/www.ih.csic.es\/es\/content\/archivo-espa%C3%B1ol-de-arte\">art\u00edculo de 1.948<\/a>.<\/p>\n<p><strong><em>Lar-ami<\/em><\/strong><\/p>\n","protected":false},"excerpt":{"rendered":"<p>As\u00ed explica D. Eugenio Larruga el descubrimiento de una mina: \u201cEl 26 de marzo de 1.787 el intendente de Guadalajara comunica a la Junta de Minas que en el t\u00e9rmino de Tamajon hay indicios de carb\u00f3n piedra, al parecer abundante. Confi\u00f3 su descubrimiento al regidor de la ciudad D. Juan de Lara y al presb\u00edtero, &hellip; <\/p>\n<p class=\"link-more\"><a href=\"https:\/\/blog.sierranortedeguadalajara.com\/?p=9304\" class=\"more-link\">Seguir leyendo<span class=\"screen-reader-text\"> \u00abLas minas de Tamaj\u00f3n y Retiendas\u00bb<\/span><\/a><\/p>\n","protected":false},"author":1,"featured_media":0,"comment_status":"open","ping_status":"open","sticky":false,"template":"","format":"standard","meta":{"footnotes":""},"categories":[6,17,9],"tags":[45,4,5,34,18,199,50,21,213],"class_list":["post-9304","post","type-post","status-publish","format-standard","hentry","category-mundo-rural","category-paisajes-y-lugares-de-la-sierra-norte","category-rincones-de-la-sierra-norte","tag-bonaval","tag-cultura","tag-historia","tag-retiendas","tag-siglo-xix","tag-siglo-xv","tag-siglo-xvi","tag-tamajon","tag-valdesotos-edad-media","entry"],"_links":{"self":[{"href":"https:\/\/blog.sierranortedeguadalajara.com\/index.php?rest_route=\/wp\/v2\/posts\/9304","targetHints":{"allow":["GET"]}}],"collection":[{"href":"https:\/\/blog.sierranortedeguadalajara.com\/index.php?rest_route=\/wp\/v2\/posts"}],"about":[{"href":"https:\/\/blog.sierranortedeguadalajara.com\/index.php?rest_route=\/wp\/v2\/types\/post"}],"author":[{"embeddable":true,"href":"https:\/\/blog.sierranortedeguadalajara.com\/index.php?rest_route=\/wp\/v2\/users\/1"}],"replies":[{"embeddable":true,"href":"https:\/\/blog.sierranortedeguadalajara.com\/index.php?rest_route=%2Fwp%2Fv2%2Fcomments&post=9304"}],"version-history":[{"count":1,"href":"https:\/\/blog.sierranortedeguadalajara.com\/index.php?rest_route=\/wp\/v2\/posts\/9304\/revisions"}],"predecessor-version":[{"id":30628,"href":"https:\/\/blog.sierranortedeguadalajara.com\/index.php?rest_route=\/wp\/v2\/posts\/9304\/revisions\/30628"}],"wp:attachment":[{"href":"https:\/\/blog.sierranortedeguadalajara.com\/index.php?rest_route=%2Fwp%2Fv2%2Fmedia&parent=9304"}],"wp:term":[{"taxonomy":"category","embeddable":true,"href":"https:\/\/blog.sierranortedeguadalajara.com\/index.php?rest_route=%2Fwp%2Fv2%2Fcategories&post=9304"},{"taxonomy":"post_tag","embeddable":true,"href":"https:\/\/blog.sierranortedeguadalajara.com\/index.php?rest_route=%2Fwp%2Fv2%2Ftags&post=9304"}],"curies":[{"name":"wp","href":"https:\/\/api.w.org\/{rel}","templated":true}]}}