{"id":7975,"date":"2011-10-31T00:04:18","date_gmt":"2011-10-30T22:04:18","guid":{"rendered":"http:\/\/blog.laveredadepuebla.com\/?p=7975"},"modified":"2023-02-10T12:31:20","modified_gmt":"2023-02-10T12:31:20","slug":"las-vagonetas-del-vado","status":"publish","type":"post","link":"https:\/\/blog.sierranortedeguadalajara.com\/?p=7975","title":{"rendered":"Las vagonetas del Vado"},"content":{"rendered":"<p><a href=\"http:\/\/laveredadepuebla.files.wordpress.com\/2011\/10\/111031-vagonetas-12.jpg\"><img loading=\"lazy\" decoding=\"async\" class=\"alignleft size-thumbnail wp-image-7979\" title=\"111031 vagonetas 1\" src=\"https:\/\/blog.sierranortedeguadalajara.com\/wp-content\/uploads\/2023\/02\/111031-vagonetas-12.jpg\" alt=\"\" width=\"150\" height=\"112\" \/><\/a>Durante la <a href=\"http:\/\/blog.laveredadepuebla.com\/2011\/10\/17\/la-polemica-del-vado-ii\/\">construcci\u00f3n del Vado<\/a>, para llevar la piedra desde <a href=\"http:\/\/blog.laveredadepuebla.com\/2011\/10\/24\/la-cantera-del-vado\/\">la cantera<\/a> hasta <a href=\"http:\/\/blog.laveredadepuebla.com\/2009\/08\/22\/la-presa-del-vado\/\">la presa <\/a>se construy\u00f3 un tendido f\u00e9rreo de v\u00eda estrecha, por el que circulaban vagonetas.<\/p>\n<p>La estaci\u00f3n origen se situaba en las misma cantera; los ra\u00edles pasaban junto a la caseta y se dirig\u00edan a la <a href=\"http:\/\/www.laveredadepuebla.com\/rutasypueblos\/cuestanegra.pdf\"><strong><em>cuesta negra<\/em><\/strong><\/a> <em>(se identifica por una caseta en lo alto, el antiguo polvor\u00edn),<\/em> que salvaba mediante un t\u00fanel. Luego segu\u00eda de frente, salvando unas rocas por un peque\u00f1o desfiladero tallado y terminaba \u00a0en medio del pinar, justo cuando el desnivel del terreno hac\u00eda imposible su continuidad.<a href=\"http:\/\/laveredadepuebla.files.wordpress.com\/2011\/10\/111031-vagonetas-21.jpg\"><img loading=\"lazy\" decoding=\"async\" class=\"alignright size-medium wp-image-7985\" title=\"111031 vagonetas 2\" src=\"https:\/\/blog.sierranortedeguadalajara.com\/wp-content\/uploads\/2023\/02\/111031-vagonetas-21.jpg\" alt=\"\" width=\"300\" height=\"225\" \/><\/a><\/p>\n<p>Esta estaci\u00f3n coincid\u00eda con una estructura de hormig\u00f3n, de 15 metros de altura, que mira a otra similar en la presa. Entre ambas, dos cables de acero, capaces de soportar las vagonetas que circulaban colgadas al aire. Por la derecha, cargadas de piedra, por la izquierda regresaban vac\u00edas. <strong><em>\u00a1Un telef\u00e9rico en mitad del pinar, con m\u00e1s de 1,5 kil\u00f3metro!<\/em><\/strong><\/p>\n<p>El camino de servicio transcurr\u00eda paralelo a los ra\u00edles: es el <a href=\"http:\/\/www.casadellibro.com\/libro-veredas-y-caminos-de-la-ribera-36-rutas-por-los-valles-del-jaram-a-y-del-sorbe-a-su-paso-por-guadalajara\/1215165\/2900001271527\"><strong><em>\u201ccamino de las vagonetas\u201d<\/em><\/strong><\/a>, ruta de senderismo ya documentada en la gu\u00eda de<a href=\"http:\/\/www.laveredadepuebla.com\/rutasypueblos.htm\"> <strong><em>La Ribera<\/em><\/strong><\/a>. Una cuadrilla de trabajadores atend\u00eda el servicio y daba mantenimiento a estas infraestructuras. Se alojaban en unas casitas de pizarra, a pocos metros de la estaci\u00f3n a\u00e9rea. \u00a0Hoy las instalaciones est\u00e1n abandonadas.\u00a0<strong><em><\/em><\/strong><\/p>\n<p><strong><em>Lar-ami<\/em><\/strong><\/p>\n","protected":false},"excerpt":{"rendered":"<p>Durante la construcci\u00f3n del Vado, para llevar la piedra desde la cantera hasta la presa se construy\u00f3 un tendido f\u00e9rreo de v\u00eda estrecha, por el que circulaban vagonetas. La estaci\u00f3n origen se situaba en las misma cantera; los ra\u00edles pasaban junto a la caseta y se dirig\u00edan a la cuesta negra (se identifica por una &hellip; <\/p>\n<p class=\"link-more\"><a href=\"https:\/\/blog.sierranortedeguadalajara.com\/?p=7975\" class=\"more-link\">Seguir leyendo<span class=\"screen-reader-text\"> \u00abLas vagonetas del Vado\u00bb<\/span><\/a><\/p>\n","protected":false},"author":1,"featured_media":0,"comment_status":"open","ping_status":"open","sticky":false,"template":"","format":"standard","meta":{"footnotes":""},"categories":[17,9],"tags":[4,26,5,145,7,19],"class_list":["post-7975","post","type-post","status-publish","format-standard","hentry","category-paisajes-y-lugares-de-la-sierra-norte","category-rincones-de-la-sierra-norte","tag-cultura","tag-el-vado","tag-historia","tag-la-ribera","tag-naturaleza","tag-siglo-xx","entry"],"_links":{"self":[{"href":"https:\/\/blog.sierranortedeguadalajara.com\/index.php?rest_route=\/wp\/v2\/posts\/7975","targetHints":{"allow":["GET"]}}],"collection":[{"href":"https:\/\/blog.sierranortedeguadalajara.com\/index.php?rest_route=\/wp\/v2\/posts"}],"about":[{"href":"https:\/\/blog.sierranortedeguadalajara.com\/index.php?rest_route=\/wp\/v2\/types\/post"}],"author":[{"embeddable":true,"href":"https:\/\/blog.sierranortedeguadalajara.com\/index.php?rest_route=\/wp\/v2\/users\/1"}],"replies":[{"embeddable":true,"href":"https:\/\/blog.sierranortedeguadalajara.com\/index.php?rest_route=%2Fwp%2Fv2%2Fcomments&post=7975"}],"version-history":[{"count":1,"href":"https:\/\/blog.sierranortedeguadalajara.com\/index.php?rest_route=\/wp\/v2\/posts\/7975\/revisions"}],"predecessor-version":[{"id":30971,"href":"https:\/\/blog.sierranortedeguadalajara.com\/index.php?rest_route=\/wp\/v2\/posts\/7975\/revisions\/30971"}],"wp:attachment":[{"href":"https:\/\/blog.sierranortedeguadalajara.com\/index.php?rest_route=%2Fwp%2Fv2%2Fmedia&parent=7975"}],"wp:term":[{"taxonomy":"category","embeddable":true,"href":"https:\/\/blog.sierranortedeguadalajara.com\/index.php?rest_route=%2Fwp%2Fv2%2Fcategories&post=7975"},{"taxonomy":"post_tag","embeddable":true,"href":"https:\/\/blog.sierranortedeguadalajara.com\/index.php?rest_route=%2Fwp%2Fv2%2Ftags&post=7975"}],"curies":[{"name":"wp","href":"https:\/\/api.w.org\/{rel}","templated":true}]}}