{"id":7961,"date":"2011-10-28T00:05:16","date_gmt":"2011-10-27T22:05:16","guid":{"rendered":"http:\/\/blog.laveredadepuebla.com\/?p=7961"},"modified":"2023-02-10T12:31:21","modified_gmt":"2023-02-10T12:31:21","slug":"primeras-lluvias-de-otono","status":"publish","type":"post","link":"https:\/\/blog.sierranortedeguadalajara.com\/?p=7961","title":{"rendered":"Primeras lluvias de oto\u00f1o"},"content":{"rendered":"<p><em><strong><a href=\"http:\/\/laveredadepuebla.files.wordpress.com\/2011\/10\/111028-primeras-lluvias-1.jpg\"><img loading=\"lazy\" decoding=\"async\" class=\"alignleft size-medium wp-image-7964\" title=\"111028 primeras lluvias 1\" src=\"https:\/\/blog.sierranortedeguadalajara.com\/wp-content\/uploads\/2023\/02\/111028-primeras-lluvias-1.jpg\" alt=\"\" width=\"180\" height=\"135\" \/><\/a>\u00a1Por fin lleg\u00f3 la lluvia a <a href=\"http:\/\/www.laveredadepuebla.com\/rutasypueblos.htm\">La Ribera<\/a>!<\/strong><\/em> El 22 de octubre, s\u00e1bado, cayeron las primeras aguas de este oto\u00f1o seco. En la misma semana hemos tenido severas heladas que se han cargado lo que quedaba de<a href=\"http:\/\/blog.laveredadepuebla.com\/2009\/07\/23\/los-huertos\"> huertos<\/a> <em>(aqu\u00ed a\u00fan est\u00e1bamos comiendo tomates, pimientos, berenjenas, melones, \u2026)<\/em> y frutales <em>(manzanas, membrillos,&#8230;)<a href=\"http:\/\/laveredadepuebla.files.wordpress.com\/2011\/10\/111028-primeras-lluvias-2.jpg\"><img loading=\"lazy\" decoding=\"async\" class=\"alignright size-medium wp-image-7965\" title=\"111028 primeras lluvias 2\" src=\"https:\/\/blog.sierranortedeguadalajara.com\/wp-content\/uploads\/2023\/02\/111028-primeras-lluvias-2.jpg\" alt=\"\" width=\"300\" height=\"225\" \/><\/a><\/em><\/p>\n<p>Algunos creen que el oto\u00f1o puede enderezarse:\u00a0 si continua lloviendo, todav\u00eda hay tiempo para que salgan setas y n\u00edscalos. Otros dicen que el fr\u00edo no les dejar\u00e1 salir. Pero lo cierto es que deber\u00e1 caer mucha agua para que en los campos veamos <a href=\"http:\/\/blog.laveredadepuebla.com\/2011\/10\/26\/sinfonia-de-colores\">algo m\u00e1s que color<\/a>.<\/p>\n<p>Las fotos tomadas ese d\u00eda reafirman este comentario. Y si no observen. <strong><em>\u00a0<\/em><\/strong><\/p>\n<p><strong><em>Lar-ami<\/em><\/strong><\/p>\n","protected":false},"excerpt":{"rendered":"<p>\u00a1Por fin lleg\u00f3 la lluvia a La Ribera! El 22 de octubre, s\u00e1bado, cayeron las primeras aguas de este oto\u00f1o seco. En la misma semana hemos tenido severas heladas que se han cargado lo que quedaba de huertos (aqu\u00ed a\u00fan est\u00e1bamos comiendo tomates, pimientos, berenjenas, melones, \u2026) y frutales (manzanas, membrillos,&#8230;) Algunos creen que el &hellip; <\/p>\n<p class=\"link-more\"><a href=\"https:\/\/blog.sierranortedeguadalajara.com\/?p=7961\" class=\"more-link\">Seguir leyendo<span class=\"screen-reader-text\"> \u00abPrimeras lluvias de oto\u00f1o\u00bb<\/span><\/a><\/p>\n","protected":false},"author":1,"featured_media":0,"comment_status":"open","ping_status":"open","sticky":false,"template":"","format":"standard","meta":{"footnotes":""},"categories":[12,6,9],"tags":[100,4,145,7],"class_list":["post-7961","post","type-post","status-publish","format-standard","hentry","category-actualidad","category-mundo-rural","category-rincones-de-la-sierra-norte","tag-costumbres-y-tradiciones","tag-cultura","tag-la-ribera","tag-naturaleza","entry"],"_links":{"self":[{"href":"https:\/\/blog.sierranortedeguadalajara.com\/index.php?rest_route=\/wp\/v2\/posts\/7961","targetHints":{"allow":["GET"]}}],"collection":[{"href":"https:\/\/blog.sierranortedeguadalajara.com\/index.php?rest_route=\/wp\/v2\/posts"}],"about":[{"href":"https:\/\/blog.sierranortedeguadalajara.com\/index.php?rest_route=\/wp\/v2\/types\/post"}],"author":[{"embeddable":true,"href":"https:\/\/blog.sierranortedeguadalajara.com\/index.php?rest_route=\/wp\/v2\/users\/1"}],"replies":[{"embeddable":true,"href":"https:\/\/blog.sierranortedeguadalajara.com\/index.php?rest_route=%2Fwp%2Fv2%2Fcomments&post=7961"}],"version-history":[{"count":1,"href":"https:\/\/blog.sierranortedeguadalajara.com\/index.php?rest_route=\/wp\/v2\/posts\/7961\/revisions"}],"predecessor-version":[{"id":30974,"href":"https:\/\/blog.sierranortedeguadalajara.com\/index.php?rest_route=\/wp\/v2\/posts\/7961\/revisions\/30974"}],"wp:attachment":[{"href":"https:\/\/blog.sierranortedeguadalajara.com\/index.php?rest_route=%2Fwp%2Fv2%2Fmedia&parent=7961"}],"wp:term":[{"taxonomy":"category","embeddable":true,"href":"https:\/\/blog.sierranortedeguadalajara.com\/index.php?rest_route=%2Fwp%2Fv2%2Fcategories&post=7961"},{"taxonomy":"post_tag","embeddable":true,"href":"https:\/\/blog.sierranortedeguadalajara.com\/index.php?rest_route=%2Fwp%2Fv2%2Ftags&post=7961"}],"curies":[{"name":"wp","href":"https:\/\/api.w.org\/{rel}","templated":true}]}}