{"id":7921,"date":"2011-11-01T00:05:48","date_gmt":"2011-10-31T22:05:48","guid":{"rendered":"http:\/\/blog.laveredadepuebla.com\/?p=7921"},"modified":"2023-02-10T12:31:20","modified_gmt":"2023-02-10T12:31:20","slug":"pleitos-de-tamajon-con-la-mesta","status":"publish","type":"post","link":"https:\/\/blog.sierranortedeguadalajara.com\/?p=7921","title":{"rendered":"Pleitos de Tamaj\u00f3n con La Mesta"},"content":{"rendered":"<p><a href=\"http:\/\/laveredadepuebla.files.wordpress.com\/2011\/10\/111101-mesta-tamajon.jpg\"><img loading=\"lazy\" decoding=\"async\" class=\"alignright size-medium wp-image-7924\" title=\"111101 Mesta Tamajon\" src=\"https:\/\/blog.sierranortedeguadalajara.com\/wp-content\/uploads\/2023\/02\/111101-mesta-tamajon.jpg\" alt=\"\" width=\"240\" height=\"180\" \/><\/a>Aunque hubo algunas industrias <em>(<\/em><strong><em><a href=\"http:\/\/blog.laveredadepuebla.com\/2011\/03\/04\/el-sayal-de-belena\/\">curtido<\/a> <\/em><\/strong><em>en Las Tener\u00edas, junto a la <\/em><a href=\"http:\/\/www.laveredadepuebla.com\/rutasypueblos\/cuestanegra.pdf\"><strong><em>fuente g\u00f3tica<\/em><\/strong><\/a><em> y un <\/em><strong><em>taller de tintes<\/em><\/strong><em> del que Do\u00f1a Juana de Valencia dona la mitad a su sobrina Beatriz en 1.516<\/em>) la econom\u00eda de <strong><em><a href=\"http:\/\/www.laveredadepuebla.com\/rutasypueblos\/tamajon.pdf\">Tamaj\u00f3n<\/a> <\/em><\/strong>\u00a0se sustentaba en su gran caba\u00f1a ganadera, al amparo de la <a href=\"http:\/\/blog.laveredadepuebla.com\/2011\/10\/25\/la-exencion-de-portazgo-de-tamajon\/\"><strong><em>exenci\u00f3n de portazgo<\/em><\/strong><\/a>.<\/p>\n<p><a href=\"http:\/\/blog.laveredadepuebla.com\/2011\/09\/23\/el-senorio-de-Tamajon-los-inicios\/\">El <\/a><strong><em><a href=\"http:\/\/blog.laveredadepuebla.com\/2011\/09\/23\/el-senorio-de-Tamajon-los-inicios\/\">Se\u00f1or de la villa<\/a> <\/em><\/strong>\u00a0era el propietario de la mayor\u00eda de los reba\u00f1os y manten\u00eda una legi\u00f3n mayorales, rabadanes, pastores y zagales que defend\u00edan sus intereses con furor <em>(formaban un grupo de privilegiados).<\/em> Los pleitos con <a href=\"http:\/\/www.nuevoportal.com\/andando\/mesta.html\"><strong><em>La Mesta <\/em><\/strong><\/a>fueron frecuentes; destacamos estos:<\/p>\n<ul>\n<li>1.489-X-4 : Sentencia que ordena a Nicolas de Valencia, portazguero de <strong><em>Tamajon<\/em><\/strong> que permita el libre paso del ganado de la Mesta.<\/li>\n<li>1.582: Pleito porque los alcaldes de la villa penalizan con 60 maraved\u00edes por d\u00eda y 120 por noche cuando los ganados salen de la ca\u00f1ada y entran en los pastos.\u00a0 La sentencia establece que <strong><em>Tamajon <\/em><\/strong>cubre las costas, devuelve lo cobrado y paga una multa de 60 maraved\u00edes por cada d\u00eda.<\/li>\n<li><a href=\"http:\/\/blog.laveredadepuebla.com\/2011\/10\/03\/el-senorio-de-tamajon-en-el-renacimiento\/\">1.582<\/a><strong><em>: La Mesta<\/em><\/strong> pleitea con el concejo por roturar el <strong><em>\u201cEL ABADIAL\u201d<\/em><\/strong> que es de pastos. La\u00a0 sentencia dicta que dejen de pastos 8 fanegas y les impone una multa.\u00a0 Roturado de los lugares <strong><em>\u201cLA HOZ y LA TEJERA\u201d,<\/em><\/strong> propiedad de <strong><em>La Mesta; <\/em><\/strong>los jueces ordenan que vuelvan a pastos y condenan a <strong><em>Tamaj\u00f3n<\/em><\/strong> a 10.000 maraved\u00edes.<\/li>\n<\/ul>\n<p>Desconocemos si esta sentencia ejemplar provoc\u00f3 el fin de estos pleitos, pero no hemos hallado ninguno de fecha posterior.<\/p>\n<p><strong><em>Lar-ami<\/em><\/strong><\/p>\n","protected":false},"excerpt":{"rendered":"<p>Aunque hubo algunas industrias (curtido en Las Tener\u00edas, junto a la fuente g\u00f3tica y un taller de tintes del que Do\u00f1a Juana de Valencia dona la mitad a su sobrina Beatriz en 1.516) la econom\u00eda de Tamaj\u00f3n \u00a0se sustentaba en su gran caba\u00f1a ganadera, al amparo de la exenci\u00f3n de portazgo. El Se\u00f1or de la &hellip; <\/p>\n<p class=\"link-more\"><a href=\"https:\/\/blog.sierranortedeguadalajara.com\/?p=7921\" class=\"more-link\">Seguir leyendo<span class=\"screen-reader-text\"> \u00abPleitos de Tamaj\u00f3n con La Mesta\u00bb<\/span><\/a><\/p>\n","protected":false},"author":1,"featured_media":0,"comment_status":"open","ping_status":"open","sticky":false,"template":"","format":"standard","meta":{"footnotes":""},"categories":[15],"tags":[100,4,44,5,50,21],"class_list":["post-7921","post","type-post","status-publish","format-standard","hentry","category-rincones-de-guadalajara","tag-costumbres-y-tradiciones","tag-cultura","tag-edad-media","tag-historia","tag-siglo-xvi","tag-tamajon","entry"],"_links":{"self":[{"href":"https:\/\/blog.sierranortedeguadalajara.com\/index.php?rest_route=\/wp\/v2\/posts\/7921","targetHints":{"allow":["GET"]}}],"collection":[{"href":"https:\/\/blog.sierranortedeguadalajara.com\/index.php?rest_route=\/wp\/v2\/posts"}],"about":[{"href":"https:\/\/blog.sierranortedeguadalajara.com\/index.php?rest_route=\/wp\/v2\/types\/post"}],"author":[{"embeddable":true,"href":"https:\/\/blog.sierranortedeguadalajara.com\/index.php?rest_route=\/wp\/v2\/users\/1"}],"replies":[{"embeddable":true,"href":"https:\/\/blog.sierranortedeguadalajara.com\/index.php?rest_route=%2Fwp%2Fv2%2Fcomments&post=7921"}],"version-history":[{"count":1,"href":"https:\/\/blog.sierranortedeguadalajara.com\/index.php?rest_route=\/wp\/v2\/posts\/7921\/revisions"}],"predecessor-version":[{"id":30968,"href":"https:\/\/blog.sierranortedeguadalajara.com\/index.php?rest_route=\/wp\/v2\/posts\/7921\/revisions\/30968"}],"wp:attachment":[{"href":"https:\/\/blog.sierranortedeguadalajara.com\/index.php?rest_route=%2Fwp%2Fv2%2Fmedia&parent=7921"}],"wp:term":[{"taxonomy":"category","embeddable":true,"href":"https:\/\/blog.sierranortedeguadalajara.com\/index.php?rest_route=%2Fwp%2Fv2%2Fcategories&post=7921"},{"taxonomy":"post_tag","embeddable":true,"href":"https:\/\/blog.sierranortedeguadalajara.com\/index.php?rest_route=%2Fwp%2Fv2%2Ftags&post=7921"}],"curies":[{"name":"wp","href":"https:\/\/api.w.org\/{rel}","templated":true}]}}