{"id":7674,"date":"2011-09-26T00:05:09","date_gmt":"2011-09-25T22:05:09","guid":{"rendered":"http:\/\/blog.laveredadepuebla.com\/?p=7674"},"modified":"2023-02-10T12:31:38","modified_gmt":"2023-02-10T12:31:38","slug":"senorio-de-tamajon-de-como-llego-a-d-inigo-lopez-de-orozco","status":"publish","type":"post","link":"https:\/\/blog.sierranortedeguadalajara.com\/?p=7674","title":{"rendered":"Se\u00f1or\u00edo de Tamaj\u00f3n: de c\u00f3mo lleg\u00f3 a D. I\u00f1igo L\u00f3pez de Orozco"},"content":{"rendered":"<p>La petici\u00f3n de <a href=\"http:\/\/es.wikipedia.org\/wiki\/Mar%C3%ADa_de_Portugal_%281313-1357%29\"><em><strong>Mar\u00eda de Portugal<\/strong><\/em><\/a>\u00a0 a <a href=\"http:\/\/www.galeon.com\/medieval5\/pedroI.htm\"><strong><em>Pedro I<\/em><\/strong><\/a>, se cita como anterior a la carta (1.366), pero no se precisa fecha ni circunstancias en que el <a href=\"http:\/\/blog.laveredadepuebla.com\/2011\/09\/23\/el-senorio-de-Tamajon-los-inicios\/%20\"><strong><em>Se\u00f1or\u00edo de Tamaj\u00f3n<\/em><\/strong><\/a> pas\u00f3 a <strong><em>D. I\u00f1igo L\u00f3pez de Orozco.<\/em><\/strong>Tres hip\u00f3tesis:<\/p>\n<figure id=\"attachment_7677\" aria-describedby=\"caption-attachment-7677\" style=\"width: 240px\" class=\"wp-caption alignright\"><a href=\"http:\/\/laveredadepuebla.files.wordpress.com\/2011\/09\/110926-ii-sec3b1orio-tamajon.jpg\"><img loading=\"lazy\" decoding=\"async\" class=\"size-medium wp-image-7677 \" title=\"110926 II se\u00f1orio Tamajon\" src=\"https:\/\/blog.sierranortedeguadalajara.com\/wp-content\/uploads\/2023\/02\/110926-ii-sec3b1orio-tamajon.jpg\" alt=\"\" width=\"240\" height=\"232\" \/><\/a><figcaption id=\"caption-attachment-7677\" class=\"wp-caption-text\">Pedro I en la dobla de oro<\/figcaption><\/figure>\n<ul>\n<li>A la muerte de <strong><em>Do\u00f1a Mar\u00eda Fern\u00e1ndez Coronel<\/em><\/strong>, el <strong><em>Se\u00f1or\u00edo<\/em><\/strong> pasar\u00eda a su nieto D. Alonso que tambi\u00e9n era <em>Se\u00f1or de Torija<\/em>. Particip\u00f3 en la batalla del Salado con Alfonso XI y Pedro I le nombr\u00f3 <em>Se\u00f1or de Aguilar de la Frontera<\/em>. \u00a0Poco despu\u00e9s se pas\u00f3 al bando de los Trastamara y se levant\u00f3 en armas contra el rey. Pedro I\u00a0 cerc\u00f3 Aguilar \u00a0en 1.352 y la tom\u00f3 el 2 de febrero del a\u00f1o siguiente. \u00a0<a href=\"http:\/\/es.wikipedia.org\/wiki\/Alfonso_Fern%C3%A1ndez_Coronel\"><strong><em>D. Alonso Fern\u00e1ndez de Coronel<\/em><\/strong> <\/a>\u00a0fue ejecutado\u00a0 y perdi\u00f3 todas sus posesiones. El <em>Se\u00f1or\u00edo de Torija<\/em> pas\u00f3 a <a href=\"http:\/\/www.ucm.es\/BUCM\/revistas\/ghi\/02143038\/articulos\/ELEM0606110053A.PDF\"><strong><em>D. I\u00f1igo L\u00f3pez de Orozco <\/em><\/strong><\/a>\u00a0y quiz\u00e1s pas\u00f3 lo mismo con Tamaj\u00f3n.<\/li>\n<\/ul>\n<ul>\n<li>Do\u00f1a Mar\u00eda estuvo casada con D. Garc\u00eda Su\u00e1rez, miembro de la poderosa <strong><em>familia Meneses<\/em><\/strong> (<em>la reina Do\u00f1a Mar\u00eda de Molina, esposa de Alfonso XI pertenec\u00eda a ella)<\/em>.\u00a0 D. I\u00f1igo L\u00f3pez de Orozco se cas\u00f3 con otra Meneses, Do\u00f1a Marina, que bien pudo aportar el <strong><em>Se\u00f1or\u00edo de Tamaj\u00f3n<\/em><\/strong> en su dote.<\/li>\n<\/ul>\n<ul>\n<li>Otra posibilidad es que, a la muerte de <strong><em>Do\u00f1a Mar\u00eda<\/em><\/strong>, <a href=\"http:\/\/www.laveredadepuebla.com\/rutasypueblos\/tamajon.pdf\">Tamaj\u00f3n<\/a> volviera a la casa del rey y se mantuviera en ella hasta que pas\u00f3 a D. I\u00f1igo, ferviente defensor de la causa de Pedro I, que bien pudo cederle el Se\u00f1or\u00edo.<\/li>\n<\/ul>\n<p><strong><em>Lar-ami<\/em><\/strong><\/p>\n","protected":false},"excerpt":{"rendered":"<p>La petici\u00f3n de Mar\u00eda de Portugal\u00a0 a Pedro I, se cita como anterior a la carta (1.366), pero no se precisa fecha ni circunstancias en que el Se\u00f1or\u00edo de Tamaj\u00f3n pas\u00f3 a D. I\u00f1igo L\u00f3pez de Orozco.Tres hip\u00f3tesis: A la muerte de Do\u00f1a Mar\u00eda Fern\u00e1ndez Coronel, el Se\u00f1or\u00edo pasar\u00eda a su nieto D. Alonso que &hellip; <\/p>\n<p class=\"link-more\"><a href=\"https:\/\/blog.sierranortedeguadalajara.com\/?p=7674\" class=\"more-link\">Seguir leyendo<span class=\"screen-reader-text\"> \u00abSe\u00f1or\u00edo de Tamaj\u00f3n: de c\u00f3mo lleg\u00f3 a D. I\u00f1igo L\u00f3pez de Orozco\u00bb<\/span><\/a><\/p>\n","protected":false},"author":1,"featured_media":0,"comment_status":"open","ping_status":"open","sticky":false,"template":"","format":"standard","meta":{"footnotes":""},"categories":[9],"tags":[4,44,5,198,21],"class_list":["post-7674","post","type-post","status-publish","format-standard","hentry","category-rincones-de-la-sierra-norte","tag-cultura","tag-edad-media","tag-historia","tag-siglo-xiv","tag-tamajon","entry"],"_links":{"self":[{"href":"https:\/\/blog.sierranortedeguadalajara.com\/index.php?rest_route=\/wp\/v2\/posts\/7674","targetHints":{"allow":["GET"]}}],"collection":[{"href":"https:\/\/blog.sierranortedeguadalajara.com\/index.php?rest_route=\/wp\/v2\/posts"}],"about":[{"href":"https:\/\/blog.sierranortedeguadalajara.com\/index.php?rest_route=\/wp\/v2\/types\/post"}],"author":[{"embeddable":true,"href":"https:\/\/blog.sierranortedeguadalajara.com\/index.php?rest_route=\/wp\/v2\/users\/1"}],"replies":[{"embeddable":true,"href":"https:\/\/blog.sierranortedeguadalajara.com\/index.php?rest_route=%2Fwp%2Fv2%2Fcomments&post=7674"}],"version-history":[{"count":1,"href":"https:\/\/blog.sierranortedeguadalajara.com\/index.php?rest_route=\/wp\/v2\/posts\/7674\/revisions"}],"predecessor-version":[{"id":31046,"href":"https:\/\/blog.sierranortedeguadalajara.com\/index.php?rest_route=\/wp\/v2\/posts\/7674\/revisions\/31046"}],"wp:attachment":[{"href":"https:\/\/blog.sierranortedeguadalajara.com\/index.php?rest_route=%2Fwp%2Fv2%2Fmedia&parent=7674"}],"wp:term":[{"taxonomy":"category","embeddable":true,"href":"https:\/\/blog.sierranortedeguadalajara.com\/index.php?rest_route=%2Fwp%2Fv2%2Fcategories&post=7674"},{"taxonomy":"post_tag","embeddable":true,"href":"https:\/\/blog.sierranortedeguadalajara.com\/index.php?rest_route=%2Fwp%2Fv2%2Ftags&post=7674"}],"curies":[{"name":"wp","href":"https:\/\/api.w.org\/{rel}","templated":true}]}}