{"id":7664,"date":"2011-09-23T00:05:48","date_gmt":"2011-09-22T22:05:48","guid":{"rendered":"http:\/\/blog.laveredadepuebla.com\/?p=7664"},"modified":"2023-02-10T12:31:39","modified_gmt":"2023-02-10T12:31:39","slug":"el-senorio-de-tamajon-los-inicios","status":"publish","type":"post","link":"https:\/\/blog.sierranortedeguadalajara.com\/?p=7664","title":{"rendered":"El se\u00f1or\u00edo de Tamaj\u00f3n: los inicios"},"content":{"rendered":"<p>El <a href=\"http:\/\/blog.laveredadepuebla.com\/2011\/09\/15\/el-doctor-jurado-serrano-2\/\">doctor Jurado Serrano<\/a> en <em>\u201c<strong><a href=\"http:\/\/www.laveredadepuebla.com\/rutasypueblos\/tamajon.pdf\">TAMAJON <\/a>EN SU HISTORIA\u201d<\/strong><\/em>\u00a0 dedica un cap\u00edtulo a este Se\u00f1or\u00edo que naci\u00f3 a finales del siglo XIII, desgajado del<a href=\"http:\/\/blog.laveredadepuebla.com\/2009\/10\/05\/comunes-en-la-ribera-de-villa-y-tierra\/\"> <strong><em>Com\u00fan de las Tierras de Ayll\u00f3n<\/em><\/strong><\/a>. En esta \u00e9poca era habitual que el rey conformara un territorio para compensar a un fiel vasallo (<a href=\"http:\/\/belenadesorbe.castillalamancha.es\/LA%20URRACA%206.pdf\"><strong><em>el caso de Bele\u00f1a<\/em><\/strong><\/a>)\u00a0 y\/o\u00a0 donar a un infante(a).<\/p>\n<figure id=\"attachment_7665\" aria-describedby=\"caption-attachment-7665\" style=\"width: 158px\" class=\"wp-caption alignright\"><a href=\"http:\/\/laveredadepuebla.files.wordpress.com\/2011\/09\/110923-i-sec3b1orio-1.jpg\"><img loading=\"lazy\" decoding=\"async\" class=\"size-medium wp-image-7665 \" title=\"110923 I se\u00f1orio 1\" src=\"https:\/\/blog.sierranortedeguadalajara.com\/wp-content\/uploads\/2023\/02\/110923-i-sec3b1orio-1.jpg\" alt=\"\" width=\"158\" height=\"210\" \/><\/a><figcaption id=\"caption-attachment-7665\" class=\"wp-caption-text\">Portada pergamino Pedro I<\/figcaption><\/figure>\n<p><a href=\"http:\/\/ateneodecordoba.com\/index.php\/Sancho_IV_de_Castilla_y_Le%C3%B3n\">Sancho IV <\/a>en carta del <strong><em>10 de marzo de 1.289<\/em><\/strong> otorga la exenci\u00f3n de portazgo<strong><em> \u201c\u2026\u00a0 por ruego de la rreyna Donna Maria, mi muger, et por fazer merced a los de Tamai\u00f3n, vasallos de la Infanta donna Isabel, mi fija, \u2026\u201d<\/em><\/strong>, donde se menciona que\u00a0 la villa depend\u00eda de la infanta.<\/p>\n<p><a href=\"http:\/\/www.mcnbiografias.com\/app-bio\/do\/show?key=fernando-iv-rey-de-castilla-y-leon\">Fernando IV <\/a>la ratifica en Valladolid el <strong><em>27 de marzo de 1.305<\/em><\/strong> y recoge la donaci\u00f3n que la infanta hace del <strong><em>Se\u00f1or\u00edo de Tamaj\u00f3n<\/em><\/strong> a su aya a <strong><em>Do\u00f1a Mar\u00eda Fern\u00e1ndez\u00a0 Coronel,<\/em><\/strong> fundadora del convento de <a href=\"http:\/\/es.wikipedia.org\/wiki\/Convento_de_Santa_Clara_%28Guadalajara%29\">Santa Clara en Guadalajara<\/a>, donde muere en 1.309. \u00a0Ambos escritos, est\u00e1n recogidos en un pergamino de <strong><em>Pedro I<\/em><\/strong> el Cruel, fechado en Valladolid el 28 de septiembre de 1.351.<\/p>\n<figure id=\"attachment_7666\" aria-describedby=\"caption-attachment-7666\" style=\"width: 150px\" class=\"wp-caption alignleft\"><a href=\"http:\/\/laveredadepuebla.files.wordpress.com\/2011\/09\/110923-i-sec3b1orio-2.jpg\"><img loading=\"lazy\" decoding=\"async\" class=\"size-thumbnail wp-image-7666 \" title=\"110923 I Se\u00f1orio 2\" src=\"https:\/\/blog.sierranortedeguadalajara.com\/wp-content\/uploads\/2023\/02\/110923-i-sec3b1orio-2.jpg\" alt=\"\" width=\"150\" height=\"112\" \/><\/a><figcaption id=\"caption-attachment-7666\" class=\"wp-caption-text\">Firma del escribano<\/figcaption><\/figure>\n<p>No hay m\u00e1s datos hasta 1.366, cuando una carta de<a href=\"http:\/\/www.galeon.com\/medieval5\/pedroI.htm\"> <strong><em>Pedro I <\/em><\/strong><\/a>recoge la petici\u00f3n de su madre, Do\u00f1a Mar\u00eda de Portugal, al alcalde de Ayll\u00f3n para que dicte sentencia entre esta villa y <strong><em>D. I\u00f1igo L\u00f3pez de Orozco<\/em><\/strong>, Se\u00f1or de Tamaj\u00f3n,\u00a0 Pero esto lo contaremos ma\u00f1ana.<\/p>\n<p><strong><em>Lar-ami<\/em><\/strong><\/p>\n","protected":false},"excerpt":{"rendered":"<p>El doctor Jurado Serrano en \u201cTAMAJON EN SU HISTORIA\u201d\u00a0 dedica un cap\u00edtulo a este Se\u00f1or\u00edo que naci\u00f3 a finales del siglo XIII, desgajado del Com\u00fan de las Tierras de Ayll\u00f3n. En esta \u00e9poca era habitual que el rey conformara un territorio para compensar a un fiel vasallo (el caso de Bele\u00f1a)\u00a0 y\/o\u00a0 donar a un &hellip; <\/p>\n<p class=\"link-more\"><a href=\"https:\/\/blog.sierranortedeguadalajara.com\/?p=7664\" class=\"more-link\">Seguir leyendo<span class=\"screen-reader-text\"> \u00abEl se\u00f1or\u00edo de Tamaj\u00f3n: los inicios\u00bb<\/span><\/a><\/p>\n","protected":false},"author":1,"featured_media":0,"comment_status":"open","ping_status":"open","sticky":false,"template":"","format":"standard","meta":{"footnotes":""},"categories":[9],"tags":[47,4,44,5,21],"class_list":["post-7664","post","type-post","status-publish","format-standard","hentry","category-rincones-de-la-sierra-norte","tag-belena","tag-cultura","tag-edad-media","tag-historia","tag-tamajon","entry"],"_links":{"self":[{"href":"https:\/\/blog.sierranortedeguadalajara.com\/index.php?rest_route=\/wp\/v2\/posts\/7664","targetHints":{"allow":["GET"]}}],"collection":[{"href":"https:\/\/blog.sierranortedeguadalajara.com\/index.php?rest_route=\/wp\/v2\/posts"}],"about":[{"href":"https:\/\/blog.sierranortedeguadalajara.com\/index.php?rest_route=\/wp\/v2\/types\/post"}],"author":[{"embeddable":true,"href":"https:\/\/blog.sierranortedeguadalajara.com\/index.php?rest_route=\/wp\/v2\/users\/1"}],"replies":[{"embeddable":true,"href":"https:\/\/blog.sierranortedeguadalajara.com\/index.php?rest_route=%2Fwp%2Fv2%2Fcomments&post=7664"}],"version-history":[{"count":1,"href":"https:\/\/blog.sierranortedeguadalajara.com\/index.php?rest_route=\/wp\/v2\/posts\/7664\/revisions"}],"predecessor-version":[{"id":31049,"href":"https:\/\/blog.sierranortedeguadalajara.com\/index.php?rest_route=\/wp\/v2\/posts\/7664\/revisions\/31049"}],"wp:attachment":[{"href":"https:\/\/blog.sierranortedeguadalajara.com\/index.php?rest_route=%2Fwp%2Fv2%2Fmedia&parent=7664"}],"wp:term":[{"taxonomy":"category","embeddable":true,"href":"https:\/\/blog.sierranortedeguadalajara.com\/index.php?rest_route=%2Fwp%2Fv2%2Fcategories&post=7664"},{"taxonomy":"post_tag","embeddable":true,"href":"https:\/\/blog.sierranortedeguadalajara.com\/index.php?rest_route=%2Fwp%2Fv2%2Ftags&post=7664"}],"curies":[{"name":"wp","href":"https:\/\/api.w.org\/{rel}","templated":true}]}}