{"id":7642,"date":"2011-09-22T00:05:44","date_gmt":"2011-09-21T22:05:44","guid":{"rendered":"http:\/\/blog.laveredadepuebla.com\/?p=7642"},"modified":"2023-02-10T12:31:39","modified_gmt":"2023-02-10T12:31:39","slug":"malas-noticias-para-bonaval","status":"publish","type":"post","link":"https:\/\/blog.sierranortedeguadalajara.com\/?p=7642","title":{"rendered":"Malas noticias para Bonaval"},"content":{"rendered":"<p><a href=\"http:\/\/laveredadepuebla.files.wordpress.com\/2011\/09\/110921-malas-noticias-1.jpg\"><img loading=\"lazy\" decoding=\"async\" class=\"alignright size-medium wp-image-7644\" title=\"110921 Malas noticias 1\" src=\"https:\/\/blog.sierranortedeguadalajara.com\/wp-content\/uploads\/2023\/02\/110921-malas-noticias-1.jpg\" alt=\"\" width=\"210\" height=\"158\" \/><\/a>Dicen que las malas noticias nunca vienen solas. Ya comentamos que hace poco se produjo el <a href=\"http:\/\/blog.laveredadepuebla.com\/2011\/08\/01\/llanto-por-el-monasterio-de-bonaval\/\">derrumbamiento del muro<\/a> occidental de Bonaval. Su impacto en el futuro del monasterio es mucho mayor de lo que se ve a simple vista. Me explico.<\/p>\n<p>El a\u00f1o pasado se <a href=\"http:\/\/blog.laveredadepuebla.com\/2010\/11\/29\/noticias-del-monasterio-de-bonaval\/\">puso en marcha una iniciativa <\/a>para consolidar el <a href=\"http:\/\/www.laveredadepuebla.com\/rutasypueblos\/bonaval.pdf\">Monasterio de Bonaval<\/a> y convertirlo en un foco de atracci\u00f3n tur\u00edstica de <a href=\"http:\/\/es.youtube.com\/watch?v=7GW8Ykv6Z9s\"><strong><em>La Ribera<\/em><\/strong><\/a>, con la ayuda de la <a href=\"http:\/\/www.jccm.es\">Junta de Castilla La Mancha<\/a>.\u00a0 El ayuntamiento de <a href=\"http:\/\/www.laveredadepuebla.com\/rutasypueblos\/retiendas.pdf\">Retiendas <\/a>salv\u00f3 el primer obst\u00e1culo: sus propietarios (hijos del pueblo) cedieron al municipio la gesti\u00f3n.<\/p>\n<p><a href=\"http:\/\/laveredadepuebla.files.wordpress.com\/2011\/09\/110921-malas-noticias-2.jpg\"><img loading=\"lazy\" decoding=\"async\" class=\"alignleft size-thumbnail wp-image-7645\" title=\"110921 malas noticias 2\" src=\"https:\/\/blog.sierranortedeguadalajara.com\/wp-content\/uploads\/2023\/02\/110921-malas-noticias-2.jpg\" alt=\"\" width=\"112\" height=\"150\" \/><\/a>El concejo localiz\u00f3 una empresa especializada que prepar\u00f3 un pre-proyecto de consolidaci\u00f3n y conservaci\u00f3n del edificio, de acuerdo con las m\u00e1s modernas t\u00e9cnicas de restauraci\u00f3n y cuyo coste se elevaba a 100.000.-euros. Se present\u00f3 en la Consejer\u00eda de Cultura a principios de junio. Pocos d\u00edas despu\u00e9s, el derrumbe y el recorte presupuestario del\u00a0 nuevo gobierno regional hicieron que el <span style=\"text-decoration:underline;\"><strong><em>proyecto se parase<\/em><\/strong><\/span>.<\/p>\n<p>La <a href=\"http:\/\/blog.laveredadepuebla.com\/2010\/11\/30\/de-como-bonaval-llego-a-su-estado-actual\/\">situaci\u00f3n ruinosa del Monasterio de Bonaval <\/a>se explica en parte por la Historia. Pero el edificio se deteriora con rapidez, atacado por <a href=\"http:\/\/www.uclm.es\/users\/higueras\/mga\/Tema07\/Tema_07_Monumentos_1.htm\"><strong><em>mal de la piedra<\/em><\/strong><\/a> que avanza deprisa en las columnas del presbiterio. Si no se act\u00faa pronto, no habr\u00e1 nada que consolidar.<\/p>\n<p><strong><em>Lar-ami<\/em><\/strong><\/p>\n","protected":false},"excerpt":{"rendered":"<p>Dicen que las malas noticias nunca vienen solas. Ya comentamos que hace poco se produjo el derrumbamiento del muro occidental de Bonaval. Su impacto en el futuro del monasterio es mucho mayor de lo que se ve a simple vista. Me explico. El a\u00f1o pasado se puso en marcha una iniciativa para consolidar el Monasterio &hellip; <\/p>\n<p class=\"link-more\"><a href=\"https:\/\/blog.sierranortedeguadalajara.com\/?p=7642\" class=\"more-link\">Seguir leyendo<span class=\"screen-reader-text\"> \u00abMalas noticias para Bonaval\u00bb<\/span><\/a><\/p>\n","protected":false},"author":1,"featured_media":0,"comment_status":"open","ping_status":"open","sticky":false,"template":"","format":"standard","meta":{"footnotes":""},"categories":[12,9],"tags":[45,4,105,13,5,145,155,21],"class_list":["post-7642","post","type-post","status-publish","format-standard","hentry","category-actualidad","category-rincones-de-la-sierra-norte","tag-bonaval","tag-cultura","tag-edad","tag-guadalajara","tag-historia","tag-la-ribera","tag-media","tag-tamajon","entry"],"_links":{"self":[{"href":"https:\/\/blog.sierranortedeguadalajara.com\/index.php?rest_route=\/wp\/v2\/posts\/7642","targetHints":{"allow":["GET"]}}],"collection":[{"href":"https:\/\/blog.sierranortedeguadalajara.com\/index.php?rest_route=\/wp\/v2\/posts"}],"about":[{"href":"https:\/\/blog.sierranortedeguadalajara.com\/index.php?rest_route=\/wp\/v2\/types\/post"}],"author":[{"embeddable":true,"href":"https:\/\/blog.sierranortedeguadalajara.com\/index.php?rest_route=\/wp\/v2\/users\/1"}],"replies":[{"embeddable":true,"href":"https:\/\/blog.sierranortedeguadalajara.com\/index.php?rest_route=%2Fwp%2Fv2%2Fcomments&post=7642"}],"version-history":[{"count":1,"href":"https:\/\/blog.sierranortedeguadalajara.com\/index.php?rest_route=\/wp\/v2\/posts\/7642\/revisions"}],"predecessor-version":[{"id":31052,"href":"https:\/\/blog.sierranortedeguadalajara.com\/index.php?rest_route=\/wp\/v2\/posts\/7642\/revisions\/31052"}],"wp:attachment":[{"href":"https:\/\/blog.sierranortedeguadalajara.com\/index.php?rest_route=%2Fwp%2Fv2%2Fmedia&parent=7642"}],"wp:term":[{"taxonomy":"category","embeddable":true,"href":"https:\/\/blog.sierranortedeguadalajara.com\/index.php?rest_route=%2Fwp%2Fv2%2Fcategories&post=7642"},{"taxonomy":"post_tag","embeddable":true,"href":"https:\/\/blog.sierranortedeguadalajara.com\/index.php?rest_route=%2Fwp%2Fv2%2Ftags&post=7642"}],"curies":[{"name":"wp","href":"https:\/\/api.w.org\/{rel}","templated":true}]}}