{"id":6960,"date":"2011-07-11T00:05:33","date_gmt":"2011-07-10T22:05:33","guid":{"rendered":"http:\/\/blog.laveredadepuebla.com\/?p=6960"},"modified":"2023-02-10T12:32:57","modified_gmt":"2023-02-10T12:32:57","slug":"desamortizacion-de-madoz-en-valdesotos","status":"publish","type":"post","link":"https:\/\/blog.sierranortedeguadalajara.com\/?p=6960","title":{"rendered":"Desamortizaci\u00f3n de Madoz en Valdesotos"},"content":{"rendered":"<p>La <a href=\"http:\/\/historiaescrita.wordpress.com\/2010\/04\/25\/de-la-iglesia-al-estado-las-desamortizaciones-de-bienes-eclesiasticos-en-francia-espana-y-america-latina-por-bernard-bodinier-rosa-congost-y-pablo-f-luna-editores\/\">Iglesia <\/a><strong><em><a href=\"http:\/\/historiaescrita.wordpress.com\/2010\/04\/25\/de-la-iglesia-al-estado-las-desamortizaciones-de-bienes-eclesiasticos-en-francia-espana-y-america-latina-por-bernard-bodinier-rosa-congost-y-pablo-f-luna-editores\/\">prohib\u00eda expresamente<\/a> a los eclesi\u00e1sticos<\/em><\/strong> que compraran bienes expropiados del clero, so pena de <strong><em>excomuni\u00f3n<\/em><\/strong>. Aunque en la <a href=\"http:\/\/www.venaguadalajara.es\">provincia de Guadalajara<\/a> hubo 26 cl\u00e9rigos que compraron <a href=\"http:\/\/blog.laveredadepuebla.com\/2011\/06\/02\/la-desamortizacion-de-madoz-en-la-ribera\/\">bienes desamortizados<\/a>, solo 10 contravinieron la orden. Entre ellos <strong><em>Andr\u00e9s Garc\u00eda Castillo<\/em><\/strong>, presb\u00edtero (cura) de la capital que invirti\u00f3 en un periodo de 10 a\u00f1os 200.000.- reales (su salario anual estaba en torno a 14.000.-).<\/p>\n<p><a href=\"http:\/\/blog.laveredadepuebla.com\/2010\/10\/21\/el-molino-de%C2%A0valdesotos\/\">El molino <\/a>fue <a href=\"http:\/\/blog.laveredadepuebla.com\/2010\/07\/02\/molinos%C2%A0maquileros\/\">comprado<\/a> a tercias por labradores de Arbanc\u00f3n,<a href=\"http:\/\/www.laveredadepuebla.com\/rutasypueblos\/valdesotos.pdf\"> Valdesotos<\/a> y <a href=\"http:\/\/www.laveredadepuebla.com\/rutasypueblos\/valdepenas.pdf\">Valdepe\u00f1as<\/a>. Labradores compran a medias un gran bald\u00edo para pastos (la importancia de la ganader\u00eda) y hasta una casa. Los censos redimidos eran de tierra y poco importe, al igual que la fragua.<a href=\"https:\/\/blog.sierranortedeguadalajara.com\/wp-content\/uploads\/2023\/02\/d-madoz-valdesotos.jpg\"><img loading=\"lazy\" decoding=\"async\" class=\"aligncenter size-full wp-image-6961\" title=\"D Madoz Valdesotos\" src=\"https:\/\/blog.sierranortedeguadalajara.com\/wp-content\/uploads\/2023\/02\/d-madoz-valdesotos.jpg\" alt=\"\" width=\"500\" height=\"268\" \/><\/a><strong><em>Lar-ami<\/em><\/strong><\/p>\n","protected":false},"excerpt":{"rendered":"<p>La Iglesia prohib\u00eda expresamente a los eclesi\u00e1sticos que compraran bienes expropiados del clero, so pena de excomuni\u00f3n. Aunque en la provincia de Guadalajara hubo 26 cl\u00e9rigos que compraron bienes desamortizados, solo 10 contravinieron la orden. Entre ellos Andr\u00e9s Garc\u00eda Castillo, presb\u00edtero (cura) de la capital que invirti\u00f3 en un periodo de 10 a\u00f1os 200.000.- reales &hellip; <\/p>\n<p class=\"link-more\"><a href=\"https:\/\/blog.sierranortedeguadalajara.com\/?p=6960\" class=\"more-link\">Seguir leyendo<span class=\"screen-reader-text\"> \u00abDesamortizaci\u00f3n de Madoz en Valdesotos\u00bb<\/span><\/a><\/p>\n","protected":false},"author":1,"featured_media":0,"comment_status":"open","ping_status":"open","sticky":false,"template":"","format":"standard","meta":{"footnotes":""},"categories":[6,9],"tags":[100,4,13,5,18,32,27],"class_list":["post-6960","post","type-post","status-publish","format-standard","hentry","category-mundo-rural","category-rincones-de-la-sierra-norte","tag-costumbres-y-tradiciones","tag-cultura","tag-guadalajara","tag-historia","tag-siglo-xix","tag-valdepenas-de-la-sierra","tag-valdesotos","entry"],"_links":{"self":[{"href":"https:\/\/blog.sierranortedeguadalajara.com\/index.php?rest_route=\/wp\/v2\/posts\/6960","targetHints":{"allow":["GET"]}}],"collection":[{"href":"https:\/\/blog.sierranortedeguadalajara.com\/index.php?rest_route=\/wp\/v2\/posts"}],"about":[{"href":"https:\/\/blog.sierranortedeguadalajara.com\/index.php?rest_route=\/wp\/v2\/types\/post"}],"author":[{"embeddable":true,"href":"https:\/\/blog.sierranortedeguadalajara.com\/index.php?rest_route=\/wp\/v2\/users\/1"}],"replies":[{"embeddable":true,"href":"https:\/\/blog.sierranortedeguadalajara.com\/index.php?rest_route=%2Fwp%2Fv2%2Fcomments&post=6960"}],"version-history":[{"count":1,"href":"https:\/\/blog.sierranortedeguadalajara.com\/index.php?rest_route=\/wp\/v2\/posts\/6960\/revisions"}],"predecessor-version":[{"id":31209,"href":"https:\/\/blog.sierranortedeguadalajara.com\/index.php?rest_route=\/wp\/v2\/posts\/6960\/revisions\/31209"}],"wp:attachment":[{"href":"https:\/\/blog.sierranortedeguadalajara.com\/index.php?rest_route=%2Fwp%2Fv2%2Fmedia&parent=6960"}],"wp:term":[{"taxonomy":"category","embeddable":true,"href":"https:\/\/blog.sierranortedeguadalajara.com\/index.php?rest_route=%2Fwp%2Fv2%2Fcategories&post=6960"},{"taxonomy":"post_tag","embeddable":true,"href":"https:\/\/blog.sierranortedeguadalajara.com\/index.php?rest_route=%2Fwp%2Fv2%2Ftags&post=6960"}],"curies":[{"name":"wp","href":"https:\/\/api.w.org\/{rel}","templated":true}]}}