{"id":6853,"date":"2011-06-14T00:05:40","date_gmt":"2011-06-13T22:05:40","guid":{"rendered":"http:\/\/blog.laveredadepuebla.com\/?p=6853"},"modified":"2023-02-10T12:33:06","modified_gmt":"2023-02-10T12:33:06","slug":"anocheceres-en-la-ribera","status":"publish","type":"post","link":"https:\/\/blog.sierranortedeguadalajara.com\/?p=6853","title":{"rendered":"Anocheceres en La Ribera"},"content":{"rendered":"<p><a href=\"https:\/\/blog.sierranortedeguadalajara.com\/wp-content\/uploads\/2023\/02\/110614-anocheceres-ribera-1.jpg\"><img loading=\"lazy\" decoding=\"async\" class=\"aligncenter size-full wp-image-6854\" title=\"110614 anocheceres ribera 1\" src=\"https:\/\/blog.sierranortedeguadalajara.com\/wp-content\/uploads\/2023\/02\/110614-anocheceres-ribera-1.jpg\" alt=\"\" width=\"500\" height=\"375\" \/><\/a><\/p>\n<p><a href=\"http:\/\/laveredadepuebla.files.wordpress.com\/2011\/06\/110614-anocheceres-ribera-2.jpg\"><img loading=\"lazy\" decoding=\"async\" class=\"alignleft size-medium wp-image-6855\" title=\"110614 anocheceres ribera 2\" src=\"https:\/\/blog.sierranortedeguadalajara.com\/wp-content\/uploads\/2023\/02\/110614-anocheceres-ribera-2.jpg\" alt=\"\" width=\"300\" height=\"225\" \/><\/a>\u00a0<\/p>\n<p>Los cielos limpios y un junio tormentoso nos est\u00e1n ofreciendo unos anocheces incre\u00edbles. <a href=\"http:\/\/www.laveredadepuebla.com\/rutasypueblos.htm\">La Ribera<\/a> es as\u00ed.<\/p>\n<p><strong><em><\/em><\/strong>\u00a0<\/p>\n<p><strong><em><\/em><\/strong>\u00a0<strong><em>Lar-ami<\/em><\/strong><\/p>\n","protected":false},"excerpt":{"rendered":"<p>\u00a0 Los cielos limpios y un junio tormentoso nos est\u00e1n ofreciendo unos anocheces incre\u00edbles. La Ribera es as\u00ed. \u00a0 \u00a0Lar-ami<\/p>\n","protected":false},"author":1,"featured_media":0,"comment_status":"open","ping_status":"open","sticky":false,"template":"","format":"standard","meta":{"footnotes":""},"categories":[12,9],"tags":[145,7],"class_list":["post-6853","post","type-post","status-publish","format-standard","hentry","category-actualidad","category-rincones-de-la-sierra-norte","tag-la-ribera","tag-naturaleza","entry"],"_links":{"self":[{"href":"https:\/\/blog.sierranortedeguadalajara.com\/index.php?rest_route=\/wp\/v2\/posts\/6853","targetHints":{"allow":["GET"]}}],"collection":[{"href":"https:\/\/blog.sierranortedeguadalajara.com\/index.php?rest_route=\/wp\/v2\/posts"}],"about":[{"href":"https:\/\/blog.sierranortedeguadalajara.com\/index.php?rest_route=\/wp\/v2\/types\/post"}],"author":[{"embeddable":true,"href":"https:\/\/blog.sierranortedeguadalajara.com\/index.php?rest_route=\/wp\/v2\/users\/1"}],"replies":[{"embeddable":true,"href":"https:\/\/blog.sierranortedeguadalajara.com\/index.php?rest_route=%2Fwp%2Fv2%2Fcomments&post=6853"}],"version-history":[{"count":1,"href":"https:\/\/blog.sierranortedeguadalajara.com\/index.php?rest_route=\/wp\/v2\/posts\/6853\/revisions"}],"predecessor-version":[{"id":31256,"href":"https:\/\/blog.sierranortedeguadalajara.com\/index.php?rest_route=\/wp\/v2\/posts\/6853\/revisions\/31256"}],"wp:attachment":[{"href":"https:\/\/blog.sierranortedeguadalajara.com\/index.php?rest_route=%2Fwp%2Fv2%2Fmedia&parent=6853"}],"wp:term":[{"taxonomy":"category","embeddable":true,"href":"https:\/\/blog.sierranortedeguadalajara.com\/index.php?rest_route=%2Fwp%2Fv2%2Fcategories&post=6853"},{"taxonomy":"post_tag","embeddable":true,"href":"https:\/\/blog.sierranortedeguadalajara.com\/index.php?rest_route=%2Fwp%2Fv2%2Ftags&post=6853"}],"curies":[{"name":"wp","href":"https:\/\/api.w.org\/{rel}","templated":true}]}}