{"id":6834,"date":"2011-06-10T00:05:54","date_gmt":"2011-06-09T22:05:54","guid":{"rendered":"http:\/\/blog.laveredadepuebla.com\/?p=6834"},"modified":"2023-02-10T12:33:08","modified_gmt":"2023-02-10T12:33:08","slug":"colores-de-primavera","status":"publish","type":"post","link":"https:\/\/blog.sierranortedeguadalajara.com\/?p=6834","title":{"rendered":"Colores de primavera"},"content":{"rendered":"<div class=\"mceTemp mceIEcenter\" style=\"text-align:left;\">\n<dl class=\"wp-caption aligncenter\">\n<dt class=\"wp-caption-dt\"><a href=\"https:\/\/blog.sierranortedeguadalajara.com\/wp-content\/uploads\/2023\/02\/110610-colores-primavera-11.jpg\"><img loading=\"lazy\" decoding=\"async\" class=\"size-full wp-image-6838 \" title=\"110610 colores primavera 1\" src=\"https:\/\/blog.sierranortedeguadalajara.com\/wp-content\/uploads\/2023\/02\/110610-colores-primavera-11.jpg\" alt=\"\" width=\"500\" height=\"375\" \/><\/a><\/dt>\n<dd class=\"wp-caption-dd\">En la ruta verde, junto al camino de Tortuero<\/dd>\n<\/dl>\n<p>No nos cansaremos de repetirlo: <a href=\"http:\/\/www.laveredadepuebla.com\/rutasypueblos.htm\">La Ribera<\/a> es color, <a href=\"http:\/\/es.youtube.com\/watch?v=7GW8Ykv6Z9s\">contraste, paisaje y m\u00e1s color,\u2026<\/a>Y en primavera se ve a\u00fan m\u00e1s. Miren las fotos y ya me contar\u00e1n.<\/p>\n<\/div>\n<div class=\"mceTemp mceIEcenter\" style=\"text-align:left;\">\n<figure id=\"attachment_6839\" aria-describedby=\"caption-attachment-6839\" style=\"width: 216px\" class=\"wp-caption alignright\"><a href=\"http:\/\/laveredadepuebla.files.wordpress.com\/2011\/06\/110610-colores-primavera-2.jpg\"><img loading=\"lazy\" decoding=\"async\" class=\"size-medium wp-image-6839   \" title=\"110610 colores primavera 2\" src=\"https:\/\/blog.sierranortedeguadalajara.com\/wp-content\/uploads\/2023\/02\/110610-colores-primavera-2.jpg\" alt=\"\" width=\"216\" height=\"162\" \/><\/a><figcaption id=\"caption-attachment-6839\" class=\"wp-caption-text\">Lagunas de Bele\u00f1a<\/figcaption><\/figure>\n<figure id=\"attachment_6840\" aria-describedby=\"caption-attachment-6840\" style=\"width: 216px\" class=\"wp-caption alignleft\"><a href=\"http:\/\/laveredadepuebla.files.wordpress.com\/2011\/06\/110610-colores-primavera-3.jpg\"><img loading=\"lazy\" decoding=\"async\" class=\"size-medium wp-image-6840   \" title=\"110610 colores primavera 3\" src=\"https:\/\/blog.sierranortedeguadalajara.com\/wp-content\/uploads\/2023\/02\/110610-colores-primavera-3.jpg\" alt=\"\" width=\"216\" height=\"162\" \/><\/a><figcaption id=\"caption-attachment-6840\" class=\"wp-caption-text\">Camino la Huelga-Puebla de Valles<\/figcaption><\/figure>\n<\/div>\n<div class=\"mceTemp mceIEcenter\" style=\"text-align:left;\"><strong><em><\/em><\/strong>\u00a0<\/div>\n<div class=\"mceTemp mceIEcenter\" style=\"text-align:left;\">\u00a0<\/div>\n<div class=\"mceTemp mceIEcenter\" style=\"text-align:left;\">\u00a0<\/div>\n<div class=\"mceTemp mceIEcenter\" style=\"text-align:left;\">\u00a0<\/div>\n<div class=\"mceTemp mceIEcenter\" style=\"text-align:left;\">\u00a0<\/div>\n<div class=\"mceTemp mceIEcenter\" style=\"text-align:left;\">\u00a0<\/div>\n<div class=\"mceTemp mceIEcenter\" style=\"text-align:left;\">\u00a0<\/div>\n<div class=\"mceTemp mceIEcenter\" style=\"text-align:left;\">\u00a0<\/div>\n<div class=\"mceTemp mceIEcenter\" style=\"text-align:left;\">\u00a0<\/div>\n<div class=\"mceTemp mceIEcenter\" style=\"text-align:left;\">\u00a0<\/div>\n<div class=\"mceTemp mceIEcenter\" style=\"text-align:left;\">\u00a0<strong><em>Lar-ami<\/em><\/strong><\/div>\n","protected":false},"excerpt":{"rendered":"<p>En la ruta verde, junto al camino de Tortuero No nos cansaremos de repetirlo: La Ribera es color, contraste, paisaje y m\u00e1s color,\u2026Y en primavera se ve a\u00fan m\u00e1s. Miren las fotos y ya me contar\u00e1n. \u00a0 \u00a0 \u00a0 \u00a0 \u00a0 \u00a0 \u00a0 \u00a0 \u00a0 \u00a0 \u00a0Lar-ami<\/p>\n","protected":false},"author":1,"featured_media":0,"comment_status":"open","ping_status":"open","sticky":false,"template":"","format":"standard","meta":{"footnotes":""},"categories":[12,9],"tags":[47,145,7,8,206],"class_list":["post-6834","post","type-post","status-publish","format-standard","hentry","category-actualidad","category-rincones-de-la-sierra-norte","tag-belena","tag-la-ribera","tag-naturaleza","tag-puebla-de-valles","tag-tortuero","entry"],"_links":{"self":[{"href":"https:\/\/blog.sierranortedeguadalajara.com\/index.php?rest_route=\/wp\/v2\/posts\/6834","targetHints":{"allow":["GET"]}}],"collection":[{"href":"https:\/\/blog.sierranortedeguadalajara.com\/index.php?rest_route=\/wp\/v2\/posts"}],"about":[{"href":"https:\/\/blog.sierranortedeguadalajara.com\/index.php?rest_route=\/wp\/v2\/types\/post"}],"author":[{"embeddable":true,"href":"https:\/\/blog.sierranortedeguadalajara.com\/index.php?rest_route=\/wp\/v2\/users\/1"}],"replies":[{"embeddable":true,"href":"https:\/\/blog.sierranortedeguadalajara.com\/index.php?rest_route=%2Fwp%2Fv2%2Fcomments&post=6834"}],"version-history":[{"count":1,"href":"https:\/\/blog.sierranortedeguadalajara.com\/index.php?rest_route=\/wp\/v2\/posts\/6834\/revisions"}],"predecessor-version":[{"id":31262,"href":"https:\/\/blog.sierranortedeguadalajara.com\/index.php?rest_route=\/wp\/v2\/posts\/6834\/revisions\/31262"}],"wp:attachment":[{"href":"https:\/\/blog.sierranortedeguadalajara.com\/index.php?rest_route=%2Fwp%2Fv2%2Fmedia&parent=6834"}],"wp:term":[{"taxonomy":"category","embeddable":true,"href":"https:\/\/blog.sierranortedeguadalajara.com\/index.php?rest_route=%2Fwp%2Fv2%2Fcategories&post=6834"},{"taxonomy":"post_tag","embeddable":true,"href":"https:\/\/blog.sierranortedeguadalajara.com\/index.php?rest_route=%2Fwp%2Fv2%2Ftags&post=6834"}],"curies":[{"name":"wp","href":"https:\/\/api.w.org\/{rel}","templated":true}]}}