{"id":6478,"date":"2011-05-05T00:05:49","date_gmt":"2011-05-04T22:05:49","guid":{"rendered":"http:\/\/blog.laveredadepuebla.com\/?p=6478"},"modified":"2023-02-10T12:33:29","modified_gmt":"2023-02-10T12:33:29","slug":"la-desamortizacion-de-mendizabal","status":"publish","type":"post","link":"https:\/\/blog.sierranortedeguadalajara.com\/?p=6478","title":{"rendered":"La desamortizaci\u00f3n de Mendiz\u00e1bal"},"content":{"rendered":"<p><a href=\"http:\/\/laveredadepuebla.files.wordpress.com\/2011\/04\/110505-dmendizabal-2.jpg\"><img loading=\"lazy\" decoding=\"async\" class=\"alignleft size-thumbnail wp-image-6482\" title=\"110505 Dmendizabal 2\" src=\"https:\/\/blog.sierranortedeguadalajara.com\/wp-content\/uploads\/2023\/02\/110505-dmendizabal-2.jpg\" alt=\"\" width=\"150\" height=\"103\" \/><\/a>El fin del <em><strong><a href=\"http:\/\/es.wikipedia.org\/wiki\/Restauraci%C3%B3n_absolutista_en_Espa%C3%B1a\">Absolutismo<\/a><\/strong><\/em> y la situaci\u00f3n de la Hacienda P\u00fablica provocaron que durante la regencia de la <a href=\"http:\/\/es.wikipedia.org\/wiki\/Mar%C3%ADa_Cristina_de_Borb%C3%B3n-Dos_Sicilias\">reina Mar\u00eda Cristina<\/a> (1.833-1.840) la <strong><em>desamortizaci\u00f3n de los bienes del \u00a0clero<\/em><\/strong> se viese como <strong><em>la soluci\u00f3n<\/em><\/strong>. Comenzaba la <strong><em><a href=\"http:\/\/html.rincondelvago.com\/desamortizacion-mendizabal.html\">Desamortizaci\u00f3n de Mendiz\u00e1bal<\/a><\/em><\/strong>.<\/p>\n<p>Un decreto de 19 de febrero de 1.936 establec\u00eda la desamortizaci\u00f3n de los bienes inmuebles del <a href=\"http:\/\/es.answers.yahoo.com\/question\/index?qid=20080404104717AAfmNg8\">clero regular<\/a>, que el 5 abril 1.837 se\u00a0extendi\u00f3 a muebles, pinturas, ropajes, alhajas, \u2026 Esto desat\u00f3 una fuerte oposici\u00f3n popular que ocult\u00f3 muchos bienes: unos se perdieron y otros pasaron a particulares. Con Espartero (1.841) comenz\u00f3 la segunda fase\u00a0 que afect\u00f3 a todas las propiedades del <a href=\"http:\/\/es.answers.yahoo.com\/question\/index?qid=20080404104717AAfmNg8\">clero secular<\/a>, excepto huertos y casas de curatos. A su ca\u00edda en 1.844, \u00a0el partido conservador decret\u00f3 la devoluci\u00f3n al clero de los bienes que aun no hubieran sido enajenados.<\/p>\n<p><a href=\"http:\/\/laveredadepuebla.files.wordpress.com\/2011\/04\/110505-dmendizabal-11.jpg\"><img loading=\"lazy\" decoding=\"async\" class=\"alignright size-medium wp-image-6483\" title=\"110505 Dmendizabal 1\" src=\"https:\/\/blog.sierranortedeguadalajara.com\/wp-content\/uploads\/2023\/02\/110505-dmendizabal-11.jpg\" alt=\"\" width=\"240\" height=\"180\" \/><\/a>En <a href=\"http:\/\/laveredadepuebla.com\/rutasypueblos.htm\">La Ribera <\/a>se vieron afectados el <a href=\"http:\/\/blog.laveredadepuebla.com\/2010\/11\/30\/de-como-bonaval-llego-a-su-estado-actual\/\"><strong><em>Monasterio de<\/em><\/strong> <strong><em>Bonaval <\/em><\/strong>(ya lo contamos)<\/a> y el <strong><em><a href=\"http:\/\/blog.laveredadepuebla.com\/2010\/09\/21\/el-convento-franciscano-de%C2%A0tamajon\/\">Convento Franciscano de Tamaj\u00f3n<\/a><\/em><\/strong>. La Diputaci\u00f3n de Guadalajara quiso quedarse con el convento para Juzgado, renunciando <a href=\"http:\/\/blog.laveredadepuebla.com\/2011\/04\/08\/tamajon-en-el-siglo-xix\/\">cuando el juez pas\u00f3 a Cogolludo<\/a>. \u00a0Pobre y destruido por los franceses, ya estaba en muy mal estado. Fue anunciado en p\u00fablica subasta en 1.844 por 55.000 reales, pero no se vendi\u00f3. Lo ser\u00eda en la siguiente desamortizaci\u00f3n <strong><em>(<\/em><em>de Madoz).<\/em><\/strong><\/p>\n<p><strong><em>Lar-ami<\/em><\/strong><\/p>\n","protected":false},"excerpt":{"rendered":"<p>El fin del Absolutismo y la situaci\u00f3n de la Hacienda P\u00fablica provocaron que durante la regencia de la reina Mar\u00eda Cristina (1.833-1.840) la desamortizaci\u00f3n de los bienes del \u00a0clero se viese como la soluci\u00f3n. Comenzaba la Desamortizaci\u00f3n de Mendiz\u00e1bal. Un decreto de 19 de febrero de 1.936 establec\u00eda la desamortizaci\u00f3n de los bienes inmuebles del &hellip; <\/p>\n<p class=\"link-more\"><a href=\"https:\/\/blog.sierranortedeguadalajara.com\/?p=6478\" class=\"more-link\">Seguir leyendo<span class=\"screen-reader-text\"> \u00abLa desamortizaci\u00f3n de Mendiz\u00e1bal\u00bb<\/span><\/a><\/p>\n","protected":false},"author":1,"featured_media":0,"comment_status":"open","ping_status":"open","sticky":false,"template":"","format":"standard","meta":{"footnotes":""},"categories":[9],"tags":[45,100,4,5,145,34,18,21],"class_list":["post-6478","post","type-post","status-publish","format-standard","hentry","category-rincones-de-la-sierra-norte","tag-bonaval","tag-costumbres-y-tradiciones","tag-cultura","tag-historia","tag-la-ribera","tag-retiendas","tag-siglo-xix","tag-tamajon","entry"],"_links":{"self":[{"href":"https:\/\/blog.sierranortedeguadalajara.com\/index.php?rest_route=\/wp\/v2\/posts\/6478","targetHints":{"allow":["GET"]}}],"collection":[{"href":"https:\/\/blog.sierranortedeguadalajara.com\/index.php?rest_route=\/wp\/v2\/posts"}],"about":[{"href":"https:\/\/blog.sierranortedeguadalajara.com\/index.php?rest_route=\/wp\/v2\/types\/post"}],"author":[{"embeddable":true,"href":"https:\/\/blog.sierranortedeguadalajara.com\/index.php?rest_route=\/wp\/v2\/users\/1"}],"replies":[{"embeddable":true,"href":"https:\/\/blog.sierranortedeguadalajara.com\/index.php?rest_route=%2Fwp%2Fv2%2Fcomments&post=6478"}],"version-history":[{"count":1,"href":"https:\/\/blog.sierranortedeguadalajara.com\/index.php?rest_route=\/wp\/v2\/posts\/6478\/revisions"}],"predecessor-version":[{"id":31350,"href":"https:\/\/blog.sierranortedeguadalajara.com\/index.php?rest_route=\/wp\/v2\/posts\/6478\/revisions\/31350"}],"wp:attachment":[{"href":"https:\/\/blog.sierranortedeguadalajara.com\/index.php?rest_route=%2Fwp%2Fv2%2Fmedia&parent=6478"}],"wp:term":[{"taxonomy":"category","embeddable":true,"href":"https:\/\/blog.sierranortedeguadalajara.com\/index.php?rest_route=%2Fwp%2Fv2%2Fcategories&post=6478"},{"taxonomy":"post_tag","embeddable":true,"href":"https:\/\/blog.sierranortedeguadalajara.com\/index.php?rest_route=%2Fwp%2Fv2%2Ftags&post=6478"}],"curies":[{"name":"wp","href":"https:\/\/api.w.org\/{rel}","templated":true}]}}