{"id":6409,"date":"2011-04-29T00:05:17","date_gmt":"2011-04-28T22:05:17","guid":{"rendered":"http:\/\/blog.laveredadepuebla.com\/?p=6409"},"modified":"2023-02-10T12:33:32","modified_gmt":"2023-02-10T12:33:32","slug":"dragones-de-el-vado-ii","status":"publish","type":"post","link":"https:\/\/blog.sierranortedeguadalajara.com\/?p=6409","title":{"rendered":"Dragones de El Vado (II)"},"content":{"rendered":"<p><a href=\"http:\/\/laveredadepuebla.files.wordpress.com\/2011\/04\/110429-ii-dragones-1.jpg\"><img loading=\"lazy\" decoding=\"async\" class=\"alignleft size-thumbnail wp-image-6410\" title=\"110429 II dragones 1\" src=\"https:\/\/blog.sierranortedeguadalajara.com\/wp-content\/uploads\/2023\/02\/110429-ii-dragones-1.jpg\" alt=\"\" width=\"150\" height=\"112\" \/><\/a>A pesar de la tosquedad del hormig\u00f3n, las figuras son muy hermosas. Sorprende como el artista ha conseguido reflejar\u00a0 la coqueter\u00eda de la hembra y la fiereza del macho. Resulta brillante la soluci\u00f3n de eliminar una parte del cuerpo del drag\u00f3n fundi\u00e9ndolo con la columna (ahorra trabajo y costes), y consiguiendo sensaci\u00f3n de grandiosidad.<a href=\"http:\/\/laveredadepuebla.files.wordpress.com\/2011\/04\/110429-ii-dragones-2.jpg\"><img loading=\"lazy\" decoding=\"async\" class=\"alignright size-medium wp-image-6411\" title=\"110429 II Dragones 2\" src=\"https:\/\/blog.sierranortedeguadalajara.com\/wp-content\/uploads\/2023\/02\/110429-ii-dragones-2.jpg\" alt=\"\" width=\"240\" height=\"180\" \/><\/a><\/p>\n<p>\u00a0No hemos hallado argumentos convincentes que expliquen la <a href=\"http:\/\/www.laveredadepuebla.com\/rutasypueblos\/3vado.pdf\">presencia<\/a> de estos dragones, \u00a0un caso singular en los <a href=\"http:\/\/laveredadepuebla.wordpress.com\/2009\/08\/22\/la-presa-del-vado\/\">pantanos<\/a> de nuestro pa\u00eds, aunque esbozamos esta teor\u00eda:<\/p>\n<p><em><a href=\"http:\/\/laveredadepuebla.files.wordpress.com\/2011\/04\/110429-ii-dragones-3.jpg\"><img loading=\"lazy\" decoding=\"async\" class=\"alignleft size-medium wp-image-6412\" title=\"110429 II Dragones 3\" src=\"https:\/\/blog.sierranortedeguadalajara.com\/wp-content\/uploads\/2023\/02\/110429-ii-dragones-3.jpg\" alt=\"\" width=\"180\" height=\"240\" \/><\/a>Las obras fueron dirigidas, en el tramo final hasta su inauguraci\u00f3n en 1.954, \u00a0por el <a href=\"http:\/\/es.wikipedia.org\/wiki\/Juan_de_Arespacochaga\">Ingeniero Juan de Arespacochaga<\/a>,\u00a0 prohombre del franquismo y de fuerte car\u00e1cter que fue el \u00faltimo alcalde no elegido de Madrid, (de 1.976 a 1.978). Considerando que en el <a href=\"http:\/\/www.apellidosenlinea.com\/ver.php?id=227062\">escudo de la familia<\/a> figuran dos dragones, bien pudo ser que quisiera dejar su huella en esta\u00a0 obra (ten\u00eda entonces 34 a\u00f1os). <\/em><\/p>\n<p><strong><em>Lar-ami<\/em><\/strong><\/p>\n","protected":false},"excerpt":{"rendered":"<p>A pesar de la tosquedad del hormig\u00f3n, las figuras son muy hermosas. Sorprende como el artista ha conseguido reflejar\u00a0 la coqueter\u00eda de la hembra y la fiereza del macho. Resulta brillante la soluci\u00f3n de eliminar una parte del cuerpo del drag\u00f3n fundi\u00e9ndolo con la columna (ahorra trabajo y costes), y consiguiendo sensaci\u00f3n de grandiosidad. \u00a0No &hellip; <\/p>\n<p class=\"link-more\"><a href=\"https:\/\/blog.sierranortedeguadalajara.com\/?p=6409\" class=\"more-link\">Seguir leyendo<span class=\"screen-reader-text\"> \u00abDragones de El Vado (II)\u00bb<\/span><\/a><\/p>\n","protected":false},"author":1,"featured_media":0,"comment_status":"open","ping_status":"open","sticky":false,"template":"","format":"standard","meta":{"footnotes":""},"categories":[12,9],"tags":[26,5,35,7,19],"class_list":["post-6409","post","type-post","status-publish","format-standard","hentry","category-actualidad","category-rincones-de-la-sierra-norte","tag-el-vado","tag-historia","tag-jarama","tag-naturaleza","tag-siglo-xx","entry"],"_links":{"self":[{"href":"https:\/\/blog.sierranortedeguadalajara.com\/index.php?rest_route=\/wp\/v2\/posts\/6409","targetHints":{"allow":["GET"]}}],"collection":[{"href":"https:\/\/blog.sierranortedeguadalajara.com\/index.php?rest_route=\/wp\/v2\/posts"}],"about":[{"href":"https:\/\/blog.sierranortedeguadalajara.com\/index.php?rest_route=\/wp\/v2\/types\/post"}],"author":[{"embeddable":true,"href":"https:\/\/blog.sierranortedeguadalajara.com\/index.php?rest_route=\/wp\/v2\/users\/1"}],"replies":[{"embeddable":true,"href":"https:\/\/blog.sierranortedeguadalajara.com\/index.php?rest_route=%2Fwp%2Fv2%2Fcomments&post=6409"}],"version-history":[{"count":1,"href":"https:\/\/blog.sierranortedeguadalajara.com\/index.php?rest_route=\/wp\/v2\/posts\/6409\/revisions"}],"predecessor-version":[{"id":31365,"href":"https:\/\/blog.sierranortedeguadalajara.com\/index.php?rest_route=\/wp\/v2\/posts\/6409\/revisions\/31365"}],"wp:attachment":[{"href":"https:\/\/blog.sierranortedeguadalajara.com\/index.php?rest_route=%2Fwp%2Fv2%2Fmedia&parent=6409"}],"wp:term":[{"taxonomy":"category","embeddable":true,"href":"https:\/\/blog.sierranortedeguadalajara.com\/index.php?rest_route=%2Fwp%2Fv2%2Fcategories&post=6409"},{"taxonomy":"post_tag","embeddable":true,"href":"https:\/\/blog.sierranortedeguadalajara.com\/index.php?rest_route=%2Fwp%2Fv2%2Ftags&post=6409"}],"curies":[{"name":"wp","href":"https:\/\/api.w.org\/{rel}","templated":true}]}}