{"id":6380,"date":"2011-04-25T00:05:50","date_gmt":"2011-04-24T22:05:50","guid":{"rendered":"http:\/\/blog.laveredadepuebla.com\/?p=6380"},"modified":"2023-02-10T12:33:36","modified_gmt":"2023-02-10T12:33:36","slug":"gandalla-de-la-ribera","status":"publish","type":"post","link":"https:\/\/blog.sierranortedeguadalajara.com\/?p=6380","title":{"rendered":"Gandalla de la Ribera"},"content":{"rendered":"<figure id=\"attachment_6381\" aria-describedby=\"caption-attachment-6381\" style=\"width: 150px\" class=\"wp-caption alignright\"><a href=\"http:\/\/laveredadepuebla.files.wordpress.com\/2011\/04\/110425-gandalla-1.jpg\"><img loading=\"lazy\" decoding=\"async\" class=\"size-thumbnail wp-image-6381 \" title=\"110425 gandalla 1\" src=\"https:\/\/blog.sierranortedeguadalajara.com\/wp-content\/uploads\/2023\/02\/110425-gandalla-1.jpg\" alt=\"\" width=\"150\" height=\"112\" \/><\/a><figcaption id=\"caption-attachment-6381\" class=\"wp-caption-text\">Valdepe\u00f1as en la solana<\/figcaption><\/figure>\n<p>Tambi\u00e9n conocida como copla de pueblos, de arrieros,\u2026 la gandalla es un romance popular extendido por todo el pa\u00eds por ciegos y juglares, donde se mencionan pueblos con descripciones breves y groseras, llenas de t\u00f3picos y\u00a0 picard\u00edas.\u00a0<\/p>\n<p><a href=\"http:\/\/www.funjdiaz.net\/folklore\/07ficha.cfm?id=426\">Garc\u00eda Matos <\/a>recogi\u00f3 esta copla en <a href=\"http:\/\/www.fresnodetorote.org\/fresnodetorote\/opencms\/site\/web\/portada\/?comboIdiomas=null\">Fresno de Torote <\/a>(en la comarca de Alcal\u00e1 de Henares), obra de alg\u00fan pastor\/esquilador ambulante que recorr\u00eda la zona. En las primeras estrofas se mencionan lugares de <a href=\"http:\/\/www.laveredadepuebla.com\/rutasypueblos.htm\">La Ribera <\/a>y por ello nos parece interesante traerla aqu\u00ed:<\/p>\n<ul>\n<li>\n<div align=\"center\">Ahora que estoy de vagar<\/div>\n<\/li>\n<li>\n<div align=\"center\">voy a cantar la gandalla,<\/div>\n<\/li>\n<li>\n<div align=\"center\">empezando por <strong><em>Tortuero<\/em><\/strong>,<\/div>\n<\/li>\n<li>\n<div align=\"center\"><strong><em>Valdepe\u00f1as<\/em><\/strong> en Solana.<\/div>\n<\/li>\n<li>\n<div align=\"center\">\u00a0<\/div>\n<\/li>\n<li>\n<div align=\"center\">A<strong><em> Almiruete<\/em><\/strong> no lo cuento,<\/div>\n<\/li>\n<li>\n<div align=\"center\">porque esta fuera de raya.<\/div>\n<\/li>\n<li>\n<div align=\"center\">Campoalbillo en un cerrillo,<\/div>\n<\/li>\n<li>\n<div align=\"center\">rodeado de retamas.<\/div>\n<\/li>\n<li>\n<div align=\"center\">\u00a0<\/div>\n<\/li>\n<li>\n<div align=\"center\">Fuente del Fresno y Pesadilla,<\/div>\n<\/li>\n<li>\n<div align=\"center\">almirantes de <strong><em>Jarama<\/em><\/strong>.<\/div>\n<\/li>\n<li>\n<div align=\"center\">En San Sebastian, pastores<\/div>\n<\/li>\n<li>\n<div align=\"center\">y en Alcobendas las damas.<\/div>\n<\/li>\n<li>\n<div align=\"center\">Fuencarral las belloteras<\/div>\n<\/li>\n<li>\n<div align=\"center\">y en Madrid las cortesanas.<\/div>\n<\/li>\n<li>\n<div align=\"center\">\u2026\u2026\u2026\u2026\u2026\u2026\u2026\u2026\u2026..<\/div>\n<\/li>\n<\/ul>\n<p style=\"text-align:left;\" align=\"center\">\u00a0<strong><em>Lar-ami<\/em><\/strong><\/p>\n","protected":false},"excerpt":{"rendered":"<p>Tambi\u00e9n conocida como copla de pueblos, de arrieros,\u2026 la gandalla es un romance popular extendido por todo el pa\u00eds por ciegos y juglares, donde se mencionan pueblos con descripciones breves y groseras, llenas de t\u00f3picos y\u00a0 picard\u00edas.\u00a0 Garc\u00eda Matos recogi\u00f3 esta copla en Fresno de Torote (en la comarca de Alcal\u00e1 de Henares), obra de &hellip; <\/p>\n<p class=\"link-more\"><a href=\"https:\/\/blog.sierranortedeguadalajara.com\/?p=6380\" class=\"more-link\">Seguir leyendo<span class=\"screen-reader-text\"> \u00abGandalla de la Ribera\u00bb<\/span><\/a><\/p>\n","protected":false},"author":1,"featured_media":0,"comment_status":"open","ping_status":"open","sticky":false,"template":"","format":"standard","meta":{"footnotes":""},"categories":[9],"tags":[70,100,115,35,145,206,212],"class_list":["post-6380","post","type-post","status-publish","format-standard","hentry","category-rincones-de-la-sierra-norte","tag-almiruete","tag-costumbres-y-tradiciones","tag-fiestas-y-eventos","tag-jarama","tag-la-ribera","tag-tortuero","tag-valdepenas","entry"],"_links":{"self":[{"href":"https:\/\/blog.sierranortedeguadalajara.com\/index.php?rest_route=\/wp\/v2\/posts\/6380","targetHints":{"allow":["GET"]}}],"collection":[{"href":"https:\/\/blog.sierranortedeguadalajara.com\/index.php?rest_route=\/wp\/v2\/posts"}],"about":[{"href":"https:\/\/blog.sierranortedeguadalajara.com\/index.php?rest_route=\/wp\/v2\/types\/post"}],"author":[{"embeddable":true,"href":"https:\/\/blog.sierranortedeguadalajara.com\/index.php?rest_route=\/wp\/v2\/users\/1"}],"replies":[{"embeddable":true,"href":"https:\/\/blog.sierranortedeguadalajara.com\/index.php?rest_route=%2Fwp%2Fv2%2Fcomments&post=6380"}],"version-history":[{"count":1,"href":"https:\/\/blog.sierranortedeguadalajara.com\/index.php?rest_route=\/wp\/v2\/posts\/6380\/revisions"}],"predecessor-version":[{"id":31377,"href":"https:\/\/blog.sierranortedeguadalajara.com\/index.php?rest_route=\/wp\/v2\/posts\/6380\/revisions\/31377"}],"wp:attachment":[{"href":"https:\/\/blog.sierranortedeguadalajara.com\/index.php?rest_route=%2Fwp%2Fv2%2Fmedia&parent=6380"}],"wp:term":[{"taxonomy":"category","embeddable":true,"href":"https:\/\/blog.sierranortedeguadalajara.com\/index.php?rest_route=%2Fwp%2Fv2%2Fcategories&post=6380"},{"taxonomy":"post_tag","embeddable":true,"href":"https:\/\/blog.sierranortedeguadalajara.com\/index.php?rest_route=%2Fwp%2Fv2%2Ftags&post=6380"}],"curies":[{"name":"wp","href":"https:\/\/api.w.org\/{rel}","templated":true}]}}