{"id":6202,"date":"2011-04-01T00:05:18","date_gmt":"2011-03-31T23:05:18","guid":{"rendered":"http:\/\/laveredadepuebla.wordpress.com\/?p=6202"},"modified":"2023-02-10T12:33:47","modified_gmt":"2023-02-10T12:33:47","slug":"parque-natural-sierra-norte-de-guadalajara","status":"publish","type":"post","link":"https:\/\/blog.sierranortedeguadalajara.com\/?p=6202","title":{"rendered":"Parque Natural Sierra Norte de Guadalajara"},"content":{"rendered":"<p>El diario oficial de Castilla La Mancha recoge en su edici\u00f3n del 22 de marzo la ley 5\/2011 que declara la <a href=\"http:\/\/www.sierranortedeguadalajara.com\">Sierra Norte de Guadalajara<\/a>\u00a0 <a href=\"http:\/\/laveredadepuebla.wordpress.com\/2010\/06\/10\/sierra-norte-de%c2%a0guadalajara\/\"><strong><em>\u201cParque Natural\u201d<\/em><\/strong>.<\/a>\u00a0 \u00a0Por fin se homogeneizar\u00e1 la gesti\u00f3n de esta zona de contrastes, con monta\u00f1as que superan dos mil metros (el Pico del Lobo, 2.273 mts, es el m\u00e1s alto de <a href=\"www.turismocastillalamancha.com\">Castilla La Mancha<\/a>) y extensos llanos (Tamaj\u00f3n, CM-110 en la <a href=\"http:\/\/www.arteguias.com\/romanico_guadalajara.htm\">ruta del Rom\u00e1nico<\/a>).<\/p>\n<figure id=\"attachment_6204\" aria-describedby=\"caption-attachment-6204\" style=\"width: 240px\" class=\"wp-caption alignright\"><a href=\"http:\/\/laveredadepuebla.files.wordpress.com\/2011\/03\/110401-pnatural-1.jpg\"><img loading=\"lazy\" decoding=\"async\" class=\"size-medium wp-image-6204 \" title=\"110401 pnatural 1\" src=\"https:\/\/blog.sierranortedeguadalajara.com\/wp-content\/uploads\/2023\/02\/110401-pnatural-1.jpg\" alt=\"\" width=\"240\" height=\"180\" \/><\/a><figcaption id=\"caption-attachment-6204\" class=\"wp-caption-text\">Pico del Lobo<\/figcaption><\/figure>\n<p>La importancia de la ley estriba en que un Consejo Rector, al que pertenecen representantes de todas las partes implicadas (vecinos, propietarios, administraciones, \u2026), regular\u00e1 el uso recreativo, cineg\u00e9tico, agr\u00edcola, ganadero, tur\u00edstico,\u2026 del parque y elegir\u00e1\u00a0\u00a0al director del parque.\u00a0<\/p>\n<p>El <strong><em><a href=\"http:\/\/parquesnaturales.consumer.es\/documentos\/castilla_la_mancha\/hayedo_tejera\/index.php\">P.N. Hayedo de Tejera Negra<\/a><\/em><\/strong> (1.641 Has) y la <strong><em><a href=\"http:\/\/www.turismocastillalamancha.com\/naturaleza\/reserva-natural--macizo-del-pico-del-lobo-cebollera\/\">R. N. del Pico del Lobo-Cebollera<\/a><\/em><\/strong> (10.024 Has)\u00a0 ser\u00e1n zonas de protecci\u00f3n especial. La parte castellano manchega de la <a href=\"http:\/\/personal5.iddeo.es\/fredy\/reserva.htm\"><strong><em>Reserva Nacional de Caza del Sonsaz<\/em><\/strong> <\/a>(57.185 Has) y la<a href=\"http:\/\/www.revistamedioambientejccm.es\/articulo.php?id=17&amp;idn=10\"> <strong><em>Reserva Fluvial del r\u00edo Pelagallinas<\/em><\/strong> <\/a>(362 Has que conserva su estatus) pasan a ser gestionada por el parque.<\/p>\n<p>Los pueblos de la <strong><em><a href=\"http:\/\/laveredadepuebla.wordpress.com\/2010\/06\/07\/arquitectura%c2%a0negra\/\">Arquitectura Negra<\/a><\/em><\/strong> (en un futuro <strong><em>Patrimonio de la Humanidad<\/em><\/strong>) y de <a href=\"http:\/\/www.laveredadepuebla.com\/rutasypueblos.htm\"><strong><em>La Ribera<\/em><\/strong> <\/a>quedan dentro del Parque, a excepci\u00f3n de La Mierla, Bele\u00f1a de Sorbe y Puebla de Bele\u00f1a y parte de los t\u00e9rminos de Puebla de Valles y Valdepe\u00f1as .<\/p>\n<p><em><strong>\u00a1Estamos de enhorabuena! <\/strong><\/em>Pero queda un largo camino.<\/p>\n<p><strong><em>Lar-ami<\/em><\/strong><\/p>\n","protected":false},"excerpt":{"rendered":"<p>El diario oficial de Castilla La Mancha recoge en su edici\u00f3n del 22 de marzo la ley 5\/2011 que declara la Sierra Norte de Guadalajara\u00a0 \u201cParque Natural\u201d.\u00a0 \u00a0Por fin se homogeneizar\u00e1 la gesti\u00f3n de esta zona de contrastes, con monta\u00f1as que superan dos mil metros (el Pico del Lobo, 2.273 mts, es el m\u00e1s alto &hellip; <\/p>\n<p class=\"link-more\"><a href=\"https:\/\/blog.sierranortedeguadalajara.com\/?p=6202\" class=\"more-link\">Seguir leyendo<span class=\"screen-reader-text\"> \u00abParque Natural Sierra Norte de Guadalajara\u00bb<\/span><\/a><\/p>\n","protected":false},"author":1,"featured_media":0,"comment_status":"open","ping_status":"open","sticky":false,"template":"","format":"standard","meta":{"footnotes":""},"categories":[12,17],"tags":[76,47,4,5,35,141,142,33,145,7,181,8,60,21,212],"class_list":["post-6202","post","type-post","status-publish","format-standard","hentry","category-actualidad","category-paisajes-y-lugares-de-la-sierra-norte","tag-arquitectura-negra","tag-belena","tag-cultura","tag-historia","tag-jarama","tag-junta","tag-junta-castilla-la-mancha","tag-la-mierla","tag-la-ribera","tag-naturaleza","tag-puebla-de-belena","tag-puebla-de-valles","tag-sorbe","tag-tamajon","tag-valdepenas","entry"],"_links":{"self":[{"href":"https:\/\/blog.sierranortedeguadalajara.com\/index.php?rest_route=\/wp\/v2\/posts\/6202","targetHints":{"allow":["GET"]}}],"collection":[{"href":"https:\/\/blog.sierranortedeguadalajara.com\/index.php?rest_route=\/wp\/v2\/posts"}],"about":[{"href":"https:\/\/blog.sierranortedeguadalajara.com\/index.php?rest_route=\/wp\/v2\/types\/post"}],"author":[{"embeddable":true,"href":"https:\/\/blog.sierranortedeguadalajara.com\/index.php?rest_route=\/wp\/v2\/users\/1"}],"replies":[{"embeddable":true,"href":"https:\/\/blog.sierranortedeguadalajara.com\/index.php?rest_route=%2Fwp%2Fv2%2Fcomments&post=6202"}],"version-history":[{"count":1,"href":"https:\/\/blog.sierranortedeguadalajara.com\/index.php?rest_route=\/wp\/v2\/posts\/6202\/revisions"}],"predecessor-version":[{"id":31425,"href":"https:\/\/blog.sierranortedeguadalajara.com\/index.php?rest_route=\/wp\/v2\/posts\/6202\/revisions\/31425"}],"wp:attachment":[{"href":"https:\/\/blog.sierranortedeguadalajara.com\/index.php?rest_route=%2Fwp%2Fv2%2Fmedia&parent=6202"}],"wp:term":[{"taxonomy":"category","embeddable":true,"href":"https:\/\/blog.sierranortedeguadalajara.com\/index.php?rest_route=%2Fwp%2Fv2%2Fcategories&post=6202"},{"taxonomy":"post_tag","embeddable":true,"href":"https:\/\/blog.sierranortedeguadalajara.com\/index.php?rest_route=%2Fwp%2Fv2%2Ftags&post=6202"}],"curies":[{"name":"wp","href":"https:\/\/api.w.org\/{rel}","templated":true}]}}