{"id":4364,"date":"2010-10-01T00:05:00","date_gmt":"2010-09-30T22:05:00","guid":{"rendered":"http:\/\/laveredadepuebla.wordpress.com\/?p=4364"},"modified":"2023-02-10T12:35:42","modified_gmt":"2023-02-10T12:35:42","slug":"paseo-panoramico","status":"publish","type":"post","link":"https:\/\/blog.sierranortedeguadalajara.com\/?p=4364","title":{"rendered":"Paseo\u00a0panor\u00e1mico"},"content":{"rendered":"<p><a href=\"http:\/\/laveredadepuebla.files.wordpress.com\/2010\/09\/101001-panoramico-2.jpg\"><img loading=\"lazy\" decoding=\"async\" class=\"alignright size-medium wp-image-4367\" title=\"101001 panoramico 2\" src=\"https:\/\/blog.sierranortedeguadalajara.com\/wp-content\/uploads\/2023\/02\/101001-panoramico-2.jpg\" alt=\"\" width=\"240\" height=\"180\" \/><\/a>La despoblaci\u00f3n y el abandono de los campos han provocado que muchos caminos y veredas se est\u00e9n perdiendo en la memoria de <a href=\"http:\/\/laveredadepuebla.com\/rutasypueblos.htm\">La Ribera<\/a> por falta de uso; solo son transitados en temporada de caza o de pesca. La mayor\u00eda no van a ninguna parte, pero ofrecen vistas y emociones inesperadas.<\/p>\n<p>Como esta pista que saliendo de la <a href=\"http:\/\/laveredadepuebla.wordpress.com\/2009\/08\/03\/la-ruta-verde-hacia-tortuero\/\">ruta verde <\/a>(justo en la curva donde arranca el barranco de Valhondo que antecede al sif\u00f3n), gatea entre robles hasta la cresta y la sigue hasta\u00a0 Lomo Gordo (alto del Monte):\u00a0<a href=\"http:\/\/laveredadepuebla.files.wordpress.com\/2010\/09\/101001-panoramico-11.jpg\"><img loading=\"lazy\" decoding=\"async\" class=\"alignleft size-thumbnail wp-image-4368\" title=\"101001 panoramico 1\" src=\"https:\/\/blog.sierranortedeguadalajara.com\/wp-content\/uploads\/2023\/02\/101001-panoramico-11.jpg\" alt=\"\" width=\"150\" height=\"112\" \/><\/a><\/p>\n<ul>\n<li>Al frente Casa Uceda, las torres de la Castellana, el Pico de la Miel y el cerro de San Pedro<\/li>\n<li>A la izquierda la Vega del Jarama en todo su esplendor. En segundo t\u00e9rmino pinares, c\u00e1rcavas y <a href=\"http:\/\/laveredadepuebla.com\/rutasypueblos\/pueblava.pdf\">Puebla de Valles<\/a>, sembrada entre barrancos.<\/li>\n<li>A la derecha la ruta verde, el sif\u00f3n de <a href=\"http:\/\/laveredadepuebla.com\/rutasypueblos\/tortuero.pdf\">Tortuero<\/a>, \u00a0<a href=\"http:\/\/laveredadepuebla.com\/rutasypueblos\/valdepenas.pdf\">Valdepe\u00f1as<\/a> y la Sierra Gorda. Detr\u00e1s la Sierra del Ocej\u00f3n<\/li>\n<\/ul>\n<p>Conforme avanzamos, la perspectiva cambia y las vistas mejoran. Treinta minutos gozosos con premio.<\/p>\n<p>\u00a0<strong><em>Lar-ami <\/em><\/strong><\/p>\n","protected":false},"excerpt":{"rendered":"<p>La despoblaci\u00f3n y el abandono de los campos han provocado que muchos caminos y veredas se est\u00e9n perdiendo en la memoria de La Ribera por falta de uso; solo son transitados en temporada de caza o de pesca. La mayor\u00eda no van a ninguna parte, pero ofrecen vistas y emociones inesperadas. Como esta pista que &hellip; <\/p>\n<p class=\"link-more\"><a href=\"https:\/\/blog.sierranortedeguadalajara.com\/?p=4364\" class=\"more-link\">Seguir leyendo<span class=\"screen-reader-text\"> \u00abPaseo\u00a0panor\u00e1mico\u00bb<\/span><\/a><\/p>\n","protected":false},"author":1,"featured_media":0,"comment_status":"open","ping_status":"open","sticky":false,"template":"","format":"standard","meta":{"footnotes":""},"categories":[17,9],"tags":[4,35,145,7,8,206,32],"class_list":["post-4364","post","type-post","status-publish","format-standard","hentry","category-paisajes-y-lugares-de-la-sierra-norte","category-rincones-de-la-sierra-norte","tag-cultura","tag-jarama","tag-la-ribera","tag-naturaleza","tag-puebla-de-valles","tag-tortuero","tag-valdepenas-de-la-sierra","entry"],"_links":{"self":[{"href":"https:\/\/blog.sierranortedeguadalajara.com\/index.php?rest_route=\/wp\/v2\/posts\/4364","targetHints":{"allow":["GET"]}}],"collection":[{"href":"https:\/\/blog.sierranortedeguadalajara.com\/index.php?rest_route=\/wp\/v2\/posts"}],"about":[{"href":"https:\/\/blog.sierranortedeguadalajara.com\/index.php?rest_route=\/wp\/v2\/types\/post"}],"author":[{"embeddable":true,"href":"https:\/\/blog.sierranortedeguadalajara.com\/index.php?rest_route=\/wp\/v2\/users\/1"}],"replies":[{"embeddable":true,"href":"https:\/\/blog.sierranortedeguadalajara.com\/index.php?rest_route=%2Fwp%2Fv2%2Fcomments&post=4364"}],"version-history":[{"count":1,"href":"https:\/\/blog.sierranortedeguadalajara.com\/index.php?rest_route=\/wp\/v2\/posts\/4364\/revisions"}],"predecessor-version":[{"id":31937,"href":"https:\/\/blog.sierranortedeguadalajara.com\/index.php?rest_route=\/wp\/v2\/posts\/4364\/revisions\/31937"}],"wp:attachment":[{"href":"https:\/\/blog.sierranortedeguadalajara.com\/index.php?rest_route=%2Fwp%2Fv2%2Fmedia&parent=4364"}],"wp:term":[{"taxonomy":"category","embeddable":true,"href":"https:\/\/blog.sierranortedeguadalajara.com\/index.php?rest_route=%2Fwp%2Fv2%2Fcategories&post=4364"},{"taxonomy":"post_tag","embeddable":true,"href":"https:\/\/blog.sierranortedeguadalajara.com\/index.php?rest_route=%2Fwp%2Fv2%2Ftags&post=4364"}],"curies":[{"name":"wp","href":"https:\/\/api.w.org\/{rel}","templated":true}]}}