{"id":4355,"date":"2010-09-30T00:03:21","date_gmt":"2010-09-29T22:03:21","guid":{"rendered":"http:\/\/laveredadepuebla.wordpress.com\/?p=4355"},"modified":"2023-02-10T12:35:43","modified_gmt":"2023-02-10T12:35:43","slug":"los-pleitos-entre-almiruete-y-tamajon-ii","status":"publish","type":"post","link":"https:\/\/blog.sierranortedeguadalajara.com\/?p=4355","title":{"rendered":"Los pleitos de Almiruete y Tamaj\u00f3n\u00a0(II)"},"content":{"rendered":"<figure id=\"attachment_4356\" aria-describedby=\"caption-attachment-4356\" style=\"width: 150px\" class=\"wp-caption alignright\"><a href=\"http:\/\/laveredadepuebla.files.wordpress.com\/2010\/09\/100930-pleitos-alm-tamajon-ii-1.jpg\"><img loading=\"lazy\" decoding=\"async\" class=\"size-thumbnail wp-image-4356\" title=\"100930 pleitos Alm Tamajon II 1\" src=\"https:\/\/blog.sierranortedeguadalajara.com\/wp-content\/uploads\/2023\/02\/100930-pleitos-alm-tamajon-ii-1.jpg\" alt=\"\" width=\"150\" height=\"112\" \/><\/a><figcaption id=\"caption-attachment-4356\" class=\"wp-caption-text\">Pe\u00f1a del reloj-Almiruete<\/figcaption><\/figure>\n<p>De nuevo surge el conflicto entre el Concejo de Ayll\u00f3n y D. I\u00f1igo L\u00f3pez de Orozco, <a href=\"http:\/\/laveredadepuebla.wordpress.com\/2009\/10\/05\/comunes-en-la-ribera-de-villa-y-tierra\/\">se\u00f1or de Tamaj\u00f3n<\/a>, seg\u00fan carta del <a href=\"http:\/\/www.artehistoria.jcyl.es\/historia\/personajes\/5337.htm\">rey Juan I<\/a>, conservada en el archivo municipal, de 17 de marzo de 1.380.<\/p>\n<p><a href=\"http:\/\/es.wikipedia.org\/wiki\/Comunidad_de_Villa_y_Tierra_de_Ayll%C3%B3n\">Los vecinos de Ayll\u00f3n<\/a>, a pesar de la sentencia del a\u00f1o 1.366, negaron a su derecho a D. I\u00f1igo, tomando <strong><em>\u201c500 o 600 cabezas de ganado menor y otras cosas\u201d <\/em><\/strong>en prenda. Asimismo se acusaba a los vecinos de <a href=\"http:\/\/laveredadepuebla.com\/rutasypueblos\/almiruete.pdf\">Almiruete<\/a> de <strong><em>\u201cllevar varios a\u00f1os roturando los montes para sembrar trigo y hacer dehesas, en perjuicio de los ganados de <a href=\"http:\/\/laveredadepuebla.com\/rutasypueblos\/tamajon.pdf\">Tamaj\u00f3n<\/a>\u201d. <\/em><\/strong><\/p>\n<p>En este manuscrito, el Concejo de Ayll\u00f3n dice que Tamaj\u00f3n\u00a0 ha sido comprado a la villa de Sep\u00falveda por los <strong><em>\u201cOmes bonos desa villa de Ayll\u00f3n, por sus dineros propios seg\u00fand se mostrar\u00e1 complidamente\u201c<\/em><\/strong>. Al pertenecer al mismo Com\u00fan pod\u00edan introducir su ganado como cualquier otro vecino, siempre que\u00a0 <strong><em>\u201cse respetaran avellanos y otros \u00e1rboles verdes\u201d<\/em><\/strong>. Asimismo se reafirman en el derecho de <a href=\"http:\/\/www.almiruete.com\/\">Almiruete<\/a> a roturar sus campos para cultivo, y dicen que no se ha impedido el paso de ganado.<\/p>\n<figure id=\"attachment_4357\" aria-describedby=\"caption-attachment-4357\" style=\"width: 150px\" class=\"wp-caption alignright\"><a href=\"http:\/\/laveredadepuebla.files.wordpress.com\/2010\/09\/100930-pleitos-alm-tamajon-ii-2.jpg\"><img loading=\"lazy\" decoding=\"async\" class=\"size-thumbnail wp-image-4357\" title=\"100930 Pleitos Alm Tamajon II 2\" src=\"https:\/\/blog.sierranortedeguadalajara.com\/wp-content\/uploads\/2023\/02\/100930-pleitos-alm-tamajon-ii-2.jpg\" alt=\"\" width=\"150\" height=\"112\" \/><\/a><figcaption id=\"caption-attachment-4357\" class=\"wp-caption-text\">El Coso-Tamajon<\/figcaption><\/figure>\n<p>Los oidores reales confirmaron la sentencia de 1.366, sin atender la petici\u00f3n de propiedad de Ayll\u00f3n y obligaban a devolver lo tomado en prenda. Almiruete podr\u00edan roturar sus campos, siempre y cuando no impidieran el paso de ganado hacia montes y sierras.<\/p>\n<p>Una carta de <a href=\"http:\/\/www.artehistoria.jcyl.es\/historia\/personajes\/5337.htm\">Juan I<\/a>, de 28 de junio de 1382, indica que Tamaj\u00f3n hab\u00eda iniciado reclamaci\u00f3n ante la Audiencia Real por un hecho similar y se solicitaba la devoluci\u00f3n del ganado con recargo del \u201ccuarto al tanto\u201d. El rey resuelve que se devuelva lo tomado en prenda, seg\u00fan carta de 24 de agosto.<\/p>\n<p><strong><em>Lar-ami <\/em><\/strong><\/p>\n","protected":false},"excerpt":{"rendered":"<p>De nuevo surge el conflicto entre el Concejo de Ayll\u00f3n y D. I\u00f1igo L\u00f3pez de Orozco, se\u00f1or de Tamaj\u00f3n, seg\u00fan carta del rey Juan I, conservada en el archivo municipal, de 17 de marzo de 1.380. Los vecinos de Ayll\u00f3n, a pesar de la sentencia del a\u00f1o 1.366, negaron a su derecho a D. I\u00f1igo, &hellip; <\/p>\n<p class=\"link-more\"><a href=\"https:\/\/blog.sierranortedeguadalajara.com\/?p=4355\" class=\"more-link\">Seguir leyendo<span class=\"screen-reader-text\"> \u00abLos pleitos de Almiruete y Tamaj\u00f3n\u00a0(II)\u00bb<\/span><\/a><\/p>\n","protected":false},"author":1,"featured_media":0,"comment_status":"open","ping_status":"open","sticky":false,"template":"","format":"standard","meta":{"footnotes":""},"categories":[6,9],"tags":[70,76,4,44,26,5,198,21],"class_list":["post-4355","post","type-post","status-publish","format-standard","hentry","category-mundo-rural","category-rincones-de-la-sierra-norte","tag-almiruete","tag-arquitectura-negra","tag-cultura","tag-edad-media","tag-el-vado","tag-historia","tag-siglo-xiv","tag-tamajon","entry"],"_links":{"self":[{"href":"https:\/\/blog.sierranortedeguadalajara.com\/index.php?rest_route=\/wp\/v2\/posts\/4355","targetHints":{"allow":["GET"]}}],"collection":[{"href":"https:\/\/blog.sierranortedeguadalajara.com\/index.php?rest_route=\/wp\/v2\/posts"}],"about":[{"href":"https:\/\/blog.sierranortedeguadalajara.com\/index.php?rest_route=\/wp\/v2\/types\/post"}],"author":[{"embeddable":true,"href":"https:\/\/blog.sierranortedeguadalajara.com\/index.php?rest_route=\/wp\/v2\/users\/1"}],"replies":[{"embeddable":true,"href":"https:\/\/blog.sierranortedeguadalajara.com\/index.php?rest_route=%2Fwp%2Fv2%2Fcomments&post=4355"}],"version-history":[{"count":1,"href":"https:\/\/blog.sierranortedeguadalajara.com\/index.php?rest_route=\/wp\/v2\/posts\/4355\/revisions"}],"predecessor-version":[{"id":31940,"href":"https:\/\/blog.sierranortedeguadalajara.com\/index.php?rest_route=\/wp\/v2\/posts\/4355\/revisions\/31940"}],"wp:attachment":[{"href":"https:\/\/blog.sierranortedeguadalajara.com\/index.php?rest_route=%2Fwp%2Fv2%2Fmedia&parent=4355"}],"wp:term":[{"taxonomy":"category","embeddable":true,"href":"https:\/\/blog.sierranortedeguadalajara.com\/index.php?rest_route=%2Fwp%2Fv2%2Fcategories&post=4355"},{"taxonomy":"post_tag","embeddable":true,"href":"https:\/\/blog.sierranortedeguadalajara.com\/index.php?rest_route=%2Fwp%2Fv2%2Ftags&post=4355"}],"curies":[{"name":"wp","href":"https:\/\/api.w.org\/{rel}","templated":true}]}}