{"id":4324,"date":"2010-09-27T00:07:12","date_gmt":"2010-09-26T22:07:12","guid":{"rendered":"http:\/\/laveredadepuebla.wordpress.com\/?p=4324"},"modified":"2023-02-10T12:35:46","modified_gmt":"2023-02-10T12:35:46","slug":"el-sexmo-de-la-transierra","status":"publish","type":"post","link":"https:\/\/blog.sierranortedeguadalajara.com\/?p=4324","title":{"rendered":"El Sexmo de la\u00a0Transierra"},"content":{"rendered":"<p>El <strong><em><a href=\"http:\/\/laveredadepuebla.wordpress.com\/2009\/10\/05\/comunes-en-la-ribera-de-villa-y-tierra\/\">Com\u00fan de las tierras de Ayll\u00f3n<\/a><\/em><\/strong> estaba formado por 7 Sexmos, siendo \u00a0<a href=\"http:\/\/es.wikipedia.org\/wiki\/Comunidad_de_Villa_y_Tierra_de_Ayll%C3%B3n\"><strong><em>La Transierra<\/em><\/strong>\u00a0 <\/a>uno de los mayores(305 kms cuadrados)<strong><em>. <\/em><\/strong>Inclu\u00eda, adem\u00e1s de los pueblos de la <strong><em><a href=\"http:\/\/laveredadepuebla.wordpress.com\/2010\/06\/07\/arquitectura%c2%a0negra\/\">Arquitectura Negra<\/a><\/em><\/strong> (Majalerayo, Campillo de Ranas y sus aldeas), Villacadima, Cantalojas (Hayedo de Tejera Negra)\u00a0 y <a href=\"http:\/\/www.almiruete.com\/\">Almiruete<\/a>.<a href=\"http:\/\/laveredadepuebla.files.wordpress.com\/2010\/09\/sexmo-transierra.jpg\"><img loading=\"lazy\" decoding=\"async\" class=\"alignright size-medium wp-image-4325\" title=\"Sexmo transierra\" src=\"https:\/\/blog.sierranortedeguadalajara.com\/wp-content\/uploads\/2023\/02\/sexmo-transierra.jpg\" alt=\"\" width=\"240\" height=\"180\" \/><\/a><\/p>\n<p><a href=\"http:\/\/laveredadepuebla.wordpress.com\/2009\/09\/29\/comunes-de-villa-y-tierra\/\">Su fuero <\/a>inclu\u00eda la leva entre la poblaci\u00f3n del<a href=\"http:\/\/laveredadepuebla.wordpress.com\/2009\/09\/30\/comunes-de-villa-y-tierra-ii\/\"> Com\u00fan<\/a> de \u00a0<strong><em>\u201cmilicias propias con estandarte\u201d<\/em><\/strong> , que formaban el ej\u00e9rcito comunero bajo la autoridad del rey. \u00a0Participaron en la batalla de <strong><em>\u201cLas Navas de Tolosa\u201d <\/em><\/strong>\u00a0bajo el mando de D. Diego L\u00f3pez de Haro, Alf\u00e9rez Mayor de Alfonso VIII. Tambi\u00e9n lucharon en la guerra civil (1350-1369) entre Pedro I el Cruel y Enrique II de Trast\u00e1mara por la corona de Castilla, apoyando a este \u00faltimo que\u00a0 result\u00f3 vencedor.<\/p>\n<p>El Sexmo de la Transierra, por tama\u00f1o y calidad de los pastos, se especializ\u00f3 en ganado ovino, \u00a0aprovechando los muchos privilegios que conced\u00eda \u00a0<strong><em>La Mesta<\/em><\/strong> (creada el siglo anterior por Alfonso X). <a href=\"http:\/\/laveredadepuebla.com\/rutasypueblos\/almiruete.pdf\">Almiruete<\/a>, situado en la frontera sur,\u00a0 sufre en sus carnes\u00a0 cuatro siglos de conflictos (de 1.366 a 1.759) entre la Transierra y <a href=\"http:\/\/laveredadepuebla.com\/rutasypueblos\/tamajon.pdf\">Tamaj\u00f3n<\/a>, que defiende sus derechos de portazgo. En pr\u00f3ximos d\u00edas lo contaremos<\/p>\n<p>\u00a0<strong><em>Lar-ami <\/em><\/strong><\/p>\n","protected":false},"excerpt":{"rendered":"<p>El Com\u00fan de las tierras de Ayll\u00f3n estaba formado por 7 Sexmos, siendo \u00a0La Transierra\u00a0 uno de los mayores(305 kms cuadrados). Inclu\u00eda, adem\u00e1s de los pueblos de la Arquitectura Negra (Majalerayo, Campillo de Ranas y sus aldeas), Villacadima, Cantalojas (Hayedo de Tejera Negra)\u00a0 y Almiruete. Su fuero inclu\u00eda la leva entre la poblaci\u00f3n del Com\u00fan &hellip; <\/p>\n<p class=\"link-more\"><a href=\"https:\/\/blog.sierranortedeguadalajara.com\/?p=4324\" class=\"more-link\">Seguir leyendo<span class=\"screen-reader-text\"> \u00abEl Sexmo de la\u00a0Transierra\u00bb<\/span><\/a><\/p>\n","protected":false},"author":1,"featured_media":0,"comment_status":"open","ping_status":"open","sticky":false,"template":"","format":"standard","meta":{"footnotes":""},"categories":[17,9],"tags":[70,76,4,44,5,10,21],"class_list":["post-4324","post","type-post","status-publish","format-standard","hentry","category-paisajes-y-lugares-de-la-sierra-norte","category-rincones-de-la-sierra-norte","tag-almiruete","tag-arquitectura-negra","tag-cultura","tag-edad-media","tag-historia","tag-sierra-norte","tag-tamajon","entry"],"_links":{"self":[{"href":"https:\/\/blog.sierranortedeguadalajara.com\/index.php?rest_route=\/wp\/v2\/posts\/4324","targetHints":{"allow":["GET"]}}],"collection":[{"href":"https:\/\/blog.sierranortedeguadalajara.com\/index.php?rest_route=\/wp\/v2\/posts"}],"about":[{"href":"https:\/\/blog.sierranortedeguadalajara.com\/index.php?rest_route=\/wp\/v2\/types\/post"}],"author":[{"embeddable":true,"href":"https:\/\/blog.sierranortedeguadalajara.com\/index.php?rest_route=\/wp\/v2\/users\/1"}],"replies":[{"embeddable":true,"href":"https:\/\/blog.sierranortedeguadalajara.com\/index.php?rest_route=%2Fwp%2Fv2%2Fcomments&post=4324"}],"version-history":[{"count":1,"href":"https:\/\/blog.sierranortedeguadalajara.com\/index.php?rest_route=\/wp\/v2\/posts\/4324\/revisions"}],"predecessor-version":[{"id":31951,"href":"https:\/\/blog.sierranortedeguadalajara.com\/index.php?rest_route=\/wp\/v2\/posts\/4324\/revisions\/31951"}],"wp:attachment":[{"href":"https:\/\/blog.sierranortedeguadalajara.com\/index.php?rest_route=%2Fwp%2Fv2%2Fmedia&parent=4324"}],"wp:term":[{"taxonomy":"category","embeddable":true,"href":"https:\/\/blog.sierranortedeguadalajara.com\/index.php?rest_route=%2Fwp%2Fv2%2Fcategories&post=4324"},{"taxonomy":"post_tag","embeddable":true,"href":"https:\/\/blog.sierranortedeguadalajara.com\/index.php?rest_route=%2Fwp%2Fv2%2Ftags&post=4324"}],"curies":[{"name":"wp","href":"https:\/\/api.w.org\/{rel}","templated":true}]}}