{"id":4304,"date":"2010-09-25T00:05:18","date_gmt":"2010-09-24T22:05:18","guid":{"rendered":"http:\/\/laveredadepuebla.wordpress.com\/?p=4304"},"modified":"2023-02-10T12:35:47","modified_gmt":"2023-02-10T12:35:47","slug":"estamos-en-otono","status":"publish","type":"post","link":"https:\/\/blog.sierranortedeguadalajara.com\/?p=4304","title":{"rendered":"Estamos en\u00a0oto\u00f1o"},"content":{"rendered":"<p><a href=\"http:\/\/laveredadepuebla.files.wordpress.com\/2010\/09\/100925-estamos-en-otono-1.jpg\"><img loading=\"lazy\" decoding=\"async\" class=\"alignleft size-thumbnail wp-image-4305\" title=\"100925 estamos en oto\u00f1o 1\" src=\"https:\/\/blog.sierranortedeguadalajara.com\/wp-content\/uploads\/2023\/02\/100925-estamos-en-otono-1.jpg\" alt=\"\" width=\"150\" height=\"112\" \/><\/a>\u00a0\u00a0 <a href=\"http:\/\/laveredadepuebla.files.wordpress.com\/2010\/09\/100925-estamos-en-otono-2.jpg\"><img loading=\"lazy\" decoding=\"async\" class=\"alignleft size-thumbnail wp-image-4306\" title=\"100925 estamos en oto\u00f1o 2\" src=\"https:\/\/blog.sierranortedeguadalajara.com\/wp-content\/uploads\/2023\/02\/100925-estamos-en-otono-2.jpg\" alt=\"\" width=\"150\" height=\"112\" \/><\/a>El microclima de <a href=\"http:\/\/laveredadepuebla.com\/rutasypueblos.htm\">La Ribera <\/a>permite que <a href=\"http:\/\/laveredadepuebla.wordpress.com\/2009\/10\/12\/frutos-de-otono\/\">los frutos<\/a> maduren m\u00e1s tarde; por ello el oto\u00f1o comienza con una explosi\u00f3n de vida. \u00a0<a href=\"http:\/\/laveredadepuebla.wordpress.com\/2009\/10\/19\/paseos-de-otono\/\">Rutas<\/a>, <a href=\"http:\/\/laveredadepuebla.wordpress.com\/2009\/10\/21\/paseos-de-otono-ii\/\">veredas<\/a> y <a href=\"http:\/\/laveredadepuebla.wordpress.com\/2009\/10\/23\/paseos-de-otono-iii\/\">senderos<\/a> invitan a perderse en esta Naturaleza que se conserva tan aut\u00e9ntica.<a href=\"http:\/\/laveredadepuebla.files.wordpress.com\/2010\/09\/100925-estamos-en-otono-5.jpg\"><img loading=\"lazy\" decoding=\"async\" class=\"alignright size-medium wp-image-4307\" title=\"100925 estamos en oto\u00f1o 5\" src=\"https:\/\/blog.sierranortedeguadalajara.com\/wp-content\/uploads\/2023\/02\/100925-estamos-en-otono-5.jpg\" alt=\"\" width=\"300\" height=\"225\" \/><\/a><\/p>\n<p>El abandono de los campos y la flora silvestre ofrecen al paseante una\u00a0 merienda rica y variada. Si no juzguen Vdes.<\/p>\n<p><a href=\"http:\/\/laveredadepuebla.files.wordpress.com\/2010\/09\/100925-estamos-en-otono-3.jpg\"><img loading=\"lazy\" decoding=\"async\" class=\"alignleft size-thumbnail wp-image-4308\" title=\"100925 estamos en oto\u00f1o 3\" src=\"https:\/\/blog.sierranortedeguadalajara.com\/wp-content\/uploads\/2023\/02\/100925-estamos-en-otono-3.jpg\" alt=\"\" width=\"150\" height=\"112\" \/><\/a><a href=\"http:\/\/laveredadepuebla.files.wordpress.com\/2010\/09\/100925-estamos-en-otono-4.jpg\"><img loading=\"lazy\" decoding=\"async\" class=\"alignleft size-thumbnail wp-image-4309\" title=\"100925 estamos en oto\u00f1o 4\" src=\"https:\/\/blog.sierranortedeguadalajara.com\/wp-content\/uploads\/2023\/02\/100925-estamos-en-otono-4.jpg\" alt=\"\" width=\"150\" height=\"112\" \/><\/a><\/p>\n<p><strong><em>Lar-ami <\/em><\/strong><\/p>\n","protected":false},"excerpt":{"rendered":"<p>\u00a0\u00a0 El microclima de La Ribera permite que los frutos maduren m\u00e1s tarde; por ello el oto\u00f1o comienza con una explosi\u00f3n de vida. \u00a0Rutas, veredas y senderos invitan a perderse en esta Naturaleza que se conserva tan aut\u00e9ntica. El abandono de los campos y la flora silvestre ofrecen al paseante una\u00a0 merienda rica y variada. &hellip; <\/p>\n<p class=\"link-more\"><a href=\"https:\/\/blog.sierranortedeguadalajara.com\/?p=4304\" class=\"more-link\">Seguir leyendo<span class=\"screen-reader-text\"> \u00abEstamos en\u00a0oto\u00f1o\u00bb<\/span><\/a><\/p>\n","protected":false},"author":1,"featured_media":0,"comment_status":"open","ping_status":"open","sticky":false,"template":"","format":"standard","meta":{"footnotes":""},"categories":[12,6,17,15],"tags":[100,4,145,19],"class_list":["post-4304","post","type-post","status-publish","format-standard","hentry","category-actualidad","category-mundo-rural","category-paisajes-y-lugares-de-la-sierra-norte","category-rincones-de-guadalajara","tag-costumbres-y-tradiciones","tag-cultura","tag-la-ribera","tag-siglo-xx","entry"],"_links":{"self":[{"href":"https:\/\/blog.sierranortedeguadalajara.com\/index.php?rest_route=\/wp\/v2\/posts\/4304","targetHints":{"allow":["GET"]}}],"collection":[{"href":"https:\/\/blog.sierranortedeguadalajara.com\/index.php?rest_route=\/wp\/v2\/posts"}],"about":[{"href":"https:\/\/blog.sierranortedeguadalajara.com\/index.php?rest_route=\/wp\/v2\/types\/post"}],"author":[{"embeddable":true,"href":"https:\/\/blog.sierranortedeguadalajara.com\/index.php?rest_route=\/wp\/v2\/users\/1"}],"replies":[{"embeddable":true,"href":"https:\/\/blog.sierranortedeguadalajara.com\/index.php?rest_route=%2Fwp%2Fv2%2Fcomments&post=4304"}],"version-history":[{"count":1,"href":"https:\/\/blog.sierranortedeguadalajara.com\/index.php?rest_route=\/wp\/v2\/posts\/4304\/revisions"}],"predecessor-version":[{"id":31960,"href":"https:\/\/blog.sierranortedeguadalajara.com\/index.php?rest_route=\/wp\/v2\/posts\/4304\/revisions\/31960"}],"wp:attachment":[{"href":"https:\/\/blog.sierranortedeguadalajara.com\/index.php?rest_route=%2Fwp%2Fv2%2Fmedia&parent=4304"}],"wp:term":[{"taxonomy":"category","embeddable":true,"href":"https:\/\/blog.sierranortedeguadalajara.com\/index.php?rest_route=%2Fwp%2Fv2%2Fcategories&post=4304"},{"taxonomy":"post_tag","embeddable":true,"href":"https:\/\/blog.sierranortedeguadalajara.com\/index.php?rest_route=%2Fwp%2Fv2%2Ftags&post=4304"}],"curies":[{"name":"wp","href":"https:\/\/api.w.org\/{rel}","templated":true}]}}