{"id":23363,"date":"2020-10-26T00:05:31","date_gmt":"2020-10-25T22:05:31","guid":{"rendered":"http:\/\/blog.laveredadepuebla.com\/?p=23363"},"modified":"2023-02-10T11:44:21","modified_gmt":"2023-02-10T11:44:21","slug":"pueblos-serranos-a-los-que-le-quitaron-la-vida","status":"publish","type":"post","link":"https:\/\/blog.sierranortedeguadalajara.com\/?p=23363","title":{"rendered":"Pueblos serranos a los que le quitaron la vida"},"content":{"rendered":"<figure id=\"attachment_23366\" aria-describedby=\"caption-attachment-23366\" style=\"width: 300px\" class=\"wp-caption alignright\"><a href=\"https:\/\/laveredadepuebla.files.wordpress.com\/2020\/10\/201026-atance-2.jpg\"><img loading=\"lazy\" decoding=\"async\" class=\"wp-image-23366 size-medium\" src=\"https:\/\/blog.sierranortedeguadalajara.com\/wp-content\/uploads\/2023\/02\/201026-atance-2.jpg\" alt=\"\" width=\"300\" height=\"202\" \/><\/a><figcaption id=\"caption-attachment-23366\" class=\"wp-caption-text\"><strong><em>El Atance, cotesia Faustino Caballero<\/em><\/strong><\/figcaption><\/figure>\n<p align=\"LEFT\"><span style=\"font-size:small;\">En estos lugares de la <\/span><span style=\"color:#000000;\"><span style=\"font-size:small;\"><i><b><a href=\"https:\/\/blog.laveredadepuebla.com\/2016\/05\/10\/el-mapa-de-la-sierra-norte\/\">Sierra Norte de Guadalajara<\/a>, <\/b><\/i><\/span><\/span><span style=\"font-size:small;\">la <\/span><a href=\"https:\/\/wp.me\/px6vB-64i\"><span style=\"font-size:small;\"><i><b>vida no se fue marchando poco a poco<\/b><\/i><\/span><\/a><span style=\"font-size:small;\">, sino que les fue arrebatada violentamente. Sus t\u00e9rminos, incluido casco urbano, fueron expropiados a la fuerza. Dicen que por inter\u00e9s nacional, para la construcci\u00f3n de estos embalses de <\/span><span style=\"color:#000000;\"><span style=\"font-size:small;\"><i><b><a href=\"https:\/\/blog.laveredadepuebla.com\/2018\/03\/12\/fin-de-la-polemica-sobre-el-pueblo-el-vado-abandonado\/\">El Vado<\/a>, <a href=\"https:\/\/blog.laveredadepuebla.com\/2015\/10\/05\/alcorlo-un-pueblo-bajo-las-aguas\/\">Alcorlo<\/a> y <a href=\"https:\/\/blog.laveredadepuebla.com\/2016\/05\/25\/el-pueblo-abandonado-el-atance-y-su-pantano\/\">El Atance<\/a><\/b><\/i><\/span><\/span><span style=\"color:#000000;\"><span style=\"font-size:small;\">.<\/span><\/span><\/p>\n<p align=\"LEFT\"><span style=\"font-size:small;\">No discutiremos el inter\u00e9s ni la necesidad de llevar a cabo estas obras. Pero no podemos justificar que a los vecinos se pagaran justiprecios de miseria por sus propiedades, tarde <\/span><span style=\"color:#7e0021;\"><span style=\"font-size:small;\"><i>(varios a\u00f1os despu\u00e9s),<\/i><\/span><\/span><span style=\"font-size:small;\"> mal <\/span><span style=\"color:#7e0021;\"><span style=\"font-size:small;\"><i>(la valoraci\u00f3n la hizo la Administraci\u00f3n)<\/i><\/span><\/span><span style=\"font-size:small;\"> y en alg\u00fanos caso, nunca.\u00a0 <\/span><span style=\"font-size:small;\">El trato que se dispens\u00f3 a los vecinos, con malos modos, arrasando las viviendas y en algunos casos, con intervenci\u00f3n de la Guardia Civil, fue vergonzoso y propio de una dictadura <\/span><span style=\"color:#7e0021;\"><span style=\"font-size:small;\"><i>(incluso en El Atance que fue inaugurado en 1.997). <\/i><\/span><\/span><\/p>\n<p align=\"LEFT\"><span style=\"font-size:small;\"><a href=\"https:\/\/laveredadepuebla.files.wordpress.com\/2020\/10\/201026-el-vado-1948.jpg\"><img loading=\"lazy\" decoding=\"async\" class=\"alignright wp-image-23372\" src=\"https:\/\/blog.sierranortedeguadalajara.com\/wp-content\/uploads\/2023\/02\/201026-el-vado-1948.jpg\" alt=\"\" width=\"240\" height=\"135\" \/><\/a><a href=\"https:\/\/laveredadepuebla.files.wordpress.com\/2020\/10\/201026-quitaron-vida-1.jpg\"><img loading=\"lazy\" decoding=\"async\" class=\"alignleft wp-image-23370\" src=\"https:\/\/blog.sierranortedeguadalajara.com\/wp-content\/uploads\/2023\/02\/201026-quitaron-vida-1.jpg\" alt=\"\" width=\"240\" height=\"192\" \/><\/a>Hoy se consideran pueblos abandonados, pero la realidad es que les quitaron la vida <\/span><span style=\"font-size:small;\"><i>(la mucha o poca que ten\u00edan)<\/i><\/span><span style=\"font-size:small;\">. Ahora est\u00e1n ocultos bajo las aguas y solo son visibles en \u00e9poca de sequ\u00eda. <span style=\"color:#800000;\"><strong><em>Sirvan estas im\u00e1genes para que no se olviden.<\/em><\/strong><\/span><\/span><\/p>\n<hr \/>\n<p align=\"JUSTIFY\"><span style=\"color:#000099;\"><span style=\"font-size:small;\"><i><b>Lar-ami, <\/b><\/i><\/span><\/span><em class=\"western\"><span style=\"color:#000099;\"><span style=\"font-size:small;\"><i>gerente de <\/i><\/span><\/span><\/em><em class=\"western\"><span style=\"color:#000099;\"><span style=\"font-size:small;\"><i><b>CR<\/b><\/i><\/span><\/span><\/em><i> <\/i><span style=\"color:#0000ff;\"><u><a class=\"western\" href=\"http:\/\/www.laveredadepuebla.com\/\"><span style=\"color:#000099;\"><span style=\"font-size:small;\"><span lang=\"zxx\"><i><b>La Vereda de Puebla<\/b><\/i><\/span><\/span><\/span><\/a><\/u><\/span><span style=\"color:#000099;\"><span style=\"font-size:small;\"><i><b>, entre <\/b><\/i><\/span><\/span><span style=\"color:#0000ff;\"><u><a class=\"western\" href=\"https:\/\/blog.laveredadepuebla.com\/?s=Puebla+y+carcavas\"><span style=\"color:#000099;\"><span style=\"font-size:small;\"><i><b>c\u00e1rcavas<\/b><\/i><\/span><\/span><\/a><\/u><\/span><span style=\"color:#000099;\"><span style=\"font-size:small;\"><i><b> y o<\/b><\/i><\/span><\/span><span style=\"color:#0000ff;\"><u><a class=\"western\" href=\"https:\/\/blog.laveredadepuebla.com\/?s=olivos+mil\"><span style=\"color:#000099;\"><span style=\"font-size:small;\"><i><b>livos milenarios<\/b><\/i><\/span><\/span><\/a><\/u><\/span><span style=\"color:#000099;\"><span style=\"font-size:small;\"><i><b>. <\/b><\/i><\/span><\/span><span style=\"color:#000099;\"><span style=\"font-size:small;\"><i>Todo sobre <\/i><\/span><\/span><strong class=\"western\"><span style=\"color:#000099;\"><span style=\"font-size:small;\"><i><a class=\"western\" href=\"https:\/\/blog.laveredadepuebla.com\/category\/actualidad\/\">Actualidad<\/a>, <a class=\"western\" href=\"https:\/\/blog.laveredadepuebla.com\/category\/costumbres\/\">Costumbres<\/a>, <a class=\"western\" href=\"https:\/\/blog.laveredadepuebla.com\/category\/fiestas\/\">Fiestas<\/a>, <a class=\"western\" href=\"https:\/\/blog.laveredadepuebla.com\/category\/mundo-rural\/\">Mundo Rural<\/a> y <a class=\"western\" href=\"https:\/\/blog.laveredadepuebla.com\/category\/paisajes-y-lugares\/\">Paisajes y Lugares<\/a> <\/i><\/span><\/span><\/strong><span style=\"color:#000099;\"><span style=\"font-size:small;\"><i>de la <\/i><\/span><\/span><strong class=\"western\"><span style=\"color:#000099;\"><span style=\"font-size:small;\"><i>Sierra Norte de Guadalajara<\/i><\/span><\/span><\/strong><span style=\"color:#000099;\"><span style=\"font-size:small;\"><i>. <\/i><\/span><\/span><\/p>\n","protected":false},"excerpt":{"rendered":"<p>En estos lugares de la Sierra Norte de Guadalajara, la vida no se fue marchando poco a poco, sino que les fue arrebatada violentamente. Sus t\u00e9rminos, incluido casco urbano, fueron expropiados a la fuerza. Dicen que por inter\u00e9s nacional, para la construcci\u00f3n de estos embalses de El Vado, Alcorlo y El Atance. No discutiremos el &hellip; <\/p>\n<p class=\"link-more\"><a href=\"https:\/\/blog.sierranortedeguadalajara.com\/?p=23363\" class=\"more-link\">Seguir leyendo<span class=\"screen-reader-text\"> \u00abPueblos serranos a los que le quitaron la vida\u00bb<\/span><\/a><\/p>\n","protected":false},"author":1,"featured_media":0,"comment_status":"open","ping_status":"open","sticky":false,"template":"","format":"standard","meta":{"footnotes":""},"categories":[12,17,9],"tags":[2,4,26,7,29,10],"class_list":["post-23363","post","type-post","status-publish","format-standard","hentry","category-actualidad","category-paisajes-y-lugares-de-la-sierra-norte","category-rincones-de-la-sierra-norte","tag-actualidad","tag-cultura","tag-el-vado","tag-naturaleza","tag-pueblos","tag-sierra-norte","entry"],"_links":{"self":[{"href":"https:\/\/blog.sierranortedeguadalajara.com\/index.php?rest_route=\/wp\/v2\/posts\/23363","targetHints":{"allow":["GET"]}}],"collection":[{"href":"https:\/\/blog.sierranortedeguadalajara.com\/index.php?rest_route=\/wp\/v2\/posts"}],"about":[{"href":"https:\/\/blog.sierranortedeguadalajara.com\/index.php?rest_route=\/wp\/v2\/types\/post"}],"author":[{"embeddable":true,"href":"https:\/\/blog.sierranortedeguadalajara.com\/index.php?rest_route=\/wp\/v2\/users\/1"}],"replies":[{"embeddable":true,"href":"https:\/\/blog.sierranortedeguadalajara.com\/index.php?rest_route=%2Fwp%2Fv2%2Fcomments&post=23363"}],"version-history":[{"count":1,"href":"https:\/\/blog.sierranortedeguadalajara.com\/index.php?rest_route=\/wp\/v2\/posts\/23363\/revisions"}],"predecessor-version":[{"id":24816,"href":"https:\/\/blog.sierranortedeguadalajara.com\/index.php?rest_route=\/wp\/v2\/posts\/23363\/revisions\/24816"}],"wp:attachment":[{"href":"https:\/\/blog.sierranortedeguadalajara.com\/index.php?rest_route=%2Fwp%2Fv2%2Fmedia&parent=23363"}],"wp:term":[{"taxonomy":"category","embeddable":true,"href":"https:\/\/blog.sierranortedeguadalajara.com\/index.php?rest_route=%2Fwp%2Fv2%2Fcategories&post=23363"},{"taxonomy":"post_tag","embeddable":true,"href":"https:\/\/blog.sierranortedeguadalajara.com\/index.php?rest_route=%2Fwp%2Fv2%2Ftags&post=23363"}],"curies":[{"name":"wp","href":"https:\/\/api.w.org\/{rel}","templated":true}]}}