{"id":23303,"date":"2020-10-16T00:05:24","date_gmt":"2020-10-15T22:05:24","guid":{"rendered":"http:\/\/blog.laveredadepuebla.com\/?p=23303"},"modified":"2023-02-10T11:44:26","modified_gmt":"2023-02-10T11:44:26","slug":"trabajos-de-antano-de-la-mujer-serrana","status":"publish","type":"post","link":"https:\/\/blog.sierranortedeguadalajara.com\/?p=23303","title":{"rendered":"Trabajos de anta\u00f1o de la mujer serrana"},"content":{"rendered":"<p align=\"LEFT\"><span style=\"font-size:small;\">Revisando el archivo de fotos antiguas, he encontrado im\u00e1genes de mujeres de la <\/span><a href=\"https:\/\/blog.laveredadepuebla.com\/2016\/05\/10\/el-mapa-de-la-sierra-norte\/\"><span style=\"font-size:small;\"><i><b>Sierra Norte de Guadalajara<\/b><\/i><\/span><\/a><span style=\"font-size:small;\"> realizando labores propias de su sexo <\/span><span style=\"color:#800000;\"><span style=\"font-size:small;\"><i><b>(para nuestra verg\u00fcenza, as\u00ed se dec\u00eda antes. Incluso en documentos oficiales; en el DNI la profesion de las amas de casa era <\/b><\/i><\/span><\/span><span style=\"color:#800000;\"><span style=\"font-size:small;\"><i><u><b>Sus labores<\/b><\/u><\/i><\/span><\/span><span style=\"color:#800000;\"><span style=\"font-size:small;\"><i><b>). <\/b><\/i><\/span><\/span><\/p>\n<figure id=\"attachment_23308\" aria-describedby=\"caption-attachment-23308\" style=\"width: 240px\" class=\"wp-caption alignright\"><a href=\"https:\/\/laveredadepuebla.files.wordpress.com\/2020\/10\/201016-mujer-jcerrada-1.jpg\"><img loading=\"lazy\" decoding=\"async\" class=\"wp-image-23308\" src=\"https:\/\/blog.sierranortedeguadalajara.com\/wp-content\/uploads\/2023\/02\/201016-mujer-jcerrada-1.jpg\" alt=\"\" width=\"240\" height=\"240\" \/><\/a><figcaption id=\"caption-attachment-23308\" class=\"wp-caption-text\"><strong><em>Cortesia Javier Cerrada<\/em><\/strong><\/figcaption><\/figure>\n<p align=\"LEFT\"><span style=\"font-size:small;\"><a href=\"https:\/\/laveredadepuebla.files.wordpress.com\/2020\/10\/201016-mujer-serrana-2.jpg\"><img loading=\"lazy\" decoding=\"async\" class=\"alignleft wp-image-23305 size-medium\" src=\"https:\/\/blog.sierranortedeguadalajara.com\/wp-content\/uploads\/2023\/02\/201016-mujer-serrana-2.jpg\" alt=\"\" width=\"193\" height=\"300\" \/><\/a>Adem\u00e1s de ayudar al marido con el ganado y en el campo, la mujer serrana realizaba los trabajos de la casa, arrimar agua de la fuente, atender el corral y el cuidado de los hijos, a veces en condiciones muy penosas, como reflejan estas fotos.<\/span><\/p>\n<figure id=\"attachment_23310\" aria-describedby=\"caption-attachment-23310\" style=\"width: 235px\" class=\"wp-caption alignright\"><a href=\"https:\/\/laveredadepuebla.files.wordpress.com\/2020\/10\/201016-mujer-serrana-jcerrada-4.jpg\"><img loading=\"lazy\" decoding=\"async\" class=\"wp-image-23310\" src=\"https:\/\/blog.sierranortedeguadalajara.com\/wp-content\/uploads\/2023\/02\/201016-mujer-serrana-jcerrada-4.jpg\" alt=\"\" width=\"235\" height=\"157\" \/><\/a><figcaption id=\"caption-attachment-23310\" class=\"wp-caption-text\"><em><strong>Cortesia Javier Cerrada<\/strong><\/em><\/figcaption><\/figure>\n<p align=\"LEFT\"><span style=\"font-size:small;\"><a href=\"https:\/\/laveredadepuebla.files.wordpress.com\/2020\/10\/201916-mujer-serrana-3.jpg\"><img loading=\"lazy\" decoding=\"async\" class=\"alignleft wp-image-23312\" src=\"https:\/\/blog.sierranortedeguadalajara.com\/wp-content\/uploads\/2023\/02\/201916-mujer-serrana-3.jpg\" alt=\"\" width=\"235\" height=\"238\" \/><\/a>Ahora que todos gozamos de los mismos derechos y deberes, conviene recordarlo para que no olvidemos de donde venimos. <span style=\"color:#800000;\"><em><strong>\u00a1Que solo han pasado 50 a\u00f1os!<\/strong><\/em><\/span><\/span><\/p>\n<hr \/>\n<p align=\"JUSTIFY\"><span style=\"color:#000099;\"><span style=\"font-size:small;\"><i><b>Lar-ami, <\/b><\/i><\/span><\/span><em class=\"western\"><span style=\"color:#000099;\"><span style=\"font-size:small;\"><i>gerente de <\/i><\/span><\/span><\/em><em class=\"western\"><span style=\"color:#000099;\"><span style=\"font-size:small;\"><i><b>CR<\/b><\/i><\/span><\/span><\/em><i> <\/i><span style=\"color:#0000ff;\"><u><a class=\"western\" href=\"http:\/\/www.laveredadepuebla.com\/\"><span style=\"color:#000099;\"><span style=\"font-size:small;\"><span lang=\"zxx\"><i><b>La Vereda de Puebla<\/b><\/i><\/span><\/span><\/span><\/a><\/u><\/span><span style=\"color:#000099;\"><span style=\"font-size:small;\"><i><b>, entre <\/b><\/i><\/span><\/span><span style=\"color:#0000ff;\"><u><a class=\"western\" href=\"https:\/\/blog.laveredadepuebla.com\/?s=Puebla+y+carcavas\"><span style=\"color:#000099;\"><span style=\"font-size:small;\"><i><b>c\u00e1rcavas<\/b><\/i><\/span><\/span><\/a><\/u><\/span><span style=\"color:#000099;\"><span style=\"font-size:small;\"><i><b> y o<\/b><\/i><\/span><\/span><span style=\"color:#0000ff;\"><u><a class=\"western\" href=\"https:\/\/blog.laveredadepuebla.com\/?s=olivos+mil\"><span style=\"color:#000099;\"><span style=\"font-size:small;\"><i><b>livos milenarios<\/b><\/i><\/span><\/span><\/a><\/u><\/span><span style=\"color:#000099;\"><span style=\"font-size:small;\"><i><b>. <\/b><\/i><\/span><\/span><span style=\"color:#000099;\"><span style=\"font-size:small;\"><i>Todo sobre <\/i><\/span><\/span><strong class=\"western\"><span style=\"color:#000099;\"><span style=\"font-size:small;\"><i><a class=\"western\" href=\"https:\/\/blog.laveredadepuebla.com\/category\/actualidad\/\">Actualidad<\/a>, <a class=\"western\" href=\"https:\/\/blog.laveredadepuebla.com\/category\/costumbres\/\">Costumbres<\/a>, <a class=\"western\" href=\"https:\/\/blog.laveredadepuebla.com\/category\/fiestas\/\">Fiestas<\/a>, <a class=\"western\" href=\"https:\/\/blog.laveredadepuebla.com\/category\/mundo-rural\/\">Mundo Rural<\/a> y <a class=\"western\" href=\"https:\/\/blog.laveredadepuebla.com\/category\/paisajes-y-lugares\/\">Paisajes y Lugares<\/a> <\/i><\/span><\/span><\/strong><span style=\"color:#000099;\"><span style=\"font-size:small;\"><i>de la <\/i><\/span><\/span><strong class=\"western\"><span style=\"color:#000099;\"><span style=\"font-size:small;\"><i>Sierra Norte de Guadalajara<\/i><\/span><\/span><\/strong><span style=\"color:#000099;\"><span style=\"font-size:small;\"><i>. <\/i><\/span><\/span><\/p>\n","protected":false},"excerpt":{"rendered":"<p>Revisando el archivo de fotos antiguas, he encontrado im\u00e1genes de mujeres de la Sierra Norte de Guadalajara realizando labores propias de su sexo (para nuestra verg\u00fcenza, as\u00ed se dec\u00eda antes. Incluso en documentos oficiales; en el DNI la profesion de las amas de casa era Sus labores). Adem\u00e1s de ayudar al marido con el ganado &hellip; <\/p>\n<p class=\"link-more\"><a href=\"https:\/\/blog.sierranortedeguadalajara.com\/?p=23303\" class=\"more-link\">Seguir leyendo<span class=\"screen-reader-text\"> \u00abTrabajos de anta\u00f1o de la mujer serrana\u00bb<\/span><\/a><\/p>\n","protected":false},"author":1,"featured_media":0,"comment_status":"open","ping_status":"open","sticky":false,"template":"","format":"standard","meta":{"footnotes":""},"categories":[12,3,42],"tags":[2,28,4,43,7,10],"class_list":["post-23303","post","type-post","status-publish","format-standard","hentry","category-actualidad","category-costumbres-y-tradiciones","category-fiestas-y-eventos","tag-actualidad","tag-costumbres","tag-cultura","tag-historia-tradicones","tag-naturaleza","tag-sierra-norte","entry"],"_links":{"self":[{"href":"https:\/\/blog.sierranortedeguadalajara.com\/index.php?rest_route=\/wp\/v2\/posts\/23303","targetHints":{"allow":["GET"]}}],"collection":[{"href":"https:\/\/blog.sierranortedeguadalajara.com\/index.php?rest_route=\/wp\/v2\/posts"}],"about":[{"href":"https:\/\/blog.sierranortedeguadalajara.com\/index.php?rest_route=\/wp\/v2\/types\/post"}],"author":[{"embeddable":true,"href":"https:\/\/blog.sierranortedeguadalajara.com\/index.php?rest_route=\/wp\/v2\/users\/1"}],"replies":[{"embeddable":true,"href":"https:\/\/blog.sierranortedeguadalajara.com\/index.php?rest_route=%2Fwp%2Fv2%2Fcomments&post=23303"}],"version-history":[{"count":1,"href":"https:\/\/blog.sierranortedeguadalajara.com\/index.php?rest_route=\/wp\/v2\/posts\/23303\/revisions"}],"predecessor-version":[{"id":24835,"href":"https:\/\/blog.sierranortedeguadalajara.com\/index.php?rest_route=\/wp\/v2\/posts\/23303\/revisions\/24835"}],"wp:attachment":[{"href":"https:\/\/blog.sierranortedeguadalajara.com\/index.php?rest_route=%2Fwp%2Fv2%2Fmedia&parent=23303"}],"wp:term":[{"taxonomy":"category","embeddable":true,"href":"https:\/\/blog.sierranortedeguadalajara.com\/index.php?rest_route=%2Fwp%2Fv2%2Fcategories&post=23303"},{"taxonomy":"post_tag","embeddable":true,"href":"https:\/\/blog.sierranortedeguadalajara.com\/index.php?rest_route=%2Fwp%2Fv2%2Ftags&post=23303"}],"curies":[{"name":"wp","href":"https:\/\/api.w.org\/{rel}","templated":true}]}}