{"id":23187,"date":"2020-09-30T00:05:17","date_gmt":"2020-09-29T22:05:17","guid":{"rendered":"http:\/\/blog.laveredadepuebla.com\/?p=23187"},"modified":"2023-02-10T11:44:33","modified_gmt":"2023-02-10T11:44:33","slug":"la-fuente-de-tamajon","status":"publish","type":"post","link":"https:\/\/blog.sierranortedeguadalajara.com\/?p=23187","title":{"rendered":"La fuente de Tamaj\u00f3n"},"content":{"rendered":"<p align=\"LEFT\"><span style=\"font-size:small;\">Sorprende que apenas se haya hablado de esta fuente p\u00fablica, incluso en la oficina de informacion turistica durante el periodo que estuvo abierta, a pesar de estar junto a ella. <\/span><\/p>\n<p align=\"LEFT\"><span style=\"font-size:small;\">El agua siempre fue una procupaci\u00f3n del Concejo, que no se solvent\u00f3 definitivamente hasta 2.005 con la canalizacion actual desde El Vado.<\/span><span style=\"font-size:small;\"> El<\/span><a href=\"https:\/\/blog.laveredadepuebla.com\/2010\/03\/08\/lo-que-dice-el-madoz-de-tamajon\/\"><span style=\"font-size:small;\"><i><b> Diccionario Madoz<\/b><\/i><\/span><\/a> <span style=\"font-size:small;\"><i>(1.845) <\/i><\/span><span style=\"font-size:small;\">ya nos habla de 5 fuentes perennes de aguas buenas, pero gruesas. <a href=\"https:\/\/laveredadepuebla.files.wordpress.com\/2020\/09\/200930-fuente-1.jpg\"><img loading=\"lazy\" decoding=\"async\" class=\"alignright size-medium wp-image-23190\" src=\"https:\/\/blog.sierranortedeguadalajara.com\/wp-content\/uploads\/2023\/02\/200930-fuente-1.jpg\" alt=\"\" width=\"300\" height=\"225\" \/><\/a><\/span><\/p>\n<p align=\"LEFT\"><span style=\"font-size:small;\">Desconocemos fecha de construcci\u00f3n de esta fuente p\u00fablica de la Calle de Enmedio, pr\u00f3xima a la <\/span><a href=\"https:\/\/blog.laveredadepuebla.com\/2013\/09\/20\/tamajon-capital-ganadera-en-el-siglo-xviii\/\"><span style=\"font-size:small;\"><i><b>plaza del Coso y a la Iglesia<\/b><\/i><\/span><\/a><span style=\"font-size:small;\">. Sabemos que sus aguas ya estaban contaminadas en de \u00e9poca; su origen estaba en las proximidades de la <\/span><span style=\"font-size:small;\"><i><b><a href=\"https:\/\/blog.laveredadepuebla.com\/2011\/11\/24\/vida-para-las-lagunas-de-tamajon\/\">laguna de Cantarranas<\/a>.<\/b><\/i><\/span><span style=\"font-size:small;\"> Se produc\u00edan filtraciones del abrevadero del <\/span><span style=\"font-size:small;\"><i><b><a href=\"https:\/\/blog.laveredadepuebla.com\/2010\/07\/21\/de%c2%a0obras\/\">descansadero de ganado<\/a>,<\/b><\/i><\/span><span style=\"font-size:small;\"> situado en el camino de Muriel,<\/span><span style=\"font-size:small;\"><i> (hoy est\u00e1 en el merendero de la laguna)<\/i><\/span><span style=\"font-size:small;\"> y del convento franciscano.<\/span><\/p>\n<p align=\"LEFT\"><span style=\"font-size:small;\"><a href=\"https:\/\/laveredadepuebla.files.wordpress.com\/2020\/09\/200930-fuente-2.jpg\"><img loading=\"lazy\" decoding=\"async\" class=\"alignleft wp-image-23191\" src=\"https:\/\/blog.sierranortedeguadalajara.com\/wp-content\/uploads\/2023\/02\/200930-fuente-2.jpg\" alt=\"\" width=\"250\" height=\"188\" \/><\/a><a href=\"https:\/\/laveredadepuebla.files.wordpress.com\/2020\/09\/200930-fuente-3.jpg\"><img loading=\"lazy\" decoding=\"async\" class=\"alignright size-medium wp-image-23192\" src=\"https:\/\/blog.sierranortedeguadalajara.com\/wp-content\/uploads\/2023\/02\/200930-fuente-3.jpg\" alt=\"\" width=\"225\" height=\"300\" \/><\/a>El antiguo lavadero<\/span> <span style=\"color:#c5000b;\"><span style=\"font-size:small;\"><i><b>(la vieja tener\u00eda)<\/b><\/i><\/span><\/span> <span style=\"font-size:small;\">se alimentaba de las mismas aguas por lo que sufr\u00eda del mismo mal. Por ello en 1.920 se hizo una reforma de la fuente <\/span><span style=\"font-size:small;\"><i>(asi lo indica una placa)<\/i><\/span><span style=\"font-size:small;\"> y del lavadero <\/span><span style=\"font-size:small;\"><i>(de 55 mts de superficie) y<\/i><\/span><span style=\"font-size:small;\"> previa limpieza de la red de abastecimiento desde el origen. Asi lo explica <\/span><a href=\"https:\/\/aache.com\/alcarrians\/garcia_lopez.htm\"><span style=\"font-size:small;\"><i><b>Aurelio Garcia Lopez<\/b><\/i><\/span><\/a><span style=\"font-size:small;\"> \u00e9n su libro <\/span><span style=\"color:#c5000b;\"><span style=\"font-size:small;\"><i><b>\u201cTamajon en de Edad Contemporanea\u201d<\/b><\/i><\/span><\/span><\/p>\n<hr \/>\n<p align=\"JUSTIFY\"><span style=\"color:#000099;\"><span style=\"font-size:small;\"><i><b>Lar-ami, <\/b><\/i><\/span><\/span><em class=\"western\"><span style=\"color:#000099;\"><span style=\"font-size:small;\"><i>gerente de <\/i><\/span><\/span><\/em><em class=\"western\"><span style=\"color:#000099;\"><span style=\"font-size:small;\"><i><b>CR<\/b><\/i><\/span><\/span><\/em><i> <\/i><span style=\"color:#0000ff;\"><u><a class=\"western\" href=\"http:\/\/www.laveredadepuebla.com\/\"><span style=\"color:#000099;\"><span style=\"font-size:small;\"><span lang=\"zxx\"><i><b>La Vereda de Puebla<\/b><\/i><\/span><\/span><\/span><\/a><\/u><\/span><span style=\"color:#000099;\"><span style=\"font-size:small;\"><i><b>, entre <\/b><\/i><\/span><\/span><span style=\"color:#0000ff;\"><u><a class=\"western\" href=\"https:\/\/blog.laveredadepuebla.com\/?s=Puebla+y+carcavas\"><span style=\"color:#000099;\"><span style=\"font-size:small;\"><i><b>c\u00e1rcavas<\/b><\/i><\/span><\/span><\/a><\/u><\/span><span style=\"color:#000099;\"><span style=\"font-size:small;\"><i><b> y o<\/b><\/i><\/span><\/span><span style=\"color:#0000ff;\"><u><a class=\"western\" href=\"https:\/\/blog.laveredadepuebla.com\/?s=olivos+mil\"><span style=\"color:#000099;\"><span style=\"font-size:small;\"><i><b>livos milenarios<\/b><\/i><\/span><\/span><\/a><\/u><\/span><span style=\"color:#000099;\"><span style=\"font-size:small;\"><i><b>. <\/b><\/i><\/span><\/span><span style=\"color:#000099;\"><span style=\"font-size:small;\"><i>Todo sobre <\/i><\/span><\/span><strong class=\"western\"><span style=\"color:#000099;\"><span style=\"font-size:small;\"><i><a class=\"western\" href=\"https:\/\/blog.laveredadepuebla.com\/category\/actualidad\/\">Actualidad<\/a>, <a class=\"western\" href=\"https:\/\/blog.laveredadepuebla.com\/category\/costumbres\/\">Costumbres<\/a>, <a class=\"western\" href=\"https:\/\/blog.laveredadepuebla.com\/category\/fiestas\/\">Fiestas<\/a>, <a class=\"western\" href=\"https:\/\/blog.laveredadepuebla.com\/category\/mundo-rural\/\">Mundo Rural<\/a> y <a class=\"western\" href=\"https:\/\/blog.laveredadepuebla.com\/category\/paisajes-y-lugares\/\">Paisajes y Lugares<\/a> <\/i><\/span><\/span><\/strong><span style=\"color:#000099;\"><span style=\"font-size:small;\"><i>de la <\/i><\/span><\/span><strong class=\"western\"><span style=\"color:#000099;\"><span style=\"font-size:small;\"><i>Sierra Norte de Guadalajara<\/i><\/span><\/span><\/strong><span style=\"color:#000099;\"><span style=\"font-size:small;\"><i>. <\/i><\/span><\/span><\/p>\n","protected":false},"excerpt":{"rendered":"<p>Sorprende que apenas se haya hablado de esta fuente p\u00fablica, incluso en la oficina de informacion turistica durante el periodo que estuvo abierta, a pesar de estar junto a ella. El agua siempre fue una procupaci\u00f3n del Concejo, que no se solvent\u00f3 definitivamente hasta 2.005 con la canalizacion actual desde El Vado. El Diccionario Madoz &hellip; <\/p>\n<p class=\"link-more\"><a href=\"https:\/\/blog.sierranortedeguadalajara.com\/?p=23187\" class=\"more-link\">Seguir leyendo<span class=\"screen-reader-text\"> \u00abLa fuente de Tamaj\u00f3n\u00bb<\/span><\/a><\/p>\n","protected":false},"author":1,"featured_media":0,"comment_status":"open","ping_status":"open","sticky":false,"template":"","format":"standard","meta":{"footnotes":""},"categories":[12,6,9],"tags":[2,4,26,7,10,21],"class_list":["post-23187","post","type-post","status-publish","format-standard","hentry","category-actualidad","category-mundo-rural","category-rincones-de-la-sierra-norte","tag-actualidad","tag-cultura","tag-el-vado","tag-naturaleza","tag-sierra-norte","tag-tamajon","entry"],"_links":{"self":[{"href":"https:\/\/blog.sierranortedeguadalajara.com\/index.php?rest_route=\/wp\/v2\/posts\/23187","targetHints":{"allow":["GET"]}}],"collection":[{"href":"https:\/\/blog.sierranortedeguadalajara.com\/index.php?rest_route=\/wp\/v2\/posts"}],"about":[{"href":"https:\/\/blog.sierranortedeguadalajara.com\/index.php?rest_route=\/wp\/v2\/types\/post"}],"author":[{"embeddable":true,"href":"https:\/\/blog.sierranortedeguadalajara.com\/index.php?rest_route=\/wp\/v2\/users\/1"}],"replies":[{"embeddable":true,"href":"https:\/\/blog.sierranortedeguadalajara.com\/index.php?rest_route=%2Fwp%2Fv2%2Fcomments&post=23187"}],"version-history":[{"count":1,"href":"https:\/\/blog.sierranortedeguadalajara.com\/index.php?rest_route=\/wp\/v2\/posts\/23187\/revisions"}],"predecessor-version":[{"id":24864,"href":"https:\/\/blog.sierranortedeguadalajara.com\/index.php?rest_route=\/wp\/v2\/posts\/23187\/revisions\/24864"}],"wp:attachment":[{"href":"https:\/\/blog.sierranortedeguadalajara.com\/index.php?rest_route=%2Fwp%2Fv2%2Fmedia&parent=23187"}],"wp:term":[{"taxonomy":"category","embeddable":true,"href":"https:\/\/blog.sierranortedeguadalajara.com\/index.php?rest_route=%2Fwp%2Fv2%2Fcategories&post=23187"},{"taxonomy":"post_tag","embeddable":true,"href":"https:\/\/blog.sierranortedeguadalajara.com\/index.php?rest_route=%2Fwp%2Fv2%2Ftags&post=23187"}],"curies":[{"name":"wp","href":"https:\/\/api.w.org\/{rel}","templated":true}]}}