{"id":23143,"date":"2020-08-19T00:05:43","date_gmt":"2020-08-18T22:05:43","guid":{"rendered":"http:\/\/blog.laveredadepuebla.com\/?p=23143"},"modified":"2023-02-10T11:44:54","modified_gmt":"2023-02-10T11:44:54","slug":"publicar-un-libro","status":"publish","type":"post","link":"https:\/\/blog.sierranortedeguadalajara.com\/?p=23143","title":{"rendered":"Publicar un libro &#8230;"},"content":{"rendered":"<p align=\"LEFT\">\u2026 <span style=\"font-size:small;\">nunca ha sido f\u00e1cil&#8230;. y menos en Provincias. Solo algunos autores reconocidos y\/o muy apoyados lo consiguen; la edici\u00f3n, como cualquier otro negocio, <\/span><span style=\"color:#7e0021;\"><span style=\"font-size:small;\"><i><b>debe buscar su rentabilidad. <\/b><\/i><\/span><\/span><span style=\"font-size:small;\">La peque\u00f1as editoriales arriesgan lo m\u00ednimo <\/span><span style=\"color:#800000;\"><span style=\"font-size:small;\"><i><b>(al menos en Guadalajara) <\/b><\/i><\/span><\/span><span style=\"font-size:small;\">y publican cuando hay un ente pagador <\/span><span style=\"color:#800000;\"><span style=\"font-size:small;\"><i>(un Organismo p\u00fablico, un entidad privada, el autor, \u2026) <\/i><span style=\"color:#000000;\">que asume los costes.<\/span><\/span><\/span><span style=\"font-size:small;\"> A\u00fan as\u00ed realizan una labor de divulgaci\u00f3n de temas locales y provinciales que de otra manera quedar\u00edan in\u00e9ditos, a pesar de <\/span><a href=\"https:\/\/blog.laveredadepuebla.com\/2019\/12\/31\/fuera-hipocresia\/\"><span style=\"font-size:small;\"><i><b>blogs y Rrss<\/b><\/i><\/span><span style=\"font-size:small;\">.<\/span><\/a><\/p>\n<p align=\"LEFT\"><span style=\"font-size:small;\"><a href=\"http:\/\/es.calameo.com\/read\/002082604e62d848ebe6d\"><img loading=\"lazy\" decoding=\"async\" class=\"alignright wp-image-23147 size-medium\" src=\"https:\/\/blog.sierranortedeguadalajara.com\/wp-content\/uploads\/2023\/02\/200819-publicar-libro-2.jpg\" alt=\"\" width=\"209\" height=\"300\" \/><\/a>La comercializaci\u00f3n corre a cargo del pagador y del autor, aunque la editorial colabora:<\/span> <span style=\"color:#800000;\"><span style=\"font-size:small;\"><i>integrando el libro en alguna de sus colecciones, lo presenta en ferias, lo divulga en Redes Sociales, adquiere algunos ejemplares, &#8230;<\/i><\/span><\/span><span style=\"font-size:small;\"> Por ello algunos autores <\/span><span style=\"font-size:small;\">optan por publicar on-line <\/span><span style=\"color:#800000;\"><span style=\"font-size:small;\"><i><b>(Calameo, \u2026 )<\/b><\/i><\/span><\/span><span style=\"font-size:small;\"> y\/u otras que no exigen pago previo <\/span><span style=\"color:#800000;\"><span style=\"font-size:small;\"><i><b>(Amaz\u00f3n, Bubok, \u2026)<\/b><\/i><\/span><\/span><\/p>\n<p align=\"LEFT\"><span style=\"font-size:small;\">A pesar de tener publicados varios t\u00edtulos: <\/span><a href=\"https:\/\/www.aache.com\/tierra\/tierra61.htm\"><span style=\"font-size:small;\"><i><b>Puebla de Valles, usos y costumbres<\/b><\/i><\/span><span style=\"font-size:small;\">, <\/span><\/a><a href=\"https:\/\/www.casadellibro.com\/libro-veredas-y-caminos-de-la-ribera-36-rutas-por-los-valles-del-jaram-a-y-del-sorbe-a-su-paso-por-guadalajara\/9788477885047\/1215165\"><span style=\"font-size:small;\"><i><b>Veredas y caminos de de Ribera<\/b><\/i><\/span><\/a><span style=\"font-size:small;\">, <\/span><a href=\"http:\/\/es.calameo.com\/read\/002082604deb05b9154e1\"><span style=\"font-size:small;\"><i><b>Breve historia del Monasterio de Bonaval <\/b><\/i><\/span><\/a><span style=\"font-size:small;\">y<\/span> <span style=\"font-size:small;\"><i><b><a href=\"http:\/\/es.calameo.com\/read\/002082604e62d848ebe6d\">18 dias que cambiaron de Historia de Retiendas<\/a>, <\/b><\/i><\/span><span style=\"font-size:small;\">hemos tenido que publicar en Amaz\u00f3n nuestro libro <\/span><a href=\"https:\/\/www.amazon.es\/dp\/B0892HXYTC\"><span style=\"font-size:small;\"><i><b>\u201cCuentos y leyendas de la Sierra Norte de Guadalajara\u201d<\/b><\/i><\/span><\/a><span style=\"font-size:small;\">, asumiendo labores de marketig y divulgaci\u00f3n <\/span><span style=\"font-size:small;\"><i>(la comercializaci\u00f3n la hacen ellos).<\/i><\/span><\/p>\n<p align=\"LEFT\"><span style=\"font-size:small;\"><a href=\"https:\/\/www.amazon.es\/dp\/B0892HXYTC\"><img loading=\"lazy\" decoding=\"async\" class=\"alignleft wp-image-23146 size-medium\" src=\"https:\/\/blog.sierranortedeguadalajara.com\/wp-content\/uploads\/2023\/02\/200819-publicar-libro-1.jpg\" alt=\"\" width=\"230\" height=\"300\" \/><\/a>El autor, en su ingenuidad, ha creido que su libro aportaba algo novedoso a nuestra provincia. Y se ha dirigido a las dos librerias m\u00e1s conocidas de la ciudad <\/span><span style=\"color:#800000;\"><span style=\"font-size:small;\"><i>(si eres de Guadalajara ya sabes cu\u00e1les) <\/i><\/span><\/span><span style=\"color:#000000;\"><span style=\"font-size:small;\">para <span style=\"color:#800000;\"><em><strong>regalarles un ejemplar y ofrecerles que lo comercialicen<\/strong><\/em><\/span>. <\/span><\/span><span style=\"font-size:small;\">Si bien entendemos que no les interese y\/o que no trabajen con Amaz\u00f3n <\/span><span style=\"color:#000000;\"><span style=\"font-size:small;\"><i>(al fin y al cabo es su negocio),<\/i><\/span><\/span><span style=\"color:#000000;\"><span style=\"font-size:small;\"> e<\/span><\/span><span style=\"color:#7e0021;\"><span style=\"font-size:small;\">l<\/span><\/span><span style=\"color:#7e0021;\"><span style=\"font-size:small;\"><i><b> trato dispensado en una <\/b><\/i><\/span><\/span><span style=\"color:#7e0021;\"><span style=\"font-size:small;\"><i>(aunque nos ignor\u00f3, tuvo la delicadeza de tomar nota del telefono)<\/i><\/span><\/span><span style=\"color:#7e0021;\"><span style=\"font-size:small;\"><span style=\"color:#000000;\"><b> y <\/b><\/span><i><b>el desprecio de la otra <\/b><\/i><\/span><\/span><span style=\"color:#000000;\"><span style=\"font-size:small;\">nos ha dejado estupefactos. <\/span><\/span><\/p>\n<p align=\"LEFT\"><span style=\"color:#000000;\"><span style=\"font-size:small;\">Este proceder de estos <\/span><\/span><span style=\"color:#7e0021;\"><span style=\"font-size:small;\"><i><b>centros de cultura<\/b><\/i><\/span><\/span><span style=\"color:#000000;\"><span style=\"font-size:small;\"> resulta lamentable. No basta con presumir de ello en Medios, RRss y ferias, <span style=\"color:#800000;\"><em><strong>\u00a1hay que demostrarlo cada d\u00eda!<\/strong><\/em><\/span><\/span><\/span><\/p>\n<hr \/>\n<p align=\"JUSTIFY\"><span style=\"color:#000099;\"><span style=\"font-size:small;\"><i><b>Lar-ami, <\/b><\/i><\/span><\/span><em class=\"western\"><span style=\"color:#000099;\"><span style=\"font-size:small;\"><i>gerente de <\/i><\/span><\/span><\/em><em class=\"western\"><span style=\"color:#000099;\"><span style=\"font-size:small;\"><i><b>CR<\/b><\/i><\/span><\/span><\/em><i> <\/i><span style=\"color:#0000ff;\"><u><a class=\"western\" href=\"http:\/\/www.laveredadepuebla.com\/\"><span style=\"color:#000099;\"><span style=\"font-size:small;\"><span lang=\"zxx\"><i><b>La Vereda de Puebla<\/b><\/i><\/span><\/span><\/span><\/a><\/u><\/span><span style=\"color:#000099;\"><span style=\"font-size:small;\"><i><b>, entre <\/b><\/i><\/span><\/span><span style=\"color:#0000ff;\"><u><a class=\"western\" href=\"https:\/\/blog.laveredadepuebla.com\/?s=Puebla+y+carcavas\"><span style=\"color:#000099;\"><span style=\"font-size:small;\"><i><b>c\u00e1rcavas<\/b><\/i><\/span><\/span><\/a><\/u><\/span><span style=\"color:#000099;\"><span style=\"font-size:small;\"><i><b> y o<\/b><\/i><\/span><\/span><span style=\"color:#0000ff;\"><u><a class=\"western\" href=\"https:\/\/blog.laveredadepuebla.com\/?s=olivos+mil\"><span style=\"color:#000099;\"><span style=\"font-size:small;\"><i><b>livos milenarios<\/b><\/i><\/span><\/span><\/a><\/u><\/span><span style=\"color:#000099;\"><span style=\"font-size:small;\"><i><b>. <\/b><\/i><\/span><\/span><span style=\"color:#000099;\"><span style=\"font-size:small;\"><i>Todo sobre <\/i><\/span><\/span><strong class=\"western\"><span style=\"color:#000099;\"><span style=\"font-size:small;\"><i><a class=\"western\" href=\"https:\/\/blog.laveredadepuebla.com\/category\/actualidad\/\">Actualidad<\/a>, <a class=\"western\" href=\"https:\/\/blog.laveredadepuebla.com\/category\/costumbres\/\">Costumbres<\/a>, <a class=\"western\" href=\"https:\/\/blog.laveredadepuebla.com\/category\/fiestas\/\">Fiestas<\/a>, <a class=\"western\" href=\"https:\/\/blog.laveredadepuebla.com\/category\/mundo-rural\/\">Mundo Rural<\/a> y <a class=\"western\" href=\"https:\/\/blog.laveredadepuebla.com\/category\/paisajes-y-lugares\/\">Paisajes y Lugares<\/a> <\/i><\/span><\/span><\/strong><span style=\"color:#000099;\"><span style=\"font-size:small;\"><i>de la <\/i><\/span><\/span><strong class=\"western\"><span style=\"color:#000099;\"><span style=\"font-size:small;\"><i>Sierra Norte de Guadalajara<\/i><\/span><\/span><\/strong><span style=\"color:#000099;\"><span style=\"font-size:small;\"><i>. <\/i><\/span><\/span><\/p>\n","protected":false},"excerpt":{"rendered":"<p>\u2026 nunca ha sido f\u00e1cil&#8230;. y menos en Provincias. Solo algunos autores reconocidos y\/o muy apoyados lo consiguen; la edici\u00f3n, como cualquier otro negocio, debe buscar su rentabilidad. La peque\u00f1as editoriales arriesgan lo m\u00ednimo (al menos en Guadalajara) y publican cuando hay un ente pagador (un Organismo p\u00fablico, un entidad privada, el autor, \u2026) que &hellip; <\/p>\n<p class=\"link-more\"><a href=\"https:\/\/blog.sierranortedeguadalajara.com\/?p=23143\" class=\"more-link\">Seguir leyendo<span class=\"screen-reader-text\"> \u00abPublicar un libro &#8230;\u00bb<\/span><\/a><\/p>\n","protected":false},"author":1,"featured_media":0,"comment_status":"open","ping_status":"open","sticky":false,"template":"","format":"standard","meta":{"footnotes":""},"categories":[12,3],"tags":[2,24,4,25,7,10],"class_list":["post-23143","post","type-post","status-publish","format-standard","hentry","category-actualidad","category-costumbres-y-tradiciones","tag-actualidad","tag-cuentos","tag-cultura","tag-leyendas","tag-naturaleza","tag-sierra-norte","entry"],"_links":{"self":[{"href":"https:\/\/blog.sierranortedeguadalajara.com\/index.php?rest_route=\/wp\/v2\/posts\/23143","targetHints":{"allow":["GET"]}}],"collection":[{"href":"https:\/\/blog.sierranortedeguadalajara.com\/index.php?rest_route=\/wp\/v2\/posts"}],"about":[{"href":"https:\/\/blog.sierranortedeguadalajara.com\/index.php?rest_route=\/wp\/v2\/types\/post"}],"author":[{"embeddable":true,"href":"https:\/\/blog.sierranortedeguadalajara.com\/index.php?rest_route=\/wp\/v2\/users\/1"}],"replies":[{"embeddable":true,"href":"https:\/\/blog.sierranortedeguadalajara.com\/index.php?rest_route=%2Fwp%2Fv2%2Fcomments&post=23143"}],"version-history":[{"count":1,"href":"https:\/\/blog.sierranortedeguadalajara.com\/index.php?rest_route=\/wp\/v2\/posts\/23143\/revisions"}],"predecessor-version":[{"id":24941,"href":"https:\/\/blog.sierranortedeguadalajara.com\/index.php?rest_route=\/wp\/v2\/posts\/23143\/revisions\/24941"}],"wp:attachment":[{"href":"https:\/\/blog.sierranortedeguadalajara.com\/index.php?rest_route=%2Fwp%2Fv2%2Fmedia&parent=23143"}],"wp:term":[{"taxonomy":"category","embeddable":true,"href":"https:\/\/blog.sierranortedeguadalajara.com\/index.php?rest_route=%2Fwp%2Fv2%2Fcategories&post=23143"},{"taxonomy":"post_tag","embeddable":true,"href":"https:\/\/blog.sierranortedeguadalajara.com\/index.php?rest_route=%2Fwp%2Fv2%2Ftags&post=23143"}],"curies":[{"name":"wp","href":"https:\/\/api.w.org\/{rel}","templated":true}]}}