{"id":23102,"date":"2020-09-09T00:05:54","date_gmt":"2020-09-08T22:05:54","guid":{"rendered":"http:\/\/blog.laveredadepuebla.com\/?p=23102"},"modified":"2023-02-10T11:44:43","modified_gmt":"2023-02-10T11:44:43","slug":"ruta-motera-de-excitante-a-peligrosa","status":"publish","type":"post","link":"https:\/\/blog.sierranortedeguadalajara.com\/?p=23102","title":{"rendered":"Ruta motera, de excitante a peligrosa"},"content":{"rendered":"<p align=\"LEFT\"><a href=\"https:\/\/goo.gl\/maps\/ULTpw1Rk7Fh4Rn7c8\"><span style=\"font-size:small;\"><i><b>La ruta circular de Campillo de Ranas<\/b><\/i><\/span><\/a><span style=\"font-size:small;\"> ofrece un recorrido de 121 kms<span style=\"color:#800000;\"><em> (hay que sumar el desplazamiento desde Guadalajara o Madrid)<\/em><\/span>\u00a0 por una calzada revirada, a trav\u00e9s de paisajes espectaculares y de una belleza singular. Una ruta excitante <\/span><span style=\"font-size:small;\"><i>(por lo cerrado de las curvas y su pendiente)<\/i><\/span><span style=\"font-size:small;\"> que puede convertirse en peligrosa.<a href=\"https:\/\/laveredadepuebla.files.wordpress.com\/2020\/08\/200909-rm-1.jpg\"><img loading=\"lazy\" decoding=\"async\" class=\"alignright wp-image-23104 size-medium\" src=\"https:\/\/blog.sierranortedeguadalajara.com\/wp-content\/uploads\/2023\/02\/200909-rm-1.jpg\" alt=\"\" width=\"300\" height=\"225\" \/><\/a><\/span><\/p>\n<p align=\"LEFT\"><a href=\"https:\/\/blog.laveredadepuebla.com\/2014\/10\/17\/la-muralla-china-en-perspectiva\/\"><span style=\"font-size:small;\"><i><b>La muralla china<\/b><\/i><\/span><\/a><span style=\"font-size:small;\">, la Sierra del Cardoso, Montejo y Horcajo de de Sierra, unos minutos por la A1 para desentumecer los brazos, el <\/span><a href=\"https:\/\/blog.laveredadepuebla.com\/2014\/06\/13\/el-puerto-de-la-quesera-2\/\"><span style=\"font-size:small;\"><i><b>Puerto de de Quesera<\/b><\/i><\/span><span style=\"font-size:small;\">,\u00a0<\/span><\/a><span style=\"font-size:small;\"><a href=\"https:\/\/blog.laveredadepuebla.com\/2011\/08\/31\/danzantes-de-majaelrayo\/\"><em><strong> Majaelrayo<\/strong><\/em><\/a> y la llegada a <\/span><a href=\"https:\/\/blog.laveredadepuebla.com\/2016\/10\/24\/campillo-de-ranas\/\"><span style=\"font-size:small;\"><i><b>Campillo<\/b><\/i><\/span><\/a><span style=\"font-size:small;\"> son sus grandes atractivos&#8230; a pesar de un par de tramos denominados <\/span><span style=\"color:#7e0021;\"><span style=\"font-size:small;\"><i><b>\u201cCaminos rurales\u201d<\/b><\/i><\/span><\/span> <span style=\"color:#000000;\"><span style=\"font-size:small;\">por <\/span><\/span><span style=\"color:#7e0021;\"><span style=\"font-size:small;\"><i>unas rancias discusiones entre Administraciones por no s\u00e9 que normativas.<\/i><\/span><\/span><\/p>\n<p align=\"LEFT\"><span style=\"color:#000000;\"><span style=\"font-size:small;\">Estos caminos van desde el <\/span><\/span><span style=\"color:#7e0021;\"><span style=\"font-size:small;\"><i><b>cruce de Robleluengo hasta Corralejos<\/b><\/i><\/span><\/span><span style=\"color:#000000;\"><span style=\"font-size:small;\"> y <\/span><\/span><span style=\"color:#7e0021;\"><span style=\"font-size:small;\"><i><b>desde el Puerto de de Quesera a Majaelrayo<\/b><\/i><\/span><\/span><span style=\"color:#000000;\"><span style=\"font-size:small;\">. De nada importar\u00eda su denominaci\u00f3n si estuvieran en buen estado&#8230; lo que no es el caso. El firme tiene baches continuos, pizarrilla suelta y algunos desprendimientos; cuando es rugoso, est\u00e1 ajado. A esto se suma que las zarzas invaden la calzada, con ramas a media altura cuyos golpes duelen como latigazos.<\/span><\/span><\/p>\n<p align=\"LEFT\"><span style=\"color:#000000;\"><span style=\"font-size:small;\"><a href=\"https:\/\/laveredadepuebla.files.wordpress.com\/2020\/08\/200909-rm-2.jpg\"><img loading=\"lazy\" decoding=\"async\" class=\"alignright wp-image-23105\" src=\"https:\/\/blog.sierranortedeguadalajara.com\/wp-content\/uploads\/2023\/02\/200909-rm-2.jpg\" alt=\"\" width=\"240\" height=\"180\" \/><\/a><a href=\"https:\/\/laveredadepuebla.files.wordpress.com\/2020\/08\/200909-rm-3.jpg\"><img loading=\"lazy\" decoding=\"async\" class=\"alignleft wp-image-23106\" src=\"https:\/\/blog.sierranortedeguadalajara.com\/wp-content\/uploads\/2023\/02\/200909-rm-3.jpg\" alt=\"\" width=\"240\" height=\"180\" \/><\/a>La lluvia agrava estos problemas. Si adem\u00e1s les sumamos la falta de se\u00f1alizaci\u00f3n, una ruta de monta\u00f1a, quiz\u00e1s la m\u00e1s bella de la <\/span><\/span><a href=\"https:\/\/blog.laveredadepuebla.com\/2016\/05\/10\/el-mapa-de-la-sierra-norte\/\"><span style=\"color:#000000;\"><span style=\"font-size:small;\"><i><b>Sierra Norte de Guadalajara<\/b><\/i><\/span><\/span><\/a><span style=\"color:#000000;\"><span style=\"font-size:small;\">, se convierte en un <\/span><\/span><span style=\"color:#7e0021;\"><span style=\"font-size:small;\"><i><b>problema en vez de un atractivo<\/b><\/i><\/span><\/span><span style=\"color:#000000;\"><span style=\"font-size:small;\"> para atraer visitantes. <\/span><\/span><span style=\"color:#7e0021;\"><span style=\"font-size:small;\"><i><b>\u00a1Algo deber\u00edamos hacer!<\/b><\/i><\/span><\/span><\/p>\n<hr \/>\n<p align=\"JUSTIFY\"><span style=\"color:#000099;\"><span style=\"font-size:small;\"><i><b>Lar-ami, <\/b><\/i><\/span><\/span><em class=\"western\"><span style=\"color:#000099;\"><span style=\"font-size:small;\"><i>gerente de <\/i><\/span><\/span><\/em><em class=\"western\"><span style=\"color:#000099;\"><span style=\"font-size:small;\"><i><b>CR<\/b><\/i><\/span><\/span><\/em><i> <\/i><span style=\"color:#0000ff;\"><u><a class=\"western\" href=\"http:\/\/www.laveredadepuebla.com\/\"><span style=\"color:#000099;\"><span style=\"font-size:small;\"><span lang=\"zxx\"><i><b>La Vereda de Puebla<\/b><\/i><\/span><\/span><\/span><\/a><\/u><\/span><span style=\"color:#000099;\"><span style=\"font-size:small;\"><i><b>, entre <\/b><\/i><\/span><\/span><span style=\"color:#0000ff;\"><u><a class=\"western\" href=\"https:\/\/blog.laveredadepuebla.com\/?s=Puebla+y+carcavas\"><span style=\"color:#000099;\"><span style=\"font-size:small;\"><i><b>c\u00e1rcavas<\/b><\/i><\/span><\/span><\/a><\/u><\/span><span style=\"color:#000099;\"><span style=\"font-size:small;\"><i><b> y o<\/b><\/i><\/span><\/span><span style=\"color:#0000ff;\"><u><a class=\"western\" href=\"https:\/\/blog.laveredadepuebla.com\/?s=olivos+mil\"><span style=\"color:#000099;\"><span style=\"font-size:small;\"><i><b>livos milenarios<\/b><\/i><\/span><\/span><\/a><\/u><\/span><span style=\"color:#000099;\"><span style=\"font-size:small;\"><i><b>. <\/b><\/i><\/span><\/span><span style=\"color:#000099;\"><span style=\"font-size:small;\"><i>Todo sobre <\/i><\/span><\/span><strong class=\"western\"><span style=\"color:#000099;\"><span style=\"font-size:small;\"><i><a class=\"western\" href=\"https:\/\/blog.laveredadepuebla.com\/category\/actualidad\/\">Actualidad<\/a>, <a class=\"western\" href=\"https:\/\/blog.laveredadepuebla.com\/category\/costumbres\/\">Costumbres<\/a>, <a class=\"western\" href=\"https:\/\/blog.laveredadepuebla.com\/category\/fiestas\/\">Fiestas<\/a>, <a class=\"western\" href=\"https:\/\/blog.laveredadepuebla.com\/category\/mundo-rural\/\">Mundo Rural<\/a> y <a class=\"western\" href=\"https:\/\/blog.laveredadepuebla.com\/category\/paisajes-y-lugares\/\">Paisajes y Lugares<\/a> <\/i><\/span><\/span><\/strong><span style=\"color:#000099;\"><span style=\"font-size:small;\"><i>de la <\/i><\/span><\/span><strong class=\"western\"><span style=\"color:#000099;\"><span style=\"font-size:small;\"><i>Sierra Norte de Guadalajara<\/i><\/span><\/span><\/strong><span style=\"color:#000099;\"><span style=\"font-size:small;\"><i>. <\/i><\/span><\/span><\/p>\n","protected":false},"excerpt":{"rendered":"<p>La ruta circular de Campillo de Ranas ofrece un recorrido de 121 kms (hay que sumar el desplazamiento desde Guadalajara o Madrid)\u00a0 por una calzada revirada, a trav\u00e9s de paisajes espectaculares y de una belleza singular. Una ruta excitante (por lo cerrado de las curvas y su pendiente) que puede convertirse en peligrosa. La muralla &hellip; <\/p>\n<p class=\"link-more\"><a href=\"https:\/\/blog.sierranortedeguadalajara.com\/?p=23102\" class=\"more-link\">Seguir leyendo<span class=\"screen-reader-text\"> \u00abRuta motera, de excitante a peligrosa\u00bb<\/span><\/a><\/p>\n","protected":false},"author":1,"featured_media":0,"comment_status":"open","ping_status":"open","sticky":false,"template":"","format":"standard","meta":{"footnotes":""},"categories":[12,17],"tags":[2,4,7,10],"class_list":["post-23102","post","type-post","status-publish","format-standard","hentry","category-actualidad","category-paisajes-y-lugares-de-la-sierra-norte","tag-actualidad","tag-cultura","tag-naturaleza","tag-sierra-norte","entry"],"_links":{"self":[{"href":"https:\/\/blog.sierranortedeguadalajara.com\/index.php?rest_route=\/wp\/v2\/posts\/23102","targetHints":{"allow":["GET"]}}],"collection":[{"href":"https:\/\/blog.sierranortedeguadalajara.com\/index.php?rest_route=\/wp\/v2\/posts"}],"about":[{"href":"https:\/\/blog.sierranortedeguadalajara.com\/index.php?rest_route=\/wp\/v2\/types\/post"}],"author":[{"embeddable":true,"href":"https:\/\/blog.sierranortedeguadalajara.com\/index.php?rest_route=\/wp\/v2\/users\/1"}],"replies":[{"embeddable":true,"href":"https:\/\/blog.sierranortedeguadalajara.com\/index.php?rest_route=%2Fwp%2Fv2%2Fcomments&post=23102"}],"version-history":[{"count":1,"href":"https:\/\/blog.sierranortedeguadalajara.com\/index.php?rest_route=\/wp\/v2\/posts\/23102\/revisions"}],"predecessor-version":[{"id":24901,"href":"https:\/\/blog.sierranortedeguadalajara.com\/index.php?rest_route=\/wp\/v2\/posts\/23102\/revisions\/24901"}],"wp:attachment":[{"href":"https:\/\/blog.sierranortedeguadalajara.com\/index.php?rest_route=%2Fwp%2Fv2%2Fmedia&parent=23102"}],"wp:term":[{"taxonomy":"category","embeddable":true,"href":"https:\/\/blog.sierranortedeguadalajara.com\/index.php?rest_route=%2Fwp%2Fv2%2Fcategories&post=23102"},{"taxonomy":"post_tag","embeddable":true,"href":"https:\/\/blog.sierranortedeguadalajara.com\/index.php?rest_route=%2Fwp%2Fv2%2Ftags&post=23102"}],"curies":[{"name":"wp","href":"https:\/\/api.w.org\/{rel}","templated":true}]}}