{"id":23085,"date":"2020-09-04T00:05:45","date_gmt":"2020-09-03T22:05:45","guid":{"rendered":"http:\/\/blog.laveredadepuebla.com\/?p=23085"},"modified":"2023-02-10T11:44:45","modified_gmt":"2023-02-10T11:44:45","slug":"aprovechamiento-de-recursos","status":"publish","type":"post","link":"https:\/\/blog.sierranortedeguadalajara.com\/?p=23085","title":{"rendered":"Aprovechamiento de recursos"},"content":{"rendered":"<p align=\"LEFT\"><span style=\"font-size:small;\">La <\/span><a href=\"https:\/\/blog.laveredadepuebla.com\/2016\/05\/10\/el-mapa-de-la-sierra-norte\/\"><span style=\"font-size:small;\"><i><b>Sierra Norte de Guadalajara <\/b><\/i><\/span><\/a><span style=\"font-size:small;\">siempre anduvo escasa de recursos para alimentar a su poblaci\u00f3n, como cualquier zona de monta\u00f1a. De ahi que se aprovechase cualquier terreno, por peque\u00f1o que fuera, para cultivar. Este olivar en terreno pedregoso, junto el cauce del <\/span><a href=\"https:\/\/blog.laveredadepuebla.com\/2019\/03\/15\/ruta-circular-por-las-carcavas-de-puebla-de-valles\/\"><span style=\"font-size:small;\"><i><b>arroyo Muradiel<\/b><\/i><\/span><\/a><span style=\"font-size:small;\"> en <\/span><a href=\"https:\/\/blog.laveredadepuebla.com\/2015\/09\/23\/puebla-de-valles-y-sus-carcavas\/\"><span style=\"font-size:small;\"><i><b>Puebla de Valles<\/b><\/i><\/span><\/a><span style=\"font-size:small;\"> es un ejemplo.<\/span><\/p>\n<p align=\"LEFT\"><span style=\"font-size:small;\"><a href=\"https:\/\/laveredadepuebla.files.wordpress.com\/2020\/08\/200904-ap-2.jpg\"><img loading=\"lazy\" decoding=\"async\" class=\"alignright wp-image-23088\" src=\"https:\/\/blog.sierranortedeguadalajara.com\/wp-content\/uploads\/2023\/02\/200904-ap-2.jpg\" alt=\"\" width=\"240\" height=\"180\" \/><\/a><a href=\"https:\/\/laveredadepuebla.files.wordpress.com\/2020\/08\/200904-ap-3.jpg\"><img loading=\"lazy\" decoding=\"async\" class=\"alignleft wp-image-23089\" src=\"https:\/\/blog.sierranortedeguadalajara.com\/wp-content\/uploads\/2023\/02\/200904-ap-3.jpg\" alt=\"\" width=\"240\" height=\"180\" \/><\/a>Hoy los serranos no tenemos este problema, \u2026 y prueba de ello son la cantidad ingente de campos abandonados. Pero la tradici\u00f3n pesa \u2026 y la mecanizaci\u00f3n lo permite. Por eso no resulta extra\u00f1o encontrar besanas rodeadas de maleza donde crece una joven noguera, como muestran las im\u00e1genes.<\/span><\/p>\n<p align=\"LEFT\"><span style=\"color:#000000;\"><span style=\"font-size:small;\"><a href=\"https:\/\/laveredadepuebla.files.wordpress.com\/2020\/08\/200904-ap-4.jpg\"><img loading=\"lazy\" decoding=\"async\" class=\"alignright wp-image-23090 size-medium\" src=\"https:\/\/blog.sierranortedeguadalajara.com\/wp-content\/uploads\/2023\/02\/200904-ap-4.jpg\" alt=\"\" width=\"300\" height=\"225\" \/><\/a>Algo similar ocurr\u00eda con el agua para el ganado . Se aprovechaban arroyos y presas rudimentarias para embalsarla; hoy lo siguen haciendo pastores y cazadores. El agua de lluvia se recog\u00eda en <\/span><\/span><a href=\"https:\/\/blog.laveredadepuebla.com\/2013\/12\/20\/esos-navajos\/\"><span style=\"color:#000000;\"><span style=\"font-size:small;\"><i><b>navajos<\/b><\/i><\/span><\/span><\/a><span style=\"color:#000000;\"><span style=\"font-size:small;\">; ahora adem\u00e1s se construyen balsas artificiales con la ayuda de m\u00e1quinas.<\/span><\/span><span style=\"color:#7e0021;\"><span style=\"font-size:small;\"><i><b> \u00a1Y necesitaba contarlo!<\/b><\/i><\/span><\/span><\/p>\n<hr \/>\n<p align=\"JUSTIFY\"><span style=\"color:#000099;\"><span style=\"font-size:small;\"><i><b>Lar-ami, <\/b><\/i><\/span><\/span><em class=\"western\"><span style=\"color:#000099;\"><span style=\"font-size:small;\"><i>gerente de <\/i><\/span><\/span><\/em><em class=\"western\"><span style=\"color:#000099;\"><span style=\"font-size:small;\"><i><b>CR<\/b><\/i><\/span><\/span><\/em><i> <\/i><span style=\"color:#0000ff;\"><u><a class=\"western\" href=\"http:\/\/www.laveredadepuebla.com\/\"><span style=\"color:#000099;\"><span style=\"font-size:small;\"><span lang=\"zxx\"><i><b>La Vereda de Puebla<\/b><\/i><\/span><\/span><\/span><\/a><\/u><\/span><span style=\"color:#000099;\"><span style=\"font-size:small;\"><i><b>, entre <\/b><\/i><\/span><\/span><span style=\"color:#0000ff;\"><u><a class=\"western\" href=\"https:\/\/blog.laveredadepuebla.com\/?s=Puebla+y+carcavas\"><span style=\"color:#000099;\"><span style=\"font-size:small;\"><i><b>c\u00e1rcavas<\/b><\/i><\/span><\/span><\/a><\/u><\/span><span style=\"color:#000099;\"><span style=\"font-size:small;\"><i><b> y o<\/b><\/i><\/span><\/span><span style=\"color:#0000ff;\"><u><a class=\"western\" href=\"https:\/\/blog.laveredadepuebla.com\/?s=olivos+mil\"><span style=\"color:#000099;\"><span style=\"font-size:small;\"><i><b>livos milenarios<\/b><\/i><\/span><\/span><\/a><\/u><\/span><span style=\"color:#000099;\"><span style=\"font-size:small;\"><i><b>. <\/b><\/i><\/span><\/span><span style=\"color:#000099;\"><span style=\"font-size:small;\"><i>Todo sobre <\/i><\/span><\/span><strong class=\"western\"><span style=\"color:#000099;\"><span style=\"font-size:small;\"><i><a class=\"western\" href=\"https:\/\/blog.laveredadepuebla.com\/category\/actualidad\/\">Actualidad<\/a>, <a class=\"western\" href=\"https:\/\/blog.laveredadepuebla.com\/category\/costumbres\/\">Costumbres<\/a>, <a class=\"western\" href=\"https:\/\/blog.laveredadepuebla.com\/category\/fiestas\/\">Fiestas<\/a>, <a class=\"western\" href=\"https:\/\/blog.laveredadepuebla.com\/category\/mundo-rural\/\">Mundo Rural<\/a> y <a class=\"western\" href=\"https:\/\/blog.laveredadepuebla.com\/category\/paisajes-y-lugares\/\">Paisajes y Lugares<\/a> <\/i><\/span><\/span><\/strong><span style=\"color:#000099;\"><span style=\"font-size:small;\"><i>de la <\/i><\/span><\/span><strong class=\"western\"><span style=\"color:#000099;\"><span style=\"font-size:small;\"><i>Sierra Norte de Guadalajara<\/i><\/span><\/span><\/strong><span style=\"color:#000099;\"><span style=\"font-size:small;\"><i>. <\/i><\/span><\/span><\/p>\n","protected":false},"excerpt":{"rendered":"<p>La Sierra Norte de Guadalajara siempre anduvo escasa de recursos para alimentar a su poblaci\u00f3n, como cualquier zona de monta\u00f1a. De ahi que se aprovechase cualquier terreno, por peque\u00f1o que fuera, para cultivar. Este olivar en terreno pedregoso, junto el cauce del arroyo Muradiel en Puebla de Valles es un ejemplo. Hoy los serranos no &hellip; <\/p>\n<p class=\"link-more\"><a href=\"https:\/\/blog.sierranortedeguadalajara.com\/?p=23085\" class=\"more-link\">Seguir leyendo<span class=\"screen-reader-text\"> \u00abAprovechamiento de recursos\u00bb<\/span><\/a><\/p>\n","protected":false},"author":1,"featured_media":0,"comment_status":"open","ping_status":"open","sticky":false,"template":"","format":"standard","meta":{"footnotes":""},"categories":[12,3,17,9],"tags":[2,28,4,7,10,16],"class_list":["post-23085","post","type-post","status-publish","format-standard","hentry","category-actualidad","category-costumbres-y-tradiciones","category-paisajes-y-lugares-de-la-sierra-norte","category-rincones-de-la-sierra-norte","tag-actualidad","tag-costumbres","tag-cultura","tag-naturaleza","tag-sierra-norte","tag-tradiciones","entry"],"_links":{"self":[{"href":"https:\/\/blog.sierranortedeguadalajara.com\/index.php?rest_route=\/wp\/v2\/posts\/23085","targetHints":{"allow":["GET"]}}],"collection":[{"href":"https:\/\/blog.sierranortedeguadalajara.com\/index.php?rest_route=\/wp\/v2\/posts"}],"about":[{"href":"https:\/\/blog.sierranortedeguadalajara.com\/index.php?rest_route=\/wp\/v2\/types\/post"}],"author":[{"embeddable":true,"href":"https:\/\/blog.sierranortedeguadalajara.com\/index.php?rest_route=\/wp\/v2\/users\/1"}],"replies":[{"embeddable":true,"href":"https:\/\/blog.sierranortedeguadalajara.com\/index.php?rest_route=%2Fwp%2Fv2%2Fcomments&post=23085"}],"version-history":[{"count":1,"href":"https:\/\/blog.sierranortedeguadalajara.com\/index.php?rest_route=\/wp\/v2\/posts\/23085\/revisions"}],"predecessor-version":[{"id":24909,"href":"https:\/\/blog.sierranortedeguadalajara.com\/index.php?rest_route=\/wp\/v2\/posts\/23085\/revisions\/24909"}],"wp:attachment":[{"href":"https:\/\/blog.sierranortedeguadalajara.com\/index.php?rest_route=%2Fwp%2Fv2%2Fmedia&parent=23085"}],"wp:term":[{"taxonomy":"category","embeddable":true,"href":"https:\/\/blog.sierranortedeguadalajara.com\/index.php?rest_route=%2Fwp%2Fv2%2Fcategories&post=23085"},{"taxonomy":"post_tag","embeddable":true,"href":"https:\/\/blog.sierranortedeguadalajara.com\/index.php?rest_route=%2Fwp%2Fv2%2Ftags&post=23085"}],"curies":[{"name":"wp","href":"https:\/\/api.w.org\/{rel}","templated":true}]}}