{"id":23060,"date":"2020-08-28T00:05:53","date_gmt":"2020-08-27T22:05:53","guid":{"rendered":"http:\/\/blog.laveredadepuebla.com\/?p=23060"},"modified":"2023-02-10T11:44:48","modified_gmt":"2023-02-10T11:44:48","slug":"el-roble-en-la-sierra-norte-de-guadalajara","status":"publish","type":"post","link":"https:\/\/blog.sierranortedeguadalajara.com\/?p=23060","title":{"rendered":"El roble en la Sierra Norte de Guadalajara"},"content":{"rendered":"<p align=\"LEFT\"><span style=\"font-size:small;\">Nuestra comarca perder\u00eda su identidad si desapareciera el roble, ya que han jugado un <\/span><a href=\"http:\/\/blog.laveredadepuebla.com\/2011\/04\/01\/parque-natural-sierra-norte-de-guadalajara\/\"><span style=\"color:#000000;\"><span style=\"font-size:small;\"><i><b>papel fundamental en la vida de los serranos<\/b><\/i><\/span><\/span><\/a><span style=\"font-size:small;\"><span style=\"color:#000000;\">.<\/span> Por las bellotas <\/span><span style=\"color:#7e0021;\"><span style=\"font-size:small;\"><i>(amargas) <\/i><\/span><\/span><span style=\"font-size:small;\">para alimentar a cerdos y ganado <\/span><span style=\"color:#7e0021;\"><span style=\"font-size:small;\"><i>(en \u00e9pocas de hambruna tambien al hombre)<\/i><\/span><\/span><span style=\"font-size:small;\">, por su forma singular que da buena sombra, y por su le\u00f1a.<\/span><\/p>\n<p align=\"LEFT\"><span style=\"font-size:small;\"><a href=\"https:\/\/laveredadepuebla.files.wordpress.com\/2020\/07\/200828-rob-1.jpg\"><img loading=\"lazy\" decoding=\"async\" class=\"alignright wp-image-23062\" src=\"https:\/\/blog.sierranortedeguadalajara.com\/wp-content\/uploads\/2023\/02\/200828-rob-1.jpg\" alt=\"\" width=\"240\" height=\"320\" \/><\/a><a href=\"https:\/\/laveredadepuebla.files.wordpress.com\/2020\/07\/200828-rob-2.jpg\"><img loading=\"lazy\" decoding=\"async\" class=\"alignleft wp-image-23063\" src=\"https:\/\/blog.sierranortedeguadalajara.com\/wp-content\/uploads\/2023\/02\/200828-rob-2.jpg\" alt=\"\" width=\"240\" height=\"320\" \/><\/a>Durante siglos el roble aliment\u00f3 las carboneras de la <\/span><span style=\"font-size:small;\"><i><b><a href=\"https:\/\/blog.laveredadepuebla.com\/2016\/05\/10\/el-mapa-de-la-sierra-norte\/\">Sierra Norte de Guadalajara<\/a>, <\/b><\/i><\/span><span style=\"font-size:small;\">produciendo carb\u00f3n de calidad que se iba para la Corte. Algunas familias hicieron de este oficio su forma de vida y otras de forma ocasional; a\u00fan se conserva una <\/span><span style=\"color:#7e0021;\"><span style=\"font-size:small;\"><i><b>carbonera en el Hayedo de Tejera Negra.<\/b><\/i><\/span><\/span><\/p>\n<p align=\"LEFT\"><span style=\"font-size:small;\">El roble alcanza una edad longeva <\/span><span style=\"font-size:small;\"><i>(el roble de Guernica muri\u00f3 en el siglo XIX con m\u00e1s de mil a\u00f1os);<\/i><\/span><span style=\"font-size:small;\"> en la<\/span><b> <\/b><span style=\"font-size:small;\"> sierra existen muchos centenarios <\/span><span style=\"font-size:small;\"><i>(en los <\/i><\/span><span style=\"color:#7e0021;\"><span style=\"font-size:small;\"><i><b>montes de Tortuero<\/b><\/i><\/span><\/span><span style=\"font-size:small;\"><i>, por ejemplo). <\/i><\/span><span style=\"font-size:small;\">Durante la reforestaci\u00f3n con pinos los robles fueron respetados y algunos a\u00fan sobreviven en los pinares, despu\u00e9s de 50-60 a\u00f1os. Incluso se est\u00e1n reproduciendo.<\/span><\/p>\n<p align=\"LEFT\"><span style=\"font-size:small;\"><a href=\"https:\/\/laveredadepuebla.files.wordpress.com\/2020\/07\/200828-rob-3.jpg\"><img loading=\"lazy\" decoding=\"async\" class=\"alignleft wp-image-23065\" src=\"https:\/\/blog.sierranortedeguadalajara.com\/wp-content\/uploads\/2023\/02\/200828-rob-3.jpg\" alt=\"\" width=\"240\" height=\"320\" \/><\/a><a href=\"https:\/\/laveredadepuebla.files.wordpress.com\/2020\/07\/200828-rob-4-1.jpg\"><img loading=\"lazy\" decoding=\"async\" class=\"alignright wp-image-23066\" src=\"https:\/\/blog.sierranortedeguadalajara.com\/wp-content\/uploads\/2023\/02\/200828-rob-4-1.jpg\" alt=\"\" width=\"240\" height=\"320\" \/><\/a>Quiz\u00e1s por esto y por<a href=\"http:\/\/blog.laveredadepuebla.com\/2014\/04\/22\/el-renacer-de-los-robles\/\"><em><strong> renacer cada primavera <\/strong><\/em><\/a><\/span><span style=\"color:#7e0021;\"><span style=\"font-size:small;\"><i>(es de hoja caduca)<\/i><\/span><\/span><span style=\"color:#000000;\"><span style=\"font-size:small;\"> aqu\u00ed lo<\/span><\/span><i> <\/i><span style=\"font-size:small;\">consideramos un \u00e1rbol m\u00e1gico. Es muy conocida la<\/span><span style=\"font-size:small;\"><i><b><a href=\"https:\/\/www.amazon.es\/dp\/B0892HXYTC\"> leyenda del roble huec<\/a>o,<\/b><\/i><\/span><span style=\"font-size:small;\"> pr\u00f3ximo al cruce, en Campillo de Ranas. <\/span><span style=\"color:#7e0021;\"><span style=\"font-size:small;\"><i><b>\u00a1Hasta ha dado nombre a un pueblo<\/b><\/i><\/span><\/span> <span style=\"font-size:small;\"><i><b>(<a href=\"https:\/\/blog.laveredadepuebla.com\/2019\/09\/18\/robledo-de-corpes\/\">Robledo de Corpes)<\/a><\/b><\/i><\/span><span style=\"color:#7e0021;\"><span style=\"font-size:small;\"><i>!<\/i><\/span><\/span><\/p>\n<hr \/>\n<p align=\"JUSTIFY\"><span style=\"color:#000099;\"><span style=\"font-size:small;\"><i><b>Lar-ami, <\/b><\/i><\/span><\/span><em class=\"western\"><span style=\"color:#000099;\"><span style=\"font-size:small;\"><i>gerente de <\/i><\/span><\/span><\/em><em class=\"western\"><span style=\"color:#000099;\"><span style=\"font-size:small;\"><i><b>CR<\/b><\/i><\/span><\/span><\/em><i> <\/i><span style=\"color:#0000ff;\"><u><a class=\"western\" href=\"http:\/\/www.laveredadepuebla.com\/\"><span style=\"color:#000099;\"><span style=\"font-size:small;\"><span lang=\"zxx\"><i><b>La Vereda de Puebla<\/b><\/i><\/span><\/span><\/span><\/a><\/u><\/span><span style=\"color:#000099;\"><span style=\"font-size:small;\"><i><b>, entre <\/b><\/i><\/span><\/span><span style=\"color:#0000ff;\"><u><a class=\"western\" href=\"https:\/\/blog.laveredadepuebla.com\/?s=Puebla+y+carcavas\"><span style=\"color:#000099;\"><span style=\"font-size:small;\"><i><b>c\u00e1rcavas<\/b><\/i><\/span><\/span><\/a><\/u><\/span><span style=\"color:#000099;\"><span style=\"font-size:small;\"><i><b> y o<\/b><\/i><\/span><\/span><span style=\"color:#0000ff;\"><u><a class=\"western\" href=\"https:\/\/blog.laveredadepuebla.com\/?s=olivos+mil\"><span style=\"color:#000099;\"><span style=\"font-size:small;\"><i><b>livos milenarios<\/b><\/i><\/span><\/span><\/a><\/u><\/span><span style=\"color:#000099;\"><span style=\"font-size:small;\"><i><b>. <\/b><\/i><\/span><\/span><span style=\"color:#000099;\"><span style=\"font-size:small;\"><i>Todo sobre <\/i><\/span><\/span><strong class=\"western\"><span style=\"color:#000099;\"><span style=\"font-size:small;\"><i><a class=\"western\" href=\"https:\/\/blog.laveredadepuebla.com\/category\/actualidad\/\">Actualidad<\/a>, <a class=\"western\" href=\"https:\/\/blog.laveredadepuebla.com\/category\/costumbres\/\">Costumbres<\/a>, <a class=\"western\" href=\"https:\/\/blog.laveredadepuebla.com\/category\/fiestas\/\">Fiestas<\/a>, <a class=\"western\" href=\"https:\/\/blog.laveredadepuebla.com\/category\/mundo-rural\/\">Mundo Rural<\/a> y <a class=\"western\" href=\"https:\/\/blog.laveredadepuebla.com\/category\/paisajes-y-lugares\/\">Paisajes y Lugares<\/a> <\/i><\/span><\/span><\/strong><span style=\"color:#000099;\"><span style=\"font-size:small;\"><i>de la <\/i><\/span><\/span><strong class=\"western\"><span style=\"color:#000099;\"><span style=\"font-size:small;\"><i>Sierra Norte de Guadalajara<\/i><\/span><\/span><\/strong><span style=\"color:#000099;\"><span style=\"font-size:small;\"><i>. <\/i><\/span><\/span><\/p>\n","protected":false},"excerpt":{"rendered":"<p>Nuestra comarca perder\u00eda su identidad si desapareciera el roble, ya que han jugado un papel fundamental en la vida de los serranos. Por las bellotas (amargas) para alimentar a cerdos y ganado (en \u00e9pocas de hambruna tambien al hombre), por su forma singular que da buena sombra, y por su le\u00f1a. Durante siglos el roble &hellip; <\/p>\n<p class=\"link-more\"><a href=\"https:\/\/blog.sierranortedeguadalajara.com\/?p=23060\" class=\"more-link\">Seguir leyendo<span class=\"screen-reader-text\"> \u00abEl roble en la Sierra Norte de Guadalajara\u00bb<\/span><\/a><\/p>\n","protected":false},"author":1,"featured_media":0,"comment_status":"open","ping_status":"open","sticky":false,"template":"","format":"standard","meta":{"footnotes":""},"categories":[6,17],"tags":[2,4,5,7,10],"class_list":["post-23060","post","type-post","status-publish","format-standard","hentry","category-mundo-rural","category-paisajes-y-lugares-de-la-sierra-norte","tag-actualidad","tag-cultura","tag-historia","tag-naturaleza","tag-sierra-norte","entry"],"_links":{"self":[{"href":"https:\/\/blog.sierranortedeguadalajara.com\/index.php?rest_route=\/wp\/v2\/posts\/23060","targetHints":{"allow":["GET"]}}],"collection":[{"href":"https:\/\/blog.sierranortedeguadalajara.com\/index.php?rest_route=\/wp\/v2\/posts"}],"about":[{"href":"https:\/\/blog.sierranortedeguadalajara.com\/index.php?rest_route=\/wp\/v2\/types\/post"}],"author":[{"embeddable":true,"href":"https:\/\/blog.sierranortedeguadalajara.com\/index.php?rest_route=\/wp\/v2\/users\/1"}],"replies":[{"embeddable":true,"href":"https:\/\/blog.sierranortedeguadalajara.com\/index.php?rest_route=%2Fwp%2Fv2%2Fcomments&post=23060"}],"version-history":[{"count":1,"href":"https:\/\/blog.sierranortedeguadalajara.com\/index.php?rest_route=\/wp\/v2\/posts\/23060\/revisions"}],"predecessor-version":[{"id":24923,"href":"https:\/\/blog.sierranortedeguadalajara.com\/index.php?rest_route=\/wp\/v2\/posts\/23060\/revisions\/24923"}],"wp:attachment":[{"href":"https:\/\/blog.sierranortedeguadalajara.com\/index.php?rest_route=%2Fwp%2Fv2%2Fmedia&parent=23060"}],"wp:term":[{"taxonomy":"category","embeddable":true,"href":"https:\/\/blog.sierranortedeguadalajara.com\/index.php?rest_route=%2Fwp%2Fv2%2Fcategories&post=23060"},{"taxonomy":"post_tag","embeddable":true,"href":"https:\/\/blog.sierranortedeguadalajara.com\/index.php?rest_route=%2Fwp%2Fv2%2Ftags&post=23060"}],"curies":[{"name":"wp","href":"https:\/\/api.w.org\/{rel}","templated":true}]}}