{"id":23028,"date":"2020-08-26T00:05:03","date_gmt":"2020-08-25T22:05:03","guid":{"rendered":"http:\/\/blog.laveredadepuebla.com\/?p=23028"},"modified":"2023-02-10T11:44:50","modified_gmt":"2023-02-10T11:44:50","slug":"la-fuente-tonta","status":"publish","type":"post","link":"https:\/\/blog.sierranortedeguadalajara.com\/?p=23028","title":{"rendered":"La fuente tonta"},"content":{"rendered":"<p align=\"LEFT\"><span style=\"color:#800000;\"><span style=\"font-size:small;\"><i><b>\u00bfTonta? <\/b><\/i><\/span><\/span><span style=\"color:#000000;\"><span style=\"font-size:small;\">Es conocida por este nombre porque brota de forma arbitraria. Su caudal era suficiente para regar los huertos de la vega del <\/span><\/span><span style=\"color:#7e0021;\"><span style=\"font-size:small;\"><i><b>arroyo de Hontarla<\/b><\/i><\/span><\/span> <span style=\"color:#000000;\"><span style=\"font-size:small;\"><i>(que tiene aqu\u00ed su nacimiento)<\/i><\/span><\/span><span style=\"color:#000000;\"><span style=\"font-size:small;\">, hoy desaparecidos y su lugar ocupado por una chopera. <\/span><\/span><\/p>\n<p align=\"LEFT\"><span style=\"color:#000000;\"><span style=\"font-size:small;\"><a href=\"https:\/\/laveredadepuebla.files.wordpress.com\/2020\/07\/200821-fte-tonta-1.jpg\"><img loading=\"lazy\" decoding=\"async\" class=\"alignright size-medium wp-image-23031\" src=\"https:\/\/blog.sierranortedeguadalajara.com\/wp-content\/uploads\/2023\/02\/200821-fte-tonta-1.jpg\" alt=\"\" width=\"300\" height=\"225\" \/><\/a>El <\/span><\/span><a href=\"https:\/\/blog.laveredadepuebla.com\/2010\/06\/30\/jocar-segun-el%c2%a0madoz\/\"><span style=\"color:#000000;\"><span style=\"font-size:small;\"><i><b>Diccionario de Pascual Madoz<\/b><\/i><\/span><\/span><\/a> <span style=\"color:#000000;\"><span style=\"font-size:small;\"><i>(a\u00f1o 1.848)<\/i><\/span><\/span><span style=\"color:#000000;\"><span style=\"font-size:small;\"> en el apartado referente a <\/span><\/span><a href=\"https:\/\/blog.laveredadepuebla.com\/2018\/03\/28\/lo-que-no-te-contaron-de-jocar\/\"><span style=\"color:#000000;\"><span style=\"font-size:small;\"><i><b>J\u00f3car<\/b><\/i><\/span><\/span><\/a><span style=\"color:#000000;\"><span style=\"font-size:small;\">, recoge que en 1.817 estuvo 19 d\u00edas seca y luego brot\u00f3 con tal fuerza que aneg\u00f3 la vega, derribando tapias y \u00e1rboles. <\/span><\/span><span style=\"font-size:small;\">No depende de las estaciones<\/span><span style=\"color:#000000;\"><span style=\"font-size:small;\"><i> (este a\u00f1o manaba abundante en el mes de julio)<\/i><\/span><\/span><span style=\"color:#000000;\"><span style=\"font-size:small;\"> y no hay raz\u00f3n aparente que justifique este proceder, \u2026 salvo que se deba a la maldici\u00f3n de una lamia, como recoge un <\/span><\/span><a href=\"https:\/\/www.amazon.es\/dp\/B0892HXYTC\"><span style=\"color:#000000;\"><span style=\"font-size:small;\"><i><b>precioso cuento<\/b><\/i><\/span><\/span><\/a><span style=\"color:#000000;\"><span style=\"font-size:small;\">. <\/span><\/span><\/p>\n<p align=\"LEFT\"><span style=\"color:#000000;\"><span style=\"font-size:small;\">Situada junto al desaparecido camino hacia<\/span><\/span><a href=\"https:\/\/blog.laveredadepuebla.com\/2010\/07\/09\/fraguas-pueblo%c2%a0abandonado\/\"><span style=\"color:#000000;\"><span style=\"font-size:small;\"><i><b> Fraguas<\/b><\/i><\/span><\/span><\/a><span style=\"color:#000000;\"><span style=\"font-size:small;\">, <\/span><\/span><a href=\"https:\/\/blog.laveredadepuebla.com\/2018\/05\/09\/santotis-un-pueblo-privado-y-abandonado\/\"><span style=\"color:#000000;\"><span style=\"font-size:small;\"><i><b>Santotis<\/b><\/i><\/span><\/span><\/a><span style=\"color:#000000;\"><span style=\"font-size:small;\"> y <\/span><\/span><a href=\"https:\/\/blog.laveredadepuebla.com\/2020\/07\/22\/lo-peculiar-de-semillas\/\"><span style=\"color:#000000;\"><span style=\"font-size:small;\"><i><b>Semilla<\/b><\/i><\/span><\/span><\/a><span style=\"color:#000000;\"><span style=\"font-size:small;\">s, hoy sustituido por una pista forestal paralela al cauce, el venero brota debajo de unas piedras y forma balsa. El caudal debi\u00f3 ser tan poderoso que tambi\u00e9n aliment\u00f3 un molino maquilero y necesit\u00f3 de puente <\/span><\/span><span style=\"color:#000000;\"><span style=\"font-size:small;\"><i>(de unos 5 mts)<\/i><\/span><\/span><span style=\"color:#000000;\"><span style=\"font-size:small;\">, posiblemente de madera y apoyado en dos pilares de caliza, que a\u00fan son visibles.<\/span><\/span><\/p>\n<p align=\"LEFT\"><span style=\"color:#000000;\"><span style=\"font-size:small;\"><a href=\"https:\/\/laveredadepuebla.files.wordpress.com\/2020\/07\/200821-fte-tonta-3.jpg\"><img loading=\"lazy\" decoding=\"async\" class=\"alignleft wp-image-23033\" src=\"https:\/\/blog.sierranortedeguadalajara.com\/wp-content\/uploads\/2023\/02\/200821-fte-tonta-3.jpg\" alt=\"\" width=\"240\" height=\"180\" \/><\/a><a href=\"https:\/\/laveredadepuebla.files.wordpress.com\/2020\/07\/200821-fte-tonta-5.jpg\"><img loading=\"lazy\" decoding=\"async\" class=\"alignright wp-image-23034\" src=\"https:\/\/blog.sierranortedeguadalajara.com\/wp-content\/uploads\/2023\/02\/200821-fte-tonta-5.jpg\" alt=\"\" width=\"240\" height=\"180\" \/><\/a>Hoy el lugar est\u00e1 escondido <\/span><\/span><span style=\"color:#000000;\"><span style=\"font-size:small;\"><i>(gracias Cesar por llevarme) <\/i><\/span><\/span><span style=\"color:#000000;\"><span style=\"font-size:small;\">y poco presentable por el abandono <\/span><\/span><span style=\"color:#000000;\"><span style=\"font-size:small;\"><i>(lo fu\u00e9 cuando J\u00f3car), <\/i><\/span><\/span><span style=\"color:#000000;\"><span style=\"font-size:small;\">aunque conserva su encanto.<\/span><\/span><i> <\/i><span style=\"color:#000000;\"><span style=\"font-size:small;\">A\u00fan proporciona agua a corzos, jabal\u00edes y otros animales, adem\u00e1s del reba\u00f1o de ovejas que pasta en la zona.<\/span><\/span><\/p>\n<hr \/>\n<p align=\"JUSTIFY\"><span style=\"color:#000099;\"><span style=\"font-size:small;\"><i><b>Lar-ami, <\/b><\/i><\/span><\/span><em class=\"western\"><span style=\"color:#000099;\"><span style=\"font-size:small;\"><i>gerente de <\/i><\/span><\/span><\/em><em class=\"western\"><span style=\"color:#000099;\"><span style=\"font-size:small;\"><i><b>CR<\/b><\/i><\/span><\/span><\/em><i> <\/i><span style=\"color:#0000ff;\"><u><a class=\"western\" href=\"http:\/\/www.laveredadepuebla.com\/\"><span style=\"color:#000099;\"><span style=\"font-size:small;\"><span lang=\"zxx\"><i><b>La Vereda de Puebla<\/b><\/i><\/span><\/span><\/span><\/a><\/u><\/span><span style=\"color:#000099;\"><span style=\"font-size:small;\"><i><b>, entre <\/b><\/i><\/span><\/span><span style=\"color:#0000ff;\"><u><a class=\"western\" href=\"https:\/\/blog.laveredadepuebla.com\/?s=Puebla+y+carcavas\"><span style=\"color:#000099;\"><span style=\"font-size:small;\"><i><b>c\u00e1rcavas<\/b><\/i><\/span><\/span><\/a><\/u><\/span><span style=\"color:#000099;\"><span style=\"font-size:small;\"><i><b> y o<\/b><\/i><\/span><\/span><span style=\"color:#0000ff;\"><u><a class=\"western\" href=\"https:\/\/blog.laveredadepuebla.com\/?s=olivos+mil\"><span style=\"color:#000099;\"><span style=\"font-size:small;\"><i><b>livos milenarios<\/b><\/i><\/span><\/span><\/a><\/u><\/span><span style=\"color:#000099;\"><span style=\"font-size:small;\"><i><b>. <\/b><\/i><\/span><\/span><span style=\"color:#000099;\"><span style=\"font-size:small;\"><i>Todo sobre <\/i><\/span><\/span><strong class=\"western\"><span style=\"color:#000099;\"><span style=\"font-size:small;\"><i><a class=\"western\" href=\"https:\/\/blog.laveredadepuebla.com\/category\/actualidad\/\">Actualidad<\/a>, <a class=\"western\" href=\"https:\/\/blog.laveredadepuebla.com\/category\/costumbres\/\">Costumbres<\/a>, <a class=\"western\" href=\"https:\/\/blog.laveredadepuebla.com\/category\/fiestas\/\">Fiestas<\/a>, <a class=\"western\" href=\"https:\/\/blog.laveredadepuebla.com\/category\/mundo-rural\/\">Mundo Rural<\/a> y <a class=\"western\" href=\"https:\/\/blog.laveredadepuebla.com\/category\/paisajes-y-lugares\/\">Paisajes y Lugares<\/a> <\/i><\/span><\/span><\/strong><span style=\"color:#000099;\"><span style=\"font-size:small;\"><i>de la <\/i><\/span><\/span><strong class=\"western\"><span style=\"color:#000099;\"><span style=\"font-size:small;\"><i>Sierra Norte de Guadalajara<\/i><\/span><\/span><\/strong><span style=\"color:#000099;\"><span style=\"font-size:small;\"><i>. <\/i><\/span><\/span><\/p>\n","protected":false},"excerpt":{"rendered":"<p>\u00bfTonta? Es conocida por este nombre porque brota de forma arbitraria. Su caudal era suficiente para regar los huertos de la vega del arroyo de Hontarla (que tiene aqu\u00ed su nacimiento), hoy desaparecidos y su lugar ocupado por una chopera. El Diccionario de Pascual Madoz (a\u00f1o 1.848) en el apartado referente a J\u00f3car, recoge que &hellip; <\/p>\n<p class=\"link-more\"><a href=\"https:\/\/blog.sierranortedeguadalajara.com\/?p=23028\" class=\"more-link\">Seguir leyendo<span class=\"screen-reader-text\"> \u00abLa fuente tonta\u00bb<\/span><\/a><\/p>\n","protected":false},"author":1,"featured_media":0,"comment_status":"open","ping_status":"open","sticky":false,"template":"","format":"standard","meta":{"footnotes":""},"categories":[12,3,9],"tags":[2,4,5,7,10,19],"class_list":["post-23028","post","type-post","status-publish","format-standard","hentry","category-actualidad","category-costumbres-y-tradiciones","category-rincones-de-la-sierra-norte","tag-actualidad","tag-cultura","tag-historia","tag-naturaleza","tag-sierra-norte","tag-siglo-xx","entry"],"_links":{"self":[{"href":"https:\/\/blog.sierranortedeguadalajara.com\/index.php?rest_route=\/wp\/v2\/posts\/23028","targetHints":{"allow":["GET"]}}],"collection":[{"href":"https:\/\/blog.sierranortedeguadalajara.com\/index.php?rest_route=\/wp\/v2\/posts"}],"about":[{"href":"https:\/\/blog.sierranortedeguadalajara.com\/index.php?rest_route=\/wp\/v2\/types\/post"}],"author":[{"embeddable":true,"href":"https:\/\/blog.sierranortedeguadalajara.com\/index.php?rest_route=\/wp\/v2\/users\/1"}],"replies":[{"embeddable":true,"href":"https:\/\/blog.sierranortedeguadalajara.com\/index.php?rest_route=%2Fwp%2Fv2%2Fcomments&post=23028"}],"version-history":[{"count":1,"href":"https:\/\/blog.sierranortedeguadalajara.com\/index.php?rest_route=\/wp\/v2\/posts\/23028\/revisions"}],"predecessor-version":[{"id":24927,"href":"https:\/\/blog.sierranortedeguadalajara.com\/index.php?rest_route=\/wp\/v2\/posts\/23028\/revisions\/24927"}],"wp:attachment":[{"href":"https:\/\/blog.sierranortedeguadalajara.com\/index.php?rest_route=%2Fwp%2Fv2%2Fmedia&parent=23028"}],"wp:term":[{"taxonomy":"category","embeddable":true,"href":"https:\/\/blog.sierranortedeguadalajara.com\/index.php?rest_route=%2Fwp%2Fv2%2Fcategories&post=23028"},{"taxonomy":"post_tag","embeddable":true,"href":"https:\/\/blog.sierranortedeguadalajara.com\/index.php?rest_route=%2Fwp%2Fv2%2Ftags&post=23028"}],"curies":[{"name":"wp","href":"https:\/\/api.w.org\/{rel}","templated":true}]}}