{"id":23008,"date":"2020-08-17T00:05:35","date_gmt":"2020-08-16T22:05:35","guid":{"rendered":"http:\/\/blog.laveredadepuebla.com\/?p=23008"},"modified":"2023-02-10T11:44:55","modified_gmt":"2023-02-10T11:44:55","slug":"el-molino-de-hontarla","status":"publish","type":"post","link":"https:\/\/blog.sierranortedeguadalajara.com\/?p=23008","title":{"rendered":"El molino de Hontarla"},"content":{"rendered":"<p align=\"LEFT\"><span style=\"font-size:small;\">Hay lugares en tal estado de ruina que encontrarlos resulta imposible, salvo que una mano amiga te lleve <\/span><span style=\"color:#7e0021;\"><span style=\"font-size:small;\"><i><b>(gracias C\u00e9sar).<\/b><\/i><\/span><\/span> <span style=\"color:#000000;\"><span style=\"font-size:small;\">Es el caso del <\/span><\/span><span style=\"color:#7e0021;\"><span style=\"font-size:small;\"><i><b>molino de Hontarla<\/b><\/i><\/span><\/span><span style=\"color:#000000;\"><span style=\"font-size:small;\">, en el t\u00e9rmino de <\/span><\/span><a href=\"https:\/\/blog.laveredadepuebla.com\/2010\/06\/24\/jocar-pueblo%c2%a0abandonado\/\"><span style=\"color:#000000;\"><span style=\"font-size:small;\"><i><b>J\u00f3car <\/b><\/i><\/span><\/span><\/a><span style=\"color:#000000;\"><span style=\"font-size:small;\">y citado en el <\/span><\/span><a href=\"https:\/\/blog.laveredadepuebla.com\/2010\/06\/30\/jocar-segun-el%c2%a0madoz\/\"><span style=\"color:#000000;\"><span style=\"font-size:small;\"><i><b>Diccionario Madoz <\/b><\/i><\/span><\/span><\/a><span style=\"color:#000000;\"><span style=\"font-size:small;\"><i>(a\u00f1o 1.848); <\/i>l<\/span><\/span><span style=\"color:#000000;\"><span style=\"font-size:small;\">o traemos aqu\u00ed para que su memoria no se pierda.<\/span><\/span><\/p>\n<p align=\"LEFT\"><span style=\"font-size:small;\">Est\u00e1 situado en el <\/span><span style=\"color:#7e0021;\"><span style=\"font-size:small;\"><i><b>Barranco de Hontarla, <\/b><\/i><\/span><\/span><span style=\"font-size:small;\">que nace 300 mts m\u00e1s arriba en la<\/span><a href=\"https:\/\/www.amazon.es\/dp\/B0892HXYTC\"><span style=\"font-size:small;\"><i><b> fuente tonta <\/b><\/i><\/span><\/a><span style=\"font-size:small;\"><i>(un cuento explica su historia)<\/i><\/span><span style=\"font-size:small;\"><i><b>.<\/b><\/i><\/span><span style=\"font-size:small;\"> A sus pies corre el <\/span><span style=\"color:#7e0021;\"><span style=\"font-size:small;\"><i><b>Barranco de la Cruz,<\/b><\/i><\/span><\/span><span style=\"font-size:small;\"> que viene de la <\/span><span style=\"font-size:small;\"><i><b><a href=\"https:\/\/blog.laveredadepuebla.com\/2010\/07\/01\/ermita-de-la-virgen-de-la%c2%a0fuente\/\">ermita de la Virgen de la Fuente<\/a>.<\/b><\/i><\/span><span style=\"font-size:small;\"> Apenas se conservan algunas restos que permiten intuir su exacta ubicaci\u00f3n, cerca del arroyo, y su funcionamiento.<\/span><\/p>\n<p align=\"LEFT\"><span style=\"font-size:small;\"><a href=\"https:\/\/laveredadepuebla.files.wordpress.com\/2020\/07\/200817-mhontarla-2.jpg\"><img loading=\"lazy\" decoding=\"async\" class=\"alignleft wp-image-23012\" src=\"https:\/\/blog.sierranortedeguadalajara.com\/wp-content\/uploads\/2023\/02\/200817-mhontarla-2.jpg\" alt=\"\" width=\"240\" height=\"180\" \/><\/a><a href=\"https:\/\/laveredadepuebla.files.wordpress.com\/2020\/07\/200817-mhontarla-1.jpg\"><img loading=\"lazy\" decoding=\"async\" class=\"alignright wp-image-23011\" src=\"https:\/\/blog.sierranortedeguadalajara.com\/wp-content\/uploads\/2023\/02\/200817-mhontarla-1.jpg\" alt=\"\" width=\"240\" height=\"180\" \/><\/a>Lo mejor conservado es la boca de <\/span><span style=\"color:#7e0021;\"><span style=\"font-size:small;\"><i><b>la socaz <\/b><\/i><\/span><\/span><span style=\"font-size:small;\"><i>(por donde desaguaba el molino), <\/i><\/span><span style=\"font-size:small;\">un arco de medio punto de sillares que emboca un t\u00fanel de 2 mts, por donde sal\u00eda el agua. En la parte de arriba se intuye el per\u00edmetro de la balsa, que recogia el agua que ven\u00eda por la caz desde del arroyo <\/span><span style=\"color:#7e0021;\"><span style=\"font-size:small;\"><i>(hoy perdida) <\/i><\/span><\/span><span style=\"font-size:small;\">y se ve la boca de salida, tambi\u00e9n de caliza. El molino debi\u00f3 estar entre ambos <\/span><span style=\"color:#7e0021;\"><span style=\"font-size:small;\"><i>(no se ven restos)<\/i><\/span><\/span><span style=\"font-size:small;\">, al lado izquierdo aguas abajo, lo que da idea de su peque\u00f1o tama\u00f1o.<\/span><\/p>\n<p align=\"LEFT\"><span style=\"font-size:small;\"><a href=\"https:\/\/laveredadepuebla.files.wordpress.com\/2020\/07\/200817-mhontarla-3.jpg\"><img loading=\"lazy\" decoding=\"async\" class=\"alignleft wp-image-23013\" src=\"https:\/\/blog.sierranortedeguadalajara.com\/wp-content\/uploads\/2023\/02\/200817-mhontarla-3.jpg\" alt=\"\" width=\"240\" height=\"180\" \/><\/a><a href=\"https:\/\/laveredadepuebla.files.wordpress.com\/2020\/07\/200817-mhontarla-4.jpg\"><img loading=\"lazy\" decoding=\"async\" class=\"alignright wp-image-23015\" src=\"https:\/\/blog.sierranortedeguadalajara.com\/wp-content\/uploads\/2023\/02\/200817-mhontarla-4.jpg\" alt=\"\" width=\"240\" height=\"180\" \/><\/a>Creemos que era <\/span><a href=\"https:\/\/blog.laveredadepuebla.com\/2011\/02\/17\/historia-del-molino-maquilero\/\"><span style=\"font-size:small;\"><i><b>molino de grano, maquilero,<\/b><\/i><\/span><\/a><span style=\"font-size:small;\"> de balsa, que funcionaba cuando era preciso y la balsa estaba llena <\/span><span style=\"color:#7e0021;\"><span style=\"font-size:small;\"><i>(si la fuente tonta lo permit\u00eda).<\/i><\/span><\/span> <span style=\"color:#000000;\"><span style=\"font-size:small;\">Su tama\u00f1o sugiere que solo daba servicio a los vecinos de J\u00f3car y quiz\u00e1s de <\/span><\/span><a href=\"https:\/\/blog.laveredadepuebla.com\/2010\/07\/09\/fraguas-pueblo%c2%a0abandonado\/\"><span style=\"color:#000000;\"><span style=\"font-size:small;\"><i><b>Fraguas<\/b><\/i><\/span><\/span><\/a><span style=\"color:#000000;\"><span style=\"font-size:small;\">. <\/span><\/span><span style=\"font-size:small;\"> La ultima molinera dej\u00f3 el oficio coincidiendo con el abandono del pueblo.<\/span><\/p>\n<hr \/>\n<p align=\"JUSTIFY\"><span style=\"color:#000099;\"><span style=\"font-size:small;\"><i><b>Lar-ami, <\/b><\/i><\/span><\/span><em class=\"western\"><span style=\"color:#000099;\"><span style=\"font-size:small;\"><i>gerente de <\/i><\/span><\/span><\/em><em class=\"western\"><span style=\"color:#000099;\"><span style=\"font-size:small;\"><i><b>CR<\/b><\/i><\/span><\/span><\/em><i> <\/i><span style=\"color:#0000ff;\"><u><a class=\"western\" href=\"http:\/\/www.laveredadepuebla.com\/\"><span style=\"color:#000099;\"><span style=\"font-size:small;\"><span lang=\"zxx\"><i><b>La Vereda de Puebla<\/b><\/i><\/span><\/span><\/span><\/a><\/u><\/span><span style=\"color:#000099;\"><span style=\"font-size:small;\"><i><b>, entre <\/b><\/i><\/span><\/span><span style=\"color:#0000ff;\"><u><a class=\"western\" href=\"https:\/\/blog.laveredadepuebla.com\/?s=Puebla+y+carcavas\"><span style=\"color:#000099;\"><span style=\"font-size:small;\"><i><b>c\u00e1rcavas<\/b><\/i><\/span><\/span><\/a><\/u><\/span><span style=\"color:#000099;\"><span style=\"font-size:small;\"><i><b> y o<\/b><\/i><\/span><\/span><span style=\"color:#0000ff;\"><u><a class=\"western\" href=\"https:\/\/blog.laveredadepuebla.com\/?s=olivos+mil\"><span style=\"color:#000099;\"><span style=\"font-size:small;\"><i><b>livos milenarios<\/b><\/i><\/span><\/span><\/a><\/u><\/span><span style=\"color:#000099;\"><span style=\"font-size:small;\"><i><b>. <\/b><\/i><\/span><\/span><span style=\"color:#000099;\"><span style=\"font-size:small;\"><i>Todo sobre <\/i><\/span><\/span><strong class=\"western\"><span style=\"color:#000099;\"><span style=\"font-size:small;\"><i><a class=\"western\" href=\"https:\/\/blog.laveredadepuebla.com\/category\/actualidad\/\">Actualidad<\/a>, <a class=\"western\" href=\"https:\/\/blog.laveredadepuebla.com\/category\/costumbres\/\">Costumbres<\/a>, <a class=\"western\" href=\"https:\/\/blog.laveredadepuebla.com\/category\/fiestas\/\">Fiestas<\/a>, <a class=\"western\" href=\"https:\/\/blog.laveredadepuebla.com\/category\/mundo-rural\/\">Mundo Rural<\/a> y <a class=\"western\" href=\"https:\/\/blog.laveredadepuebla.com\/category\/paisajes-y-lugares\/\">Paisajes y Lugares<\/a> <\/i><\/span><\/span><\/strong><span style=\"color:#000099;\"><span style=\"font-size:small;\"><i>de la <\/i><\/span><\/span><strong class=\"western\"><span style=\"color:#000099;\"><span style=\"font-size:small;\"><i>Sierra Norte de Guadalajara<\/i><\/span><\/span><\/strong><span style=\"color:#000099;\"><span style=\"font-size:small;\"><i>. <\/i><\/span><\/span><\/p>\n","protected":false},"excerpt":{"rendered":"<p>Hay lugares en tal estado de ruina que encontrarlos resulta imposible, salvo que una mano amiga te lleve (gracias C\u00e9sar). Es el caso del molino de Hontarla, en el t\u00e9rmino de J\u00f3car y citado en el Diccionario Madoz (a\u00f1o 1.848); lo traemos aqu\u00ed para que su memoria no se pierda. Est\u00e1 situado en el Barranco &hellip; <\/p>\n<p class=\"link-more\"><a href=\"https:\/\/blog.sierranortedeguadalajara.com\/?p=23008\" class=\"more-link\">Seguir leyendo<span class=\"screen-reader-text\"> \u00abEl molino de Hontarla\u00bb<\/span><\/a><\/p>\n","protected":false},"author":1,"featured_media":0,"comment_status":"open","ping_status":"open","sticky":false,"template":"","format":"standard","meta":{"footnotes":""},"categories":[12,17,9],"tags":[2,4,5,7,30,10,18,19],"class_list":["post-23008","post","type-post","status-publish","format-standard","hentry","category-actualidad","category-paisajes-y-lugares-de-la-sierra-norte","category-rincones-de-la-sierra-norte","tag-actualidad","tag-cultura","tag-historia","tag-naturaleza","tag-pueblos-abandonados","tag-sierra-norte","tag-siglo-xix","tag-siglo-xx","entry"],"_links":{"self":[{"href":"https:\/\/blog.sierranortedeguadalajara.com\/index.php?rest_route=\/wp\/v2\/posts\/23008","targetHints":{"allow":["GET"]}}],"collection":[{"href":"https:\/\/blog.sierranortedeguadalajara.com\/index.php?rest_route=\/wp\/v2\/posts"}],"about":[{"href":"https:\/\/blog.sierranortedeguadalajara.com\/index.php?rest_route=\/wp\/v2\/types\/post"}],"author":[{"embeddable":true,"href":"https:\/\/blog.sierranortedeguadalajara.com\/index.php?rest_route=\/wp\/v2\/users\/1"}],"replies":[{"embeddable":true,"href":"https:\/\/blog.sierranortedeguadalajara.com\/index.php?rest_route=%2Fwp%2Fv2%2Fcomments&post=23008"}],"version-history":[{"count":1,"href":"https:\/\/blog.sierranortedeguadalajara.com\/index.php?rest_route=\/wp\/v2\/posts\/23008\/revisions"}],"predecessor-version":[{"id":24946,"href":"https:\/\/blog.sierranortedeguadalajara.com\/index.php?rest_route=\/wp\/v2\/posts\/23008\/revisions\/24946"}],"wp:attachment":[{"href":"https:\/\/blog.sierranortedeguadalajara.com\/index.php?rest_route=%2Fwp%2Fv2%2Fmedia&parent=23008"}],"wp:term":[{"taxonomy":"category","embeddable":true,"href":"https:\/\/blog.sierranortedeguadalajara.com\/index.php?rest_route=%2Fwp%2Fv2%2Fcategories&post=23008"},{"taxonomy":"post_tag","embeddable":true,"href":"https:\/\/blog.sierranortedeguadalajara.com\/index.php?rest_route=%2Fwp%2Fv2%2Ftags&post=23008"}],"curies":[{"name":"wp","href":"https:\/\/api.w.org\/{rel}","templated":true}]}}