{"id":22990,"date":"2020-08-12T00:05:05","date_gmt":"2020-08-11T22:05:05","guid":{"rendered":"http:\/\/blog.laveredadepuebla.com\/?p=22990"},"modified":"2023-02-10T11:44:57","modified_gmt":"2023-02-10T11:44:57","slug":"corrales-curvos-en-la-sierra-norte-de-guadalajara","status":"publish","type":"post","link":"https:\/\/blog.sierranortedeguadalajara.com\/?p=22990","title":{"rendered":"Corrales curvos en la Sierra Norte de Guadalajara"},"content":{"rendered":"<p align=\"LEFT\"><span style=\"font-size:small;\">Hemos dicho alguna vez que los amantes de la naturaleza necesitamos muy poco para embobarnos. Basta con observar el entorno, y en la <\/span><a href=\"https:\/\/blog.laveredadepuebla.com\/2016\/05\/10\/el-mapa-de-la-sierra-norte\/\"><span style=\"font-size:small;\"><i><b>Sierra Norte de Guadalajara<\/b><\/i><\/span><\/a><span style=\"font-size:small;\"> ocasiones no faltan. <\/span><\/p>\n<p align=\"LEFT\"><span style=\"font-size:small;\"><a href=\"https:\/\/laveredadepuebla.files.wordpress.com\/2020\/07\/200812-ccurvos-1.jpg\"><img loading=\"lazy\" decoding=\"async\" class=\"aligncenter size-large wp-image-22993\" src=\"https:\/\/blog.sierranortedeguadalajara.com\/wp-content\/uploads\/2023\/02\/200812-ccurvos-1.jpg\" alt=\"\" width=\"500\" height=\"250\" \/><\/a>En el en\u00e9simo paso por la <\/span><a href=\"https:\/\/blog.laveredadepuebla.com\/2018\/12\/19\/la-pequena-muralla-china\/\"><span style=\"font-size:small;\"><i><b>Peque\u00f1a muralla china,<\/b><\/i><\/span><\/a><span style=\"font-size:small;\"> nos llaman la atenci\u00f3n los muchos corrales que pueblan la laderas del ca\u00f1\u00f3n del <\/span><a href=\"https:\/\/blog.laveredadepuebla.com\/2016\/12\/02\/el-rio-cristobal\/\"><span style=\"font-size:small;\"><i><b>r\u00edo Crist\u00f3bal, <\/b><\/i><\/span><\/a><span style=\"font-size:small;\">hoy en desuso. No por su ubicaci\u00f3n <\/span><span style=\"font-size:small;\"><i>(pr\u00f3ximos al agua)<\/i><\/span><span style=\"font-size:small;\">, ni por estar en ladera <\/span><span style=\"font-size:small;\"><i>(<\/i><\/span><span style=\"font-size:small;\"><i> las ovejas no suben)<\/i><\/span><span style=\"font-size:small;\">, ni por su tama\u00f1o <\/span><span style=\"font-size:small;\"><i>(los reba\u00f1os eran de cada familia y con pocas cabezas)<\/i><\/span><span style=\"font-size:small;\">. Pero esa forma curva \u2026<\/span><\/p>\n<p align=\"LEFT\"><span style=\"font-size:small;\"><a href=\"https:\/\/laveredadepuebla.files.wordpress.com\/2020\/07\/200812-ccurvos-2.jpg\"><img loading=\"lazy\" decoding=\"async\" class=\"alignleft wp-image-22994\" src=\"https:\/\/blog.sierranortedeguadalajara.com\/wp-content\/uploads\/2023\/02\/200812-ccurvos-2.jpg\" alt=\"\" width=\"240\" height=\"180\" \/><\/a><a href=\"https:\/\/laveredadepuebla.files.wordpress.com\/2020\/07\/200812-ccurvos-3.jpg\"><img loading=\"lazy\" decoding=\"async\" class=\"alignright wp-image-22995\" src=\"https:\/\/blog.sierranortedeguadalajara.com\/wp-content\/uploads\/2023\/02\/200812-ccurvos-3.jpg\" alt=\"\" width=\"240\" height=\"180\" \/><\/a>Nos cuentan que desde siempre los corrales se constru\u00edan asi, con lajas de pizarra y caliza. Hay varias explicaciones:<\/span><span style=\"font-size:small;\"><i> adaptaci\u00f3n al terreno, la existencia de \u00e1rboles, para que los animales estuvieran m\u00e1s juntos<span style=\"color:#800000;\"><strong> (para combatir el fr\u00edo)<\/strong><\/span> y como defensa ante el lobo <strong><span style=\"color:#800000;\">(el \u00faltimo fue visto en 1.967, aunque ahora est\u00e1 regresando)<\/span><\/strong><\/i><\/span><span style=\"font-size:small;\">, \u2026 <\/span><\/p>\n<p align=\"LEFT\"><span style=\"font-size:small;\"><a href=\"https:\/\/laveredadepuebla.files.wordpress.com\/2020\/07\/200812-ccurvos-4.jpg\"><img loading=\"lazy\" decoding=\"async\" class=\"aligncenter size-large wp-image-22996\" src=\"https:\/\/blog.sierranortedeguadalajara.com\/wp-content\/uploads\/2023\/02\/200812-ccurvos-4.jpg\" alt=\"\" width=\"500\" height=\"250\" \/><\/a>Posiblemente haya m\u00e1s argumentos y\/o estos no sean los fundamentales, pero seguro que razones no faltan para que estos corrales tengan esa forma tan singular. Y curvada. <\/span><\/p>\n<hr \/>\n<p align=\"JUSTIFY\"><span style=\"color:#000099;\"><span style=\"font-size:small;\"><i><b>Lar-ami, <\/b><\/i><\/span><\/span><em class=\"western\"><span style=\"color:#000099;\"><span style=\"font-size:small;\"><i>gerente de <\/i><\/span><\/span><\/em><em class=\"western\"><span style=\"color:#000099;\"><span style=\"font-size:small;\"><i><b>CR<\/b><\/i><\/span><\/span><\/em><i> <\/i><span style=\"color:#0000ff;\"><u><a class=\"western\" href=\"http:\/\/www.laveredadepuebla.com\/\"><span style=\"color:#000099;\"><span style=\"font-size:small;\"><span lang=\"zxx\"><i><b>La Vereda de Puebla<\/b><\/i><\/span><\/span><\/span><\/a><\/u><\/span><span style=\"color:#000099;\"><span style=\"font-size:small;\"><i><b>, entre <\/b><\/i><\/span><\/span><span style=\"color:#0000ff;\"><u><a class=\"western\" href=\"https:\/\/blog.laveredadepuebla.com\/?s=Puebla+y+carcavas\"><span style=\"color:#000099;\"><span style=\"font-size:small;\"><i><b>c\u00e1rcavas<\/b><\/i><\/span><\/span><\/a><\/u><\/span><span style=\"color:#000099;\"><span style=\"font-size:small;\"><i><b> y o<\/b><\/i><\/span><\/span><span style=\"color:#0000ff;\"><u><a class=\"western\" href=\"https:\/\/blog.laveredadepuebla.com\/?s=olivos+mil\"><span style=\"color:#000099;\"><span style=\"font-size:small;\"><i><b>livos milenarios<\/b><\/i><\/span><\/span><\/a><\/u><\/span><span style=\"color:#000099;\"><span style=\"font-size:small;\"><i><b>. <\/b><\/i><\/span><\/span><span style=\"color:#000099;\"><span style=\"font-size:small;\"><i>Todo sobre <\/i><\/span><\/span><strong class=\"western\"><span style=\"color:#000099;\"><span style=\"font-size:small;\"><i><a class=\"western\" href=\"https:\/\/blog.laveredadepuebla.com\/category\/actualidad\/\">Actualidad<\/a>, <a class=\"western\" href=\"https:\/\/blog.laveredadepuebla.com\/category\/costumbres\/\">Costumbres<\/a>, <a class=\"western\" href=\"https:\/\/blog.laveredadepuebla.com\/category\/fiestas\/\">Fiestas<\/a>, <a class=\"western\" href=\"https:\/\/blog.laveredadepuebla.com\/category\/mundo-rural\/\">Mundo Rural<\/a> y <a class=\"western\" href=\"https:\/\/blog.laveredadepuebla.com\/category\/paisajes-y-lugares\/\">Paisajes y Lugares<\/a> <\/i><\/span><\/span><\/strong><span style=\"color:#000099;\"><span style=\"font-size:small;\"><i>de la <\/i><\/span><\/span><strong class=\"western\"><span style=\"color:#000099;\"><span style=\"font-size:small;\"><i>Sierra Norte de Guadalajara<\/i><\/span><\/span><\/strong><span style=\"color:#000099;\"><span style=\"font-size:small;\"><i>. <\/i><\/span><\/span><\/p>\n","protected":false},"excerpt":{"rendered":"<p>Hemos dicho alguna vez que los amantes de la naturaleza necesitamos muy poco para embobarnos. Basta con observar el entorno, y en la Sierra Norte de Guadalajara ocasiones no faltan. En el en\u00e9simo paso por la Peque\u00f1a muralla china, nos llaman la atenci\u00f3n los muchos corrales que pueblan la laderas del ca\u00f1\u00f3n del r\u00edo Crist\u00f3bal, &hellip; <\/p>\n<p class=\"link-more\"><a href=\"https:\/\/blog.sierranortedeguadalajara.com\/?p=22990\" class=\"more-link\">Seguir leyendo<span class=\"screen-reader-text\"> \u00abCorrales curvos en la Sierra Norte de Guadalajara\u00bb<\/span><\/a><\/p>\n","protected":false},"author":1,"featured_media":0,"comment_status":"open","ping_status":"open","sticky":false,"template":"","format":"standard","meta":{"footnotes":""},"categories":[12,3,17,9],"tags":[2,28,4,7,10,16],"class_list":["post-22990","post","type-post","status-publish","format-standard","hentry","category-actualidad","category-costumbres-y-tradiciones","category-paisajes-y-lugares-de-la-sierra-norte","category-rincones-de-la-sierra-norte","tag-actualidad","tag-costumbres","tag-cultura","tag-naturaleza","tag-sierra-norte","tag-tradiciones","entry"],"_links":{"self":[{"href":"https:\/\/blog.sierranortedeguadalajara.com\/index.php?rest_route=\/wp\/v2\/posts\/22990","targetHints":{"allow":["GET"]}}],"collection":[{"href":"https:\/\/blog.sierranortedeguadalajara.com\/index.php?rest_route=\/wp\/v2\/posts"}],"about":[{"href":"https:\/\/blog.sierranortedeguadalajara.com\/index.php?rest_route=\/wp\/v2\/types\/post"}],"author":[{"embeddable":true,"href":"https:\/\/blog.sierranortedeguadalajara.com\/index.php?rest_route=\/wp\/v2\/users\/1"}],"replies":[{"embeddable":true,"href":"https:\/\/blog.sierranortedeguadalajara.com\/index.php?rest_route=%2Fwp%2Fv2%2Fcomments&post=22990"}],"version-history":[{"count":1,"href":"https:\/\/blog.sierranortedeguadalajara.com\/index.php?rest_route=\/wp\/v2\/posts\/22990\/revisions"}],"predecessor-version":[{"id":24955,"href":"https:\/\/blog.sierranortedeguadalajara.com\/index.php?rest_route=\/wp\/v2\/posts\/22990\/revisions\/24955"}],"wp:attachment":[{"href":"https:\/\/blog.sierranortedeguadalajara.com\/index.php?rest_route=%2Fwp%2Fv2%2Fmedia&parent=22990"}],"wp:term":[{"taxonomy":"category","embeddable":true,"href":"https:\/\/blog.sierranortedeguadalajara.com\/index.php?rest_route=%2Fwp%2Fv2%2Fcategories&post=22990"},{"taxonomy":"post_tag","embeddable":true,"href":"https:\/\/blog.sierranortedeguadalajara.com\/index.php?rest_route=%2Fwp%2Fv2%2Ftags&post=22990"}],"curies":[{"name":"wp","href":"https:\/\/api.w.org\/{rel}","templated":true}]}}