{"id":22978,"date":"2020-08-10T00:05:41","date_gmt":"2020-08-09T22:05:41","guid":{"rendered":"http:\/\/blog.laveredadepuebla.com\/?p=22978"},"modified":"2023-02-10T11:44:58","modified_gmt":"2023-02-10T11:44:58","slug":"aprovechamiento-del-agua-en-la-sierra-norte-2","status":"publish","type":"post","link":"https:\/\/blog.sierranortedeguadalajara.com\/?p=22978","title":{"rendered":"Aprovechamiento del agua en la Sierra Norte"},"content":{"rendered":"<p align=\"LEFT\"><span style=\"font-size:small;\"><i><b><a href=\"https:\/\/laveredadepuebla.files.wordpress.com\/2020\/07\/200810-ap-agua-2.jpg\"><img loading=\"lazy\" decoding=\"async\" class=\"alignleft wp-image-22980\" src=\"https:\/\/blog.sierranortedeguadalajara.com\/wp-content\/uploads\/2023\/02\/200810-ap-agua-2.jpg\" alt=\"\" width=\"180\" height=\"240\" \/><\/a><a href=\"https:\/\/laveredadepuebla.files.wordpress.com\/2020\/07\/200810-ap-agua-1.jpg\"><img loading=\"lazy\" decoding=\"async\" class=\"alignright wp-image-22981\" src=\"https:\/\/blog.sierranortedeguadalajara.com\/wp-content\/uploads\/2023\/02\/200810-ap-agua-1.jpg\" alt=\"\" width=\"240\" height=\"180\" \/><\/a><a href=\"https:\/\/blog.laveredadepuebla.com\/2016\/05\/10\/el-mapa-de-la-sierra-norte\/\">Nuestra Sierra <\/a><\/b><\/i><\/span><span style=\"font-size:small;\">es abundante en aguas, pero eso no quita que haya que aprovechar cualquier l\u00e1grima que la madre naturaleza nos proporciona. Sobre todo en los meses de verano.<\/span><\/p>\n<p align=\"LEFT\"><span style=\"font-size:small;\">Cualquier venero que se mantiene vivo en esta \u00e9poca, lleva anexa una canalizaci\u00f3n que lleva el agua a las tierras f\u00e9rtiles de la ribera del arroyo pr\u00f3ximo, donde alimenta a los huertos. La imagen de la poza que recoje el agua, nos da una idea de la antig\u00fcedad del sistema.<\/span><\/p>\n<p align=\"LEFT\"><span style=\"font-size:small;\"><a href=\"https:\/\/laveredadepuebla.files.wordpress.com\/2020\/07\/200810-jun-10-fte-9.jpg\"><img loading=\"lazy\" decoding=\"async\" class=\"alignleft wp-image-22983\" src=\"https:\/\/blog.sierranortedeguadalajara.com\/wp-content\/uploads\/2023\/02\/200810-jun-10-fte-9.jpg\" alt=\"\" width=\"240\" height=\"180\" \/><\/a><a href=\"https:\/\/laveredadepuebla.files.wordpress.com\/2020\/07\/200810-ap-agua-3.jpg\"><img loading=\"lazy\" decoding=\"async\" class=\"alignright wp-image-22985\" src=\"https:\/\/blog.sierranortedeguadalajara.com\/wp-content\/uploads\/2023\/02\/200810-ap-agua-3.jpg\" alt=\"\" width=\"160\" height=\"240\" \/><\/a>A modo de ejemplo comp\u00e1rense estos dos de <\/span><a href=\"https:\/\/blog.laveredadepuebla.com\/2017\/08\/02\/descubre-semillas-y-la-sierra-norte-de-guadalajara\/\"><span style=\"font-size:small;\"><i><b>Semillas <\/b><\/i><\/span><\/a><span style=\"font-size:small;\">y <\/span><a href=\"https:\/\/blog.laveredadepuebla.com\/2012\/12\/11\/la-fuente-romana-de-la-mierla\/\"><span style=\"font-size:small;\"><i><b>La Mierla<\/b><\/i><\/span><\/a><span style=\"font-size:small;\">. Pero el resultado es el mismo: la sabidur\u00eda popular consiguer extraer lo mejor de la tierra y aprovechar al m\u00e1ximo sus recursos&#8230; <\/span><span style=\"color:#7e0021;\"><span style=\"font-size:small;\"><i><b>\u00a1Sin agotarlos! \u00a1Cuanto nos queda por aprender!<\/b><\/i><\/span><\/span><\/p>\n<hr \/>\n<p align=\"JUSTIFY\"><span style=\"color:#000099;\"><span style=\"font-size:small;\"><i><b>Lar-ami, <\/b><\/i><\/span><\/span><em class=\"western\"><span style=\"color:#000099;\"><span style=\"font-size:small;\"><i>gerente de <\/i><\/span><\/span><\/em><em class=\"western\"><span style=\"color:#000099;\"><span style=\"font-size:small;\"><i><b>CR<\/b><\/i><\/span><\/span><\/em><i> <\/i><span style=\"color:#0000ff;\"><u><a class=\"western\" href=\"http:\/\/www.laveredadepuebla.com\/\"><span style=\"color:#000099;\"><span style=\"font-size:small;\"><span lang=\"zxx\"><i><b>La Vereda de Puebla<\/b><\/i><\/span><\/span><\/span><\/a><\/u><\/span><span style=\"color:#000099;\"><span style=\"font-size:small;\"><i><b>, entre <\/b><\/i><\/span><\/span><span style=\"color:#0000ff;\"><u><a class=\"western\" href=\"https:\/\/blog.laveredadepuebla.com\/?s=Puebla+y+carcavas\"><span style=\"color:#000099;\"><span style=\"font-size:small;\"><i><b>c\u00e1rcavas<\/b><\/i><\/span><\/span><\/a><\/u><\/span><span style=\"color:#000099;\"><span style=\"font-size:small;\"><i><b> y o<\/b><\/i><\/span><\/span><span style=\"color:#0000ff;\"><u><a class=\"western\" href=\"https:\/\/blog.laveredadepuebla.com\/?s=olivos+mil\"><span style=\"color:#000099;\"><span style=\"font-size:small;\"><i><b>livos milenarios<\/b><\/i><\/span><\/span><\/a><\/u><\/span><span style=\"color:#000099;\"><span style=\"font-size:small;\"><i><b>. <\/b><\/i><\/span><\/span><span style=\"color:#000099;\"><span style=\"font-size:small;\"><i>Todo sobre <\/i><\/span><\/span><strong class=\"western\"><span style=\"color:#000099;\"><span style=\"font-size:small;\"><i><a class=\"western\" href=\"https:\/\/blog.laveredadepuebla.com\/category\/actualidad\/\">Actualidad<\/a>, <a class=\"western\" href=\"https:\/\/blog.laveredadepuebla.com\/category\/costumbres\/\">Costumbres<\/a>, <a class=\"western\" href=\"https:\/\/blog.laveredadepuebla.com\/category\/fiestas\/\">Fiestas<\/a>, <a class=\"western\" href=\"https:\/\/blog.laveredadepuebla.com\/category\/mundo-rural\/\">Mundo Rural<\/a> y <a class=\"western\" href=\"https:\/\/blog.laveredadepuebla.com\/category\/paisajes-y-lugares\/\">Paisajes y Lugares<\/a> <\/i><\/span><\/span><\/strong><span style=\"color:#000099;\"><span style=\"font-size:small;\"><i>de la <\/i><\/span><\/span><strong class=\"western\"><span style=\"color:#000099;\"><span style=\"font-size:small;\"><i>Sierra Norte de Guadalajara<\/i><\/span><\/span><\/strong><span style=\"color:#000099;\"><span style=\"font-size:small;\"><i>. <\/i><\/span><\/span><\/p>\n","protected":false},"excerpt":{"rendered":"<p>Nuestra Sierra es abundante en aguas, pero eso no quita que haya que aprovechar cualquier l\u00e1grima que la madre naturaleza nos proporciona. Sobre todo en los meses de verano. Cualquier venero que se mantiene vivo en esta \u00e9poca, lleva anexa una canalizaci\u00f3n que lleva el agua a las tierras f\u00e9rtiles de la ribera del arroyo &hellip; <\/p>\n<p class=\"link-more\"><a href=\"https:\/\/blog.sierranortedeguadalajara.com\/?p=22978\" class=\"more-link\">Seguir leyendo<span class=\"screen-reader-text\"> \u00abAprovechamiento del agua en la Sierra Norte\u00bb<\/span><\/a><\/p>\n","protected":false},"author":1,"featured_media":0,"comment_status":"open","ping_status":"open","sticky":false,"template":"","format":"standard","meta":{"footnotes":""},"categories":[12,9],"tags":[2,4,5,7,29,10],"class_list":["post-22978","post","type-post","status-publish","format-standard","hentry","category-actualidad","category-rincones-de-la-sierra-norte","tag-actualidad","tag-cultura","tag-historia","tag-naturaleza","tag-pueblos","tag-sierra-norte","entry"],"_links":{"self":[{"href":"https:\/\/blog.sierranortedeguadalajara.com\/index.php?rest_route=\/wp\/v2\/posts\/22978","targetHints":{"allow":["GET"]}}],"collection":[{"href":"https:\/\/blog.sierranortedeguadalajara.com\/index.php?rest_route=\/wp\/v2\/posts"}],"about":[{"href":"https:\/\/blog.sierranortedeguadalajara.com\/index.php?rest_route=\/wp\/v2\/types\/post"}],"author":[{"embeddable":true,"href":"https:\/\/blog.sierranortedeguadalajara.com\/index.php?rest_route=\/wp\/v2\/users\/1"}],"replies":[{"embeddable":true,"href":"https:\/\/blog.sierranortedeguadalajara.com\/index.php?rest_route=%2Fwp%2Fv2%2Fcomments&post=22978"}],"version-history":[{"count":1,"href":"https:\/\/blog.sierranortedeguadalajara.com\/index.php?rest_route=\/wp\/v2\/posts\/22978\/revisions"}],"predecessor-version":[{"id":24960,"href":"https:\/\/blog.sierranortedeguadalajara.com\/index.php?rest_route=\/wp\/v2\/posts\/22978\/revisions\/24960"}],"wp:attachment":[{"href":"https:\/\/blog.sierranortedeguadalajara.com\/index.php?rest_route=%2Fwp%2Fv2%2Fmedia&parent=22978"}],"wp:term":[{"taxonomy":"category","embeddable":true,"href":"https:\/\/blog.sierranortedeguadalajara.com\/index.php?rest_route=%2Fwp%2Fv2%2Fcategories&post=22978"},{"taxonomy":"post_tag","embeddable":true,"href":"https:\/\/blog.sierranortedeguadalajara.com\/index.php?rest_route=%2Fwp%2Fv2%2Ftags&post=22978"}],"curies":[{"name":"wp","href":"https:\/\/api.w.org\/{rel}","templated":true}]}}