{"id":22893,"date":"2020-08-07T00:05:23","date_gmt":"2020-08-06T22:05:23","guid":{"rendered":"http:\/\/blog.laveredadepuebla.com\/?p=22893"},"modified":"2023-02-10T11:45:00","modified_gmt":"2023-02-10T11:45:00","slug":"conoces-la-sierra-norte-de-guadalajara-ii","status":"publish","type":"post","link":"https:\/\/blog.sierranortedeguadalajara.com\/?p=22893","title":{"rendered":"\u00bfConoces la Sierra Norte de Guadalajara &#8211; II?"},"content":{"rendered":"<p align=\"LEFT\"><span style=\"color:#000000;\"><span style=\"font-size:small;\">Las im\u00e1genes del dia anterior correspondian al <\/span><\/span><span style=\"color:#7e0021;\"><span style=\"font-size:small;\"><i><b>Macizo del Pico del Lobo <\/b><\/i><\/span><\/span><span style=\"color:#000000;\"><span style=\"font-size:small;\"><i>(la primera) <\/i><\/span><\/span><span style=\"color:#000000;\"><span style=\"font-size:small;\">y al <\/span><\/span><span style=\"color:#7e0021;\"><span style=\"font-size:small;\"><i><b>Pico del Ocej\u00f3n <\/b><\/i><\/span><\/span><span style=\"color:#000000;\"><span style=\"font-size:small;\">la segunda<\/span><\/span><span style=\"color:#000000;\"><span style=\"font-size:small;\"><i><b>.<\/b><\/i><\/span><\/span><span style=\"color:#7e0021;\"><span style=\"font-size:small;\"><i><b> Si acertaste, <\/b><\/i><\/span><\/span><span style=\"color:#000000;\"><span style=\"font-size:small;\">enhorabuena.<\/span><\/span><i><b> <\/b><\/i><span style=\"color:#000000;\"><span style=\"font-size:small;\">Esta es m\u00e1s facil de reconocer. Solo te dir\u00e9 que los dos picos llevan el nombre del pueblo que est\u00e1 en su falda.<a href=\"https:\/\/blog.sierranortedeguadalajara.com\/wp-content\/uploads\/2023\/02\/200717-conoce-la-sierra-norte-ii.jpg\"><img loading=\"lazy\" decoding=\"async\" class=\"aligncenter size-full wp-image-22894\" src=\"https:\/\/blog.sierranortedeguadalajara.com\/wp-content\/uploads\/2023\/02\/200717-conoce-la-sierra-norte-ii.jpg\" alt=\"\" width=\"500\" height=\"375\" \/><\/a><\/span><\/span><\/p>\n<p align=\"LEFT\"><span style=\"color:#000000;\"><span style=\"font-size:small;\">Todas las im\u00e1genes est\u00e1n tomadas desde <\/span><\/span><span style=\"color:#7e0021;\"><span style=\"font-size:small;\"><i><b>la Pe\u00f1a la Puerta,<\/b><\/i><\/span><\/span><span style=\"color:#000000;\"><span style=\"font-size:small;\"> un excepcional paraje de <\/span><\/span><a href=\"https:\/\/blog.laveredadepuebla.com\/2017\/08\/02\/descubre-semillas-y-la-sierra-norte-de-guadalajara\/\"><span style=\"color:#000000;\"><span style=\"font-size:small;\"><i><b>Semillas<\/b><\/i><\/span><\/span><\/a><span style=\"color:#000000;\"><span style=\"font-size:small;\">, poco conocido pero con vistas espectaculares. Iremos contando m\u00e1s cosas de este pueblo singular. <\/span><\/span><\/p>\n<hr \/>\n<p align=\"JUSTIFY\"><span style=\"color:#000099;\"><span style=\"font-size:small;\"><i><b>Lar-ami, <\/b><\/i><\/span><\/span><em class=\"western\"><span style=\"color:#000099;\"><span style=\"font-size:small;\"><i>gerente de <\/i><\/span><\/span><\/em><em class=\"western\"><span style=\"color:#000099;\"><span style=\"font-size:small;\"><i><b>CR<\/b><\/i><\/span><\/span><\/em><i> <\/i><span style=\"color:#0000ff;\"><u><a class=\"western\" href=\"http:\/\/www.laveredadepuebla.com\/\"><span style=\"color:#000099;\"><span style=\"font-size:small;\"><span lang=\"zxx\"><i><b>La Vereda de Puebla<\/b><\/i><\/span><\/span><\/span><\/a><\/u><\/span><span style=\"color:#000099;\"><span style=\"font-size:small;\"><i><b>, entre <\/b><\/i><\/span><\/span><span style=\"color:#0000ff;\"><u><a class=\"western\" href=\"https:\/\/blog.laveredadepuebla.com\/?s=Puebla+y+carcavas\"><span style=\"color:#000099;\"><span style=\"font-size:small;\"><i><b>c\u00e1rcavas<\/b><\/i><\/span><\/span><\/a><\/u><\/span><span style=\"color:#000099;\"><span style=\"font-size:small;\"><i><b> y o<\/b><\/i><\/span><\/span><span style=\"color:#0000ff;\"><u><a class=\"western\" href=\"https:\/\/blog.laveredadepuebla.com\/?s=olivos+mil\"><span style=\"color:#000099;\"><span style=\"font-size:small;\"><i><b>livos milenarios<\/b><\/i><\/span><\/span><\/a><\/u><\/span><span style=\"color:#000099;\"><span style=\"font-size:small;\"><i><b>. <\/b><\/i><\/span><\/span><span style=\"color:#000099;\"><span style=\"font-size:small;\"><i>Todo sobre <\/i><\/span><\/span><strong class=\"western\"><span style=\"color:#000099;\"><span style=\"font-size:small;\"><i><a class=\"western\" href=\"https:\/\/blog.laveredadepuebla.com\/category\/actualidad\/\">Actualidad<\/a>, <a class=\"western\" href=\"https:\/\/blog.laveredadepuebla.com\/category\/costumbres\/\">Costumbres<\/a>, <a class=\"western\" href=\"https:\/\/blog.laveredadepuebla.com\/category\/fiestas\/\">Fiestas<\/a>, <a class=\"western\" href=\"https:\/\/blog.laveredadepuebla.com\/category\/mundo-rural\/\">Mundo Rural<\/a> y <a class=\"western\" href=\"https:\/\/blog.laveredadepuebla.com\/category\/paisajes-y-lugares\/\">Paisajes y Lugares<\/a> <\/i><\/span><\/span><\/strong><span style=\"color:#000099;\"><span style=\"font-size:small;\"><i>de la <\/i><\/span><\/span><strong class=\"western\"><span style=\"color:#000099;\"><span style=\"font-size:small;\"><i>Sierra Norte de Guadalajara<\/i><\/span><\/span><\/strong><span style=\"color:#000099;\"><span style=\"font-size:small;\"><i>. <\/i><\/span><\/span><\/p>\n","protected":false},"excerpt":{"rendered":"<p>Las im\u00e1genes del dia anterior correspondian al Macizo del Pico del Lobo (la primera) y al Pico del Ocej\u00f3n la segunda. Si acertaste, enhorabuena. Esta es m\u00e1s facil de reconocer. Solo te dir\u00e9 que los dos picos llevan el nombre del pueblo que est\u00e1 en su falda. Todas las im\u00e1genes est\u00e1n tomadas desde la Pe\u00f1a &hellip; <\/p>\n<p class=\"link-more\"><a href=\"https:\/\/blog.sierranortedeguadalajara.com\/?p=22893\" class=\"more-link\">Seguir leyendo<span class=\"screen-reader-text\"> \u00ab\u00bfConoces la Sierra Norte de Guadalajara &#8211; II?\u00bb<\/span><\/a><\/p>\n","protected":false},"author":1,"featured_media":0,"comment_status":"open","ping_status":"open","sticky":false,"template":"","format":"standard","meta":{"footnotes":""},"categories":[12,17,9],"tags":[2,4,7,10],"class_list":["post-22893","post","type-post","status-publish","format-standard","hentry","category-actualidad","category-paisajes-y-lugares-de-la-sierra-norte","category-rincones-de-la-sierra-norte","tag-actualidad","tag-cultura","tag-naturaleza","tag-sierra-norte","entry"],"_links":{"self":[{"href":"https:\/\/blog.sierranortedeguadalajara.com\/index.php?rest_route=\/wp\/v2\/posts\/22893","targetHints":{"allow":["GET"]}}],"collection":[{"href":"https:\/\/blog.sierranortedeguadalajara.com\/index.php?rest_route=\/wp\/v2\/posts"}],"about":[{"href":"https:\/\/blog.sierranortedeguadalajara.com\/index.php?rest_route=\/wp\/v2\/types\/post"}],"author":[{"embeddable":true,"href":"https:\/\/blog.sierranortedeguadalajara.com\/index.php?rest_route=\/wp\/v2\/users\/1"}],"replies":[{"embeddable":true,"href":"https:\/\/blog.sierranortedeguadalajara.com\/index.php?rest_route=%2Fwp%2Fv2%2Fcomments&post=22893"}],"version-history":[{"count":1,"href":"https:\/\/blog.sierranortedeguadalajara.com\/index.php?rest_route=\/wp\/v2\/posts\/22893\/revisions"}],"predecessor-version":[{"id":24962,"href":"https:\/\/blog.sierranortedeguadalajara.com\/index.php?rest_route=\/wp\/v2\/posts\/22893\/revisions\/24962"}],"wp:attachment":[{"href":"https:\/\/blog.sierranortedeguadalajara.com\/index.php?rest_route=%2Fwp%2Fv2%2Fmedia&parent=22893"}],"wp:term":[{"taxonomy":"category","embeddable":true,"href":"https:\/\/blog.sierranortedeguadalajara.com\/index.php?rest_route=%2Fwp%2Fv2%2Fcategories&post=22893"},{"taxonomy":"post_tag","embeddable":true,"href":"https:\/\/blog.sierranortedeguadalajara.com\/index.php?rest_route=%2Fwp%2Fv2%2Ftags&post=22893"}],"curies":[{"name":"wp","href":"https:\/\/api.w.org\/{rel}","templated":true}]}}