{"id":22872,"date":"2020-07-31T00:05:34","date_gmt":"2020-07-30T22:05:34","guid":{"rendered":"http:\/\/blog.laveredadepuebla.com\/?p=22872"},"modified":"2023-02-10T11:45:05","modified_gmt":"2023-02-10T11:45:05","slug":"compra-en-la-sierra-norte-de-guadalajara","status":"publish","type":"post","link":"https:\/\/blog.sierranortedeguadalajara.com\/?p=22872","title":{"rendered":"\u00a1Compra en la Sierra Norte de Guadalajara!"},"content":{"rendered":"<p align=\"LEFT\"><span style=\"font-size:small;\">Los argumentos que utilizamos para promocionar la <\/span><a href=\"https:\/\/blog.laveredadepuebla.com\/2020\/06\/19\/plataforma-compra-en-guada\/\"><span style=\"font-size:small;\"><i><b>\u201cPlataforma Compra en Guada\u201d <\/b><\/i><\/span><\/a><span style=\"font-size:small;\">y <\/span><a href=\"https:\/\/alimentosdeguadalajara.es\/\"><span style=\"font-size:small;\"><i><b>Alimentos de Guadalajara <\/b><\/i><\/span><\/a><span style=\"font-size:small;\">son igualmente v\u00e1lidos para recomendar encarecidamente la compra de productos de la <\/span><a href=\"https:\/\/blog.laveredadepuebla.com\/2016\/05\/10\/el-mapa-de-la-sierra-norte\/\"><span style=\"font-size:small;\"><i><b>Sierra Norte de Guadalajara<\/b><\/i><\/span><\/a><i><b> <\/b><\/i><\/p>\n<p align=\"LEFT\"><span style=\"font-size:small;\"><a href=\"https:\/\/laveredadepuebla.files.wordpress.com\/2020\/06\/img-20200627-wa0000.jpg\"><img loading=\"lazy\" decoding=\"async\" class=\"alignright size-medium wp-image-22874\" src=\"https:\/\/blog.sierranortedeguadalajara.com\/wp-content\/uploads\/2023\/02\/img-20200627-wa0000.jpg\" alt=\"\" width=\"212\" height=\"300\" \/><\/a>Pero podemos a\u00f1adir algunos m\u00e1s:<\/span><\/p>\n<ul>\n<li><span style=\"font-size:small;\">Comienza la temporada de huertos:<\/span><span style=\"color:#7e0021;\"><span style=\"font-size:small;\"><i><b> lechugas, calabacines, cebolletas, pepinos, tomates, &#8230;<\/b><\/i><\/span><\/span><span style=\"font-size:small;\"> sin abonos ni artificios.<\/span><\/li>\n<li><span style=\"color:#800000;\"><strong><span style=\"font-size:small;\"><em>Cabritos y corderos est\u00e1n en su punto.<\/em> <\/span><\/strong><\/span><\/li>\n<li><span style=\"font-size:small;\">La temporada de <span style=\"color:#800000;\"><em><strong>miel est\u00e1 siendo excelente<\/strong><\/em><\/span>, por la floraci\u00f3n excepcional de esta primavera.<\/span><\/li>\n<li><span style=\"font-size:small;\"><span style=\"color:#800000;\"><em><strong>Empanadas caseras, bolleria artesana<\/strong><\/em><\/span>, <span style=\"color:#800000;\"><em><strong>bollos pre\u00f1aos,<\/strong><\/em><\/span> \u2026 siguen tan ricos como siempre.<\/span><\/li>\n<li>&#8230;.<\/li>\n<\/ul>\n<p align=\"LEFT\"><span style=\"font-size:small;\">Se est\u00e1n abriendo nuevos restaurantes, ganader\u00edas y comercios <\/span><span style=\"font-size:small;\">que ofrecen disfrutar de los productos de nuestra tierra a precios razonables. <\/span><span style=\"color:#7e0021;\"><span style=\"font-size:small;\"><i><b>\u00a1Sean bienvenidos!<\/b><\/i><\/span><\/span><\/p>\n<hr \/>\n<p align=\"JUSTIFY\"><span style=\"color:#000099;\"><span style=\"font-size:small;\"><i><b>Lar-ami, <\/b><\/i><\/span><\/span><em class=\"western\"><span style=\"color:#000099;\"><span style=\"font-size:small;\"><i>gerente de <\/i><\/span><\/span><\/em><em class=\"western\"><span style=\"color:#000099;\"><span style=\"font-size:small;\"><i><b>CR<\/b><\/i><\/span><\/span><\/em><i> <\/i><span style=\"color:#0000ff;\"><u><a class=\"western\" href=\"http:\/\/www.laveredadepuebla.com\/\"><span style=\"color:#000099;\"><span style=\"font-size:small;\"><span lang=\"zxx\"><i><b>La Vereda de Puebla<\/b><\/i><\/span><\/span><\/span><\/a><\/u><\/span><span style=\"color:#000099;\"><span style=\"font-size:small;\"><i><b>, entre <\/b><\/i><\/span><\/span><span style=\"color:#0000ff;\"><u><a class=\"western\" href=\"https:\/\/blog.laveredadepuebla.com\/?s=Puebla+y+carcavas\"><span style=\"color:#000099;\"><span style=\"font-size:small;\"><i><b>c\u00e1rcavas<\/b><\/i><\/span><\/span><\/a><\/u><\/span><span style=\"color:#000099;\"><span style=\"font-size:small;\"><i><b> y o<\/b><\/i><\/span><\/span><span style=\"color:#0000ff;\"><u><a class=\"western\" href=\"https:\/\/blog.laveredadepuebla.com\/?s=olivos+mil\"><span style=\"color:#000099;\"><span style=\"font-size:small;\"><i><b>livos milenarios<\/b><\/i><\/span><\/span><\/a><\/u><\/span><span style=\"color:#000099;\"><span style=\"font-size:small;\"><i><b>. <\/b><\/i><\/span><\/span><span style=\"color:#000099;\"><span style=\"font-size:small;\"><i>Todo sobre <\/i><\/span><\/span><strong class=\"western\"><span style=\"color:#000099;\"><span style=\"font-size:small;\"><i><a class=\"western\" href=\"https:\/\/blog.laveredadepuebla.com\/category\/actualidad\/\">Actualidad<\/a>, <a class=\"western\" href=\"https:\/\/blog.laveredadepuebla.com\/category\/costumbres\/\">Costumbres<\/a>, <a class=\"western\" href=\"https:\/\/blog.laveredadepuebla.com\/category\/fiestas\/\">Fiestas<\/a>, <a class=\"western\" href=\"https:\/\/blog.laveredadepuebla.com\/category\/mundo-rural\/\">Mundo Rural<\/a> y <a class=\"western\" href=\"https:\/\/blog.laveredadepuebla.com\/category\/paisajes-y-lugares\/\">Paisajes y Lugares<\/a> <\/i><\/span><\/span><\/strong><span style=\"color:#000099;\"><span style=\"font-size:small;\"><i>de la <\/i><\/span><\/span><strong class=\"western\"><span style=\"color:#000099;\"><span style=\"font-size:small;\"><i>Sierra Norte de Guadalajara<\/i><\/span><\/span><\/strong><span style=\"color:#000099;\"><span style=\"font-size:small;\"><i>. <\/i><\/span><\/span><\/p>\n","protected":false},"excerpt":{"rendered":"<p>Los argumentos que utilizamos para promocionar la \u201cPlataforma Compra en Guada\u201d y Alimentos de Guadalajara son igualmente v\u00e1lidos para recomendar encarecidamente la compra de productos de la Sierra Norte de Guadalajara Pero podemos a\u00f1adir algunos m\u00e1s: Comienza la temporada de huertos: lechugas, calabacines, cebolletas, pepinos, tomates, &#8230; sin abonos ni artificios. Cabritos y corderos est\u00e1n &hellip; <\/p>\n<p class=\"link-more\"><a href=\"https:\/\/blog.sierranortedeguadalajara.com\/?p=22872\" class=\"more-link\">Seguir leyendo<span class=\"screen-reader-text\"> \u00ab\u00a1Compra en la Sierra Norte de Guadalajara!\u00bb<\/span><\/a><\/p>\n","protected":false},"author":1,"featured_media":0,"comment_status":"open","ping_status":"open","sticky":false,"template":"","format":"standard","meta":{"footnotes":""},"categories":[12,6,9],"tags":[2,4,7,10],"class_list":["post-22872","post","type-post","status-publish","format-standard","hentry","category-actualidad","category-mundo-rural","category-rincones-de-la-sierra-norte","tag-actualidad","tag-cultura","tag-naturaleza","tag-sierra-norte","entry"],"_links":{"self":[{"href":"https:\/\/blog.sierranortedeguadalajara.com\/index.php?rest_route=\/wp\/v2\/posts\/22872","targetHints":{"allow":["GET"]}}],"collection":[{"href":"https:\/\/blog.sierranortedeguadalajara.com\/index.php?rest_route=\/wp\/v2\/posts"}],"about":[{"href":"https:\/\/blog.sierranortedeguadalajara.com\/index.php?rest_route=\/wp\/v2\/types\/post"}],"author":[{"embeddable":true,"href":"https:\/\/blog.sierranortedeguadalajara.com\/index.php?rest_route=\/wp\/v2\/users\/1"}],"replies":[{"embeddable":true,"href":"https:\/\/blog.sierranortedeguadalajara.com\/index.php?rest_route=%2Fwp%2Fv2%2Fcomments&post=22872"}],"version-history":[{"count":1,"href":"https:\/\/blog.sierranortedeguadalajara.com\/index.php?rest_route=\/wp\/v2\/posts\/22872\/revisions"}],"predecessor-version":[{"id":24970,"href":"https:\/\/blog.sierranortedeguadalajara.com\/index.php?rest_route=\/wp\/v2\/posts\/22872\/revisions\/24970"}],"wp:attachment":[{"href":"https:\/\/blog.sierranortedeguadalajara.com\/index.php?rest_route=%2Fwp%2Fv2%2Fmedia&parent=22872"}],"wp:term":[{"taxonomy":"category","embeddable":true,"href":"https:\/\/blog.sierranortedeguadalajara.com\/index.php?rest_route=%2Fwp%2Fv2%2Fcategories&post=22872"},{"taxonomy":"post_tag","embeddable":true,"href":"https:\/\/blog.sierranortedeguadalajara.com\/index.php?rest_route=%2Fwp%2Fv2%2Ftags&post=22872"}],"curies":[{"name":"wp","href":"https:\/\/api.w.org\/{rel}","templated":true}]}}