{"id":22771,"date":"2020-06-03T00:05:59","date_gmt":"2020-06-02T22:05:59","guid":{"rendered":"http:\/\/blog.laveredadepuebla.com\/?p=22771"},"modified":"2023-02-10T11:45:24","modified_gmt":"2023-02-10T11:45:24","slug":"cuentos-y-leyendas-de-la-sierra-norte-de-guadalajara","status":"publish","type":"post","link":"https:\/\/blog.sierranortedeguadalajara.com\/?p=22771","title":{"rendered":"Cuentos y leyendas de la Sierra Norte de Guadalajara"},"content":{"rendered":"<p align=\"LEFT\"><span style=\"font-size:small;\">El objetivo de este <a href=\"https:\/\/www.amazon.es\/dp\/B0892HXYTC\"><em><strong>libro, publicado recientemente<\/strong><\/em><\/a>,\u00a0 es divulgar cuentos y leyendas fuera del entorno de la <i><b><a href=\"https:\/\/blog.laveredadepuebla.com\/2016\/05\/10\/el-mapa-de-la-sierra-norte\/\">Sierra Norte de Guadalajara<\/a>.<\/b><\/i> Para que el visitante se lleve algo m\u00e1s que un bonito recuerdo de su estancia con nosotros. <a href=\"https:\/\/www.amazon.es\/dp\/B0892HXYTC\"><img loading=\"lazy\" decoding=\"async\" class=\"alignright wp-image-22773 size-medium\" src=\"https:\/\/blog.sierranortedeguadalajara.com\/wp-content\/uploads\/2023\/02\/200529-cuentos-y-leyendas-1.jpg\" alt=\"\" width=\"230\" height=\"300\" \/><\/a><\/span><\/p>\n<p align=\"LEFT\"><span style=\"font-size:small;\">La Sierra es rica en <strong><em><a href=\"https:\/\/www.amazon.es\/dp\/B0892HXYTC\">historias y leyendas<\/a><\/em><\/strong>, debido a la orograf\u00eda y a la <a href=\"https:\/\/blog.laveredadepuebla.com\/2019\/05\/15\/la-mesta-y-los-pueblos-de-la-sierra-norte-de-guadalajara\/\"><i><b>abundancia de pueblos <\/b><\/i><\/a><i>(79)<\/i> y<i><b><a href=\"https:\/\/blog.laveredadepuebla.com\/2020\/02\/05\/pedanias-desconocidas-de-la-sierra-norte-de-guadalajara\/\"> aldeas<\/a> <\/b><\/i><em>(85),<\/em> mal comunicados entre si. Muchos lugares han desarrollado leyendas propias. A veces las comparten con sus pueblos vecinos, por transmisi\u00f3n oral y durante generaciones. Se han adornado para hacerlas m\u00e1s atractivas, y en la medida de lo posible, se ha hurgado en el origen, contexto hist\u00f3rico y\/o social que pudo generarla.<\/span><\/p>\n<p align=\"LEFT\"><span style=\"font-size:small;\"><a href=\"https:\/\/www.amazon.es\/dp\/B0892HXYTC\"><img loading=\"lazy\" decoding=\"async\" class=\"alignleft wp-image-22774 size-medium\" src=\"https:\/\/blog.sierranortedeguadalajara.com\/wp-content\/uploads\/2023\/02\/200529-cuentos-y-leyendas-2.jpg\" alt=\"\" width=\"198\" height=\"300\" \/><\/a>Se han incluido leyendas, narraciones tradicionales y serranas recogidas y\/o basadas en cuentos de escritores de reconocido prestigio, ya publicados, indicando autor y procedencia. Asimismo se incluyen cuentos hist\u00f3ricos que hacen referencia a un hecho, a un entorno, a un lugar que por su inter\u00e9s y\/o belleza bien lo merecen. Asi el lector<a href=\"https:\/\/www.amazon.es\/dp\/B0892HXYTC\"><em><strong> los disfrutar\u00e1 todos juntos<\/strong><\/em><\/a> y podr\u00e1 entender mejor la idiosincrasia serrana. <\/span><\/p>\n<p align=\"LEFT\"><span style=\"font-size:small;\">Se ha a\u00f1adido <a href=\"https:\/\/blog.laveredadepuebla.com\/2016\/05\/10\/el-mapa-de-la-sierra-norte\/\"><strong><em>un mapa<\/em> <\/strong><\/a>con el n\u00famero de cada lugar donde se desarrolla\u00a0 cuento \u00f3 leyenda, el mismo que figura en el titulo. Asi el lector podr\u00e1 situarlo en la comarca.<\/span><span style=\"color:#7e0021;\"><span style=\"font-size:small;\"><i><b> \u00a1Que lo disfruten tanto como los autores!<\/b><\/i><\/span><\/span><\/p>\n<hr \/>\n<p align=\"JUSTIFY\"><span style=\"color:#000099;\"><span style=\"font-size:small;\"><i><b>Lar-ami, <\/b><\/i><\/span><\/span><em class=\"western\"><span style=\"color:#000099;\"><span style=\"font-size:small;\"><i>gerente de <\/i><\/span><\/span><\/em><em class=\"western\"><span style=\"color:#000099;\"><span style=\"font-size:small;\"><i><b>CR<\/b><\/i><\/span><\/span><\/em><i> <\/i><span style=\"color:#0000ff;\"><u><a class=\"western\" href=\"http:\/\/www.laveredadepuebla.com\/\"><span style=\"color:#000099;\"><span style=\"font-size:small;\"><span lang=\"zxx\"><i><b>La Vereda de Puebla<\/b><\/i><\/span><\/span><\/span><\/a><\/u><\/span><span style=\"color:#000099;\"><span style=\"font-size:small;\"><i><b>, entre <\/b><\/i><\/span><\/span><span style=\"color:#0000ff;\"><u><a class=\"western\" href=\"https:\/\/blog.laveredadepuebla.com\/?s=Puebla+y+carcavas\"><span style=\"color:#000099;\"><span style=\"font-size:small;\"><i><b>c\u00e1rcavas<\/b><\/i><\/span><\/span><\/a><\/u><\/span><span style=\"color:#000099;\"><span style=\"font-size:small;\"><i><b> y o<\/b><\/i><\/span><\/span><span style=\"color:#0000ff;\"><u><a class=\"western\" href=\"https:\/\/blog.laveredadepuebla.com\/?s=olivos+mil\"><span style=\"color:#000099;\"><span style=\"font-size:small;\"><i><b>livos milenarios<\/b><\/i><\/span><\/span><\/a><\/u><\/span><span style=\"color:#000099;\"><span style=\"font-size:small;\"><i><b>. <\/b><\/i><\/span><\/span><span style=\"color:#000099;\"><span style=\"font-size:small;\"><i>Todo sobre <\/i><\/span><\/span><strong class=\"western\"><span style=\"color:#000099;\"><span style=\"font-size:small;\"><i><a class=\"western\" href=\"https:\/\/blog.laveredadepuebla.com\/category\/actualidad\/\">Actualidad<\/a>, <a class=\"western\" href=\"https:\/\/blog.laveredadepuebla.com\/category\/costumbres\/\">Costumbres<\/a>, <a class=\"western\" href=\"https:\/\/blog.laveredadepuebla.com\/category\/fiestas\/\">Fiestas<\/a>, <a class=\"western\" href=\"https:\/\/blog.laveredadepuebla.com\/category\/mundo-rural\/\">Mundo Rural<\/a> y <a class=\"western\" href=\"https:\/\/blog.laveredadepuebla.com\/category\/paisajes-y-lugares\/\">Paisajes y Lugares<\/a> <\/i><\/span><\/span><\/strong><span style=\"color:#000099;\"><span style=\"font-size:small;\"><i>de la <\/i><\/span><\/span><strong class=\"western\"><span style=\"color:#000099;\"><span style=\"font-size:small;\"><i>Sierra Norte de Guadalajara<\/i><\/span><\/span><\/strong><span style=\"color:#000099;\"><span style=\"font-size:small;\"><i>. <\/i><\/span><\/span><\/p>\n","protected":false},"excerpt":{"rendered":"<p>El objetivo de este libro, publicado recientemente,\u00a0 es divulgar cuentos y leyendas fuera del entorno de la Sierra Norte de Guadalajara. Para que el visitante se lleve algo m\u00e1s que un bonito recuerdo de su estancia con nosotros. La Sierra es rica en historias y leyendas, debido a la orograf\u00eda y a la abundancia de &hellip; <\/p>\n<p class=\"link-more\"><a href=\"https:\/\/blog.sierranortedeguadalajara.com\/?p=22771\" class=\"more-link\">Seguir leyendo<span class=\"screen-reader-text\"> \u00abCuentos y leyendas de la Sierra Norte de Guadalajara\u00bb<\/span><\/a><\/p>\n","protected":false},"author":1,"featured_media":0,"comment_status":"open","ping_status":"open","sticky":false,"template":"","format":"standard","meta":{"footnotes":""},"categories":[12,3,6,9],"tags":[2,28,24,4,25,7,10,16],"class_list":["post-22771","post","type-post","status-publish","format-standard","hentry","category-actualidad","category-costumbres-y-tradiciones","category-mundo-rural","category-rincones-de-la-sierra-norte","tag-actualidad","tag-costumbres","tag-cuentos","tag-cultura","tag-leyendas","tag-naturaleza","tag-sierra-norte","tag-tradiciones","entry"],"_links":{"self":[{"href":"https:\/\/blog.sierranortedeguadalajara.com\/index.php?rest_route=\/wp\/v2\/posts\/22771","targetHints":{"allow":["GET"]}}],"collection":[{"href":"https:\/\/blog.sierranortedeguadalajara.com\/index.php?rest_route=\/wp\/v2\/posts"}],"about":[{"href":"https:\/\/blog.sierranortedeguadalajara.com\/index.php?rest_route=\/wp\/v2\/types\/post"}],"author":[{"embeddable":true,"href":"https:\/\/blog.sierranortedeguadalajara.com\/index.php?rest_route=\/wp\/v2\/users\/1"}],"replies":[{"embeddable":true,"href":"https:\/\/blog.sierranortedeguadalajara.com\/index.php?rest_route=%2Fwp%2Fv2%2Fcomments&post=22771"}],"version-history":[{"count":1,"href":"https:\/\/blog.sierranortedeguadalajara.com\/index.php?rest_route=\/wp\/v2\/posts\/22771\/revisions"}],"predecessor-version":[{"id":25047,"href":"https:\/\/blog.sierranortedeguadalajara.com\/index.php?rest_route=\/wp\/v2\/posts\/22771\/revisions\/25047"}],"wp:attachment":[{"href":"https:\/\/blog.sierranortedeguadalajara.com\/index.php?rest_route=%2Fwp%2Fv2%2Fmedia&parent=22771"}],"wp:term":[{"taxonomy":"category","embeddable":true,"href":"https:\/\/blog.sierranortedeguadalajara.com\/index.php?rest_route=%2Fwp%2Fv2%2Fcategories&post=22771"},{"taxonomy":"post_tag","embeddable":true,"href":"https:\/\/blog.sierranortedeguadalajara.com\/index.php?rest_route=%2Fwp%2Fv2%2Ftags&post=22771"}],"curies":[{"name":"wp","href":"https:\/\/api.w.org\/{rel}","templated":true}]}}