{"id":22722,"date":"2020-06-01T00:05:50","date_gmt":"2020-05-31T22:05:50","guid":{"rendered":"http:\/\/blog.laveredadepuebla.com\/?p=22722"},"modified":"2023-02-10T11:45:25","modified_gmt":"2023-02-10T11:45:25","slug":"vida-animal-en-primavera","status":"publish","type":"post","link":"https:\/\/blog.sierranortedeguadalajara.com\/?p=22722","title":{"rendered":"Vida animal en primavera"},"content":{"rendered":"<p align=\"LEFT\"><span style=\"font-size:small;\">Sin duda estas fechas son las m\u00e1s propicias para observar los animales en la <strong><em><a href=\"https:\/\/blog.laveredadepuebla.com\/2016\/05\/10\/el-mapa-de-la-sierra-norte\/\">Sierra Norte de Guadalajara<\/a><\/em><\/strong>. Corzos, zorros, jabalies, perdices, mirlos, \u00e1nades, codornices, \u2026 Los pajarillos est\u00e1n finalizando el cortejo y terminando los nidos. Sus cantos de amor impregnan los bosques y las riberas. <\/span><\/p>\n<p align=\"LEFT\"><span style=\"font-size:small;\"><a href=\"https:\/\/blog.sierranortedeguadalajara.com\/wp-content\/uploads\/2023\/02\/200601-animal-2.jpg\"><img loading=\"lazy\" decoding=\"async\" class=\"aligncenter size-full wp-image-22723\" src=\"https:\/\/blog.sierranortedeguadalajara.com\/wp-content\/uploads\/2023\/02\/200601-animal-2.jpg\" alt=\"\" width=\"500\" height=\"375\" \/><\/a>Quiz\u00e1s sean los insectos los reyes de la estaci\u00f3n, o al menos en los animales que m\u00e1s nos fijamos. Su afici\u00f3n a las flores, el contraste de colores, y la variedad de cortejos los hacen especialmente llamativos. <\/span><\/p>\n<p><span style=\"font-size:small;\">Quiz\u00e1s sean los insectos los reyes de la estaci\u00f3n, o al menos en los animales que m\u00e1s nos fijamos. Su afici\u00f3n a las flores, el contraste de colores, y la variedad de cortejos los hacen especialmente llamativos. <\/span><\/p>\n<p align=\"LEFT\"><span style=\"font-size:small;\"><a href=\"https:\/\/laveredadepuebla.files.wordpress.com\/2020\/05\/200601-animal-1.jpg\"><img loading=\"lazy\" decoding=\"async\" class=\"alignright wp-image-22725\" src=\"https:\/\/blog.sierranortedeguadalajara.com\/wp-content\/uploads\/2023\/02\/200601-animal-1.jpg\" alt=\"\" width=\"240\" height=\"180\" \/><\/a><a href=\"https:\/\/laveredadepuebla.files.wordpress.com\/2020\/05\/200601-animal-5.jpg\"><img loading=\"lazy\" decoding=\"async\" class=\"alignleft wp-image-22726\" src=\"https:\/\/blog.sierranortedeguadalajara.com\/wp-content\/uploads\/2023\/02\/200601-animal-5.jpg\" alt=\"\" width=\"240\" height=\"180\" \/><\/a><\/span><span style=\"font-size:small;\">Un paseo por cualquier lugar de <\/span><span style=\"font-size:small;color:#800000;\"><i><b>nuesta Sierra <\/b><\/i><\/span><span style=\"font-size:small;\">en estos dias de mayo nos sorprende con im\u00e1genes t\u00e1n sugerentes como estas. Y tan bellas. <span style=\"color:#800000;\"><em><strong>Que las disfruten.<\/strong><\/em><\/span><\/span><\/p>\n<hr \/>\n<p align=\"JUSTIFY\"><span style=\"color:#000099;\"><span style=\"font-size:small;\"><i><b>Lar-ami, <\/b><\/i><\/span><\/span><span style=\"color:#000099;\"><span style=\"font-size:small;\"><em class=\"western\"><i>gerente de <\/i><\/em><\/span><\/span><span style=\"color:#000099;\"><span style=\"font-size:small;\"><em class=\"western\"><i><b>CR<\/b><\/i><\/em><\/span><\/span><i> <\/i><span style=\"color:#0000ff;\"><span style=\"color:#000099;\"><span style=\"font-size:small;\"><span lang=\"zxx\"><u><i><b><a class=\"western\" href=\"http:\/\/www.laveredadepuebla.com\/\">La Vereda de Puebla<\/a><\/b><\/i><\/u><\/span><\/span><\/span><\/span><span style=\"color:#000099;\"><span style=\"font-size:small;\"><i><b>, entre <\/b><\/i><\/span><\/span><span style=\"color:#0000ff;\"><span style=\"color:#000099;\"><span style=\"font-size:small;\"><u><i><b><a class=\"western\" href=\"https:\/\/blog.laveredadepuebla.com\/?s=Puebla+y+carcavas\">c\u00e1rcavas<\/a><\/b><\/i><\/u><\/span><\/span><\/span><span style=\"color:#000099;\"><span style=\"font-size:small;\"><i><b> y o<\/b><\/i><\/span><\/span><span style=\"color:#0000ff;\"><span style=\"color:#000099;\"><span style=\"font-size:small;\"><u><i><b><a class=\"western\" href=\"https:\/\/blog.laveredadepuebla.com\/?s=olivos+mil\">livos milenarios<\/a><\/b><\/i><\/u><\/span><\/span><\/span><span style=\"color:#000099;\"><span style=\"font-size:small;\"><i><b>. <\/b><\/i><\/span><\/span><span style=\"color:#000099;\"><span style=\"font-size:small;\"><i>Todo sobre <\/i><\/span><\/span><span style=\"color:#000099;\"><span style=\"font-size:small;\"><strong class=\"western\"><i><a class=\"western\" href=\"https:\/\/blog.laveredadepuebla.com\/category\/actualidad\/\">Actualidad<\/a><\/i><\/strong><strong class=\"western\"><i>, <\/i><\/strong><strong class=\"western\"><i><a class=\"western\" href=\"https:\/\/blog.laveredadepuebla.com\/category\/costumbres\/\">Costumbres<\/a><\/i><\/strong><strong class=\"western\"><i>, <\/i><\/strong><strong class=\"western\"><i><a class=\"western\" href=\"https:\/\/blog.laveredadepuebla.com\/category\/fiestas\/\">Fiestas<\/a><\/i><\/strong><strong class=\"western\"><i>, <\/i><\/strong><strong class=\"western\"><i><a class=\"western\" href=\"https:\/\/blog.laveredadepuebla.com\/category\/mundo-rural\/\">Mundo Rural<\/a><\/i><\/strong><strong class=\"western\"><i> y <\/i><\/strong><strong class=\"western\"><i><a class=\"western\" href=\"https:\/\/blog.laveredadepuebla.com\/category\/paisajes-y-lugares\/\">Paisajes y Lugares<\/a><\/i><\/strong><i> <\/i><\/span><\/span><span style=\"color:#000099;\"><span style=\"font-size:small;\"><i>de la <\/i><\/span><\/span><span style=\"color:#000099;\"><span style=\"font-size:small;\"><strong class=\"western\"><i>Sierra Norte de Guadalajara<\/i><\/strong><\/span><\/span><span style=\"color:#000099;\"><span style=\"font-size:small;\"><i>. <\/i><\/span><\/span><\/p>\n","protected":false},"excerpt":{"rendered":"<p>Sin duda estas fechas son las m\u00e1s propicias para observar los animales en la Sierra Norte de Guadalajara. Corzos, zorros, jabalies, perdices, mirlos, \u00e1nades, codornices, \u2026 Los pajarillos est\u00e1n finalizando el cortejo y terminando los nidos. Sus cantos de amor impregnan los bosques y las riberas. Quiz\u00e1s sean los insectos los reyes de la estaci\u00f3n, &hellip; <\/p>\n<p class=\"link-more\"><a href=\"https:\/\/blog.sierranortedeguadalajara.com\/?p=22722\" class=\"more-link\">Seguir leyendo<span class=\"screen-reader-text\"> \u00abVida animal en primavera\u00bb<\/span><\/a><\/p>\n","protected":false},"author":1,"featured_media":0,"comment_status":"open","ping_status":"open","sticky":false,"template":"","format":"standard","meta":{"footnotes":""},"categories":[12,9],"tags":[2,4,7,10],"class_list":["post-22722","post","type-post","status-publish","format-standard","hentry","category-actualidad","category-rincones-de-la-sierra-norte","tag-actualidad","tag-cultura","tag-naturaleza","tag-sierra-norte","entry"],"_links":{"self":[{"href":"https:\/\/blog.sierranortedeguadalajara.com\/index.php?rest_route=\/wp\/v2\/posts\/22722","targetHints":{"allow":["GET"]}}],"collection":[{"href":"https:\/\/blog.sierranortedeguadalajara.com\/index.php?rest_route=\/wp\/v2\/posts"}],"about":[{"href":"https:\/\/blog.sierranortedeguadalajara.com\/index.php?rest_route=\/wp\/v2\/types\/post"}],"author":[{"embeddable":true,"href":"https:\/\/blog.sierranortedeguadalajara.com\/index.php?rest_route=\/wp\/v2\/users\/1"}],"replies":[{"embeddable":true,"href":"https:\/\/blog.sierranortedeguadalajara.com\/index.php?rest_route=%2Fwp%2Fv2%2Fcomments&post=22722"}],"version-history":[{"count":1,"href":"https:\/\/blog.sierranortedeguadalajara.com\/index.php?rest_route=\/wp\/v2\/posts\/22722\/revisions"}],"predecessor-version":[{"id":25051,"href":"https:\/\/blog.sierranortedeguadalajara.com\/index.php?rest_route=\/wp\/v2\/posts\/22722\/revisions\/25051"}],"wp:attachment":[{"href":"https:\/\/blog.sierranortedeguadalajara.com\/index.php?rest_route=%2Fwp%2Fv2%2Fmedia&parent=22722"}],"wp:term":[{"taxonomy":"category","embeddable":true,"href":"https:\/\/blog.sierranortedeguadalajara.com\/index.php?rest_route=%2Fwp%2Fv2%2Fcategories&post=22722"},{"taxonomy":"post_tag","embeddable":true,"href":"https:\/\/blog.sierranortedeguadalajara.com\/index.php?rest_route=%2Fwp%2Fv2%2Ftags&post=22722"}],"curies":[{"name":"wp","href":"https:\/\/api.w.org\/{rel}","templated":true}]}}