{"id":22711,"date":"2020-05-25T00:05:10","date_gmt":"2020-05-24T22:05:10","guid":{"rendered":"http:\/\/blog.laveredadepuebla.com\/?p=22711"},"modified":"2023-02-10T11:45:27","modified_gmt":"2023-02-10T11:45:27","slug":"bosques-blancos-en-la-sierra-norte-de-guadalajara","status":"publish","type":"post","link":"https:\/\/blog.sierranortedeguadalajara.com\/?p=22711","title":{"rendered":"Bosques blancos en la Sierra Norte de Guadalajara"},"content":{"rendered":"<p align=\"LEFT\"><span style=\"font-size:small;\">Este espect\u00e1culo se celebra cada primavera desde el siglo XVIII, cuando los Borbones ordenaron que las orillas de r\u00edos y arroyos fueran reforestadas con \u00e1lamos blancos y negros, fresnos, sauces, alisos, chopos, \u2026 aunque este a\u00f1o por el maldito Covid19 nos lo estemos perdiendo.<\/span><\/p>\n<p align=\"LEFT\"><span style=\"font-size:small;\"><a href=\"https:\/\/laveredadepuebla.files.wordpress.com\/2020\/05\/200525-bblanco-4.jpg\"><img loading=\"lazy\" decoding=\"async\" class=\"alignleft wp-image-22715\" src=\"https:\/\/blog.sierranortedeguadalajara.com\/wp-content\/uploads\/2023\/02\/200525-bblanco-4.jpg\" alt=\"\" width=\"240\" height=\"320\" \/><\/a><a href=\"https:\/\/laveredadepuebla.files.wordpress.com\/2020\/05\/200525-bblanco-2.jpg\"><img loading=\"lazy\" decoding=\"async\" class=\"alignright wp-image-22713\" src=\"https:\/\/blog.sierranortedeguadalajara.com\/wp-content\/uploads\/2023\/02\/200525-bblanco-2.jpg\" alt=\"\" width=\"240\" height=\"320\" \/><\/a>En la<\/span><a href=\"https:\/\/blog.laveredadepuebla.com\/2016\/05\/10\/el-mapa-de-la-sierra-norte\/\"><span style=\"font-size:small;\"><i><b> Sierra Norte <\/b><\/i><\/span><\/a><span style=\"font-size:small;\">el chopo temblon brota a finales de febrero, florece en abril y se desprende de sus semillas en mayo, en forma de pelusas que el viento trata de dispersar, y que consigue a medias. <\/span><\/p>\n<p align=\"LEFT\"><span style=\"font-size:small;\"><a href=\"https:\/\/laveredadepuebla.files.wordpress.com\/2020\/05\/200525-bblanco-3.jpg\"><img loading=\"lazy\" decoding=\"async\" class=\"alignright wp-image-22716\" src=\"https:\/\/blog.sierranortedeguadalajara.com\/wp-content\/uploads\/2023\/02\/200525-bblanco-3.jpg\" alt=\"\" width=\"240\" height=\"320\" \/><\/a><a href=\"https:\/\/laveredadepuebla.files.wordpress.com\/2020\/05\/200525-bblanco-5.jpg\"><img loading=\"lazy\" decoding=\"async\" class=\"alignleft wp-image-22717\" src=\"https:\/\/blog.sierranortedeguadalajara.com\/wp-content\/uploads\/2023\/02\/200525-bblanco-5.jpg\" alt=\"\" width=\"240\" height=\"320\" \/><\/a>Los suelos de<\/span><a href=\"https:\/\/blog.laveredadepuebla.com\/2015\/09\/28\/los-chopos-cuentan-historias\/\"><span style=\"font-size:small;\"><i><b> las choperas <\/b><\/i><\/span><\/a><span style=\"font-size:small;\">se visten de blanco, con una capa de varios cent\u00edmetros que se levantan al paso del caminante, se pegan a la ropa y dificultan la respiracion. Si se tiene alg\u00fan tipo de alergia, no es recomendable pasear por ellas. Pero si te lo puedes permitir, hazlo &#8230; porque estas im\u00e1genes no se olvidan.<\/span><\/p>\n<hr \/>\n<p align=\"JUSTIFY\"><span style=\"color:#000099;\"><span style=\"font-size:small;\"><i><b>Lar-ami, <\/b><\/i><\/span><\/span><em class=\"western\"><span style=\"color:#000099;\"><span style=\"font-size:small;\"><i>gerente de <\/i><\/span><\/span><\/em><em class=\"western\"><span style=\"color:#000099;\"><span style=\"font-size:small;\"><i><b>CR<\/b><\/i><\/span><\/span><\/em><i> <\/i><span style=\"color:#0000ff;\"><u><a class=\"western\" href=\"http:\/\/www.laveredadepuebla.com\/\"><span style=\"color:#000099;\"><span style=\"font-size:small;\"><span lang=\"zxx\"><i><b>La Vereda de Puebla<\/b><\/i><\/span><\/span><\/span><\/a><\/u><\/span><span style=\"color:#000099;\"><span style=\"font-size:small;\"><i><b>, entre <\/b><\/i><\/span><\/span><span style=\"color:#0000ff;\"><u><a class=\"western\" href=\"https:\/\/blog.laveredadepuebla.com\/?s=Puebla+y+carcavas\"><span style=\"color:#000099;\"><span style=\"font-size:small;\"><i><b>c\u00e1rcavas<\/b><\/i><\/span><\/span><\/a><\/u><\/span><span style=\"color:#000099;\"><span style=\"font-size:small;\"><i><b> y o<\/b><\/i><\/span><\/span><span style=\"color:#0000ff;\"><u><a class=\"western\" href=\"https:\/\/blog.laveredadepuebla.com\/?s=olivos+mil\"><span style=\"color:#000099;\"><span style=\"font-size:small;\"><i><b>livos milenarios<\/b><\/i><\/span><\/span><\/a><\/u><\/span><span style=\"color:#000099;\"><span style=\"font-size:small;\"><i><b>. <\/b><\/i><\/span><\/span><span style=\"color:#000099;\"><span style=\"font-size:small;\"><i>Todo sobre <\/i><\/span><\/span><strong class=\"western\"><span style=\"color:#000099;\"><span style=\"font-size:small;\"><i><a class=\"western\" href=\"https:\/\/blog.laveredadepuebla.com\/category\/actualidad\/\">Actualidad<\/a>, <a class=\"western\" href=\"https:\/\/blog.laveredadepuebla.com\/category\/costumbres\/\">Costumbres<\/a>, <a class=\"western\" href=\"https:\/\/blog.laveredadepuebla.com\/category\/fiestas\/\">Fiestas<\/a>, <a class=\"western\" href=\"https:\/\/blog.laveredadepuebla.com\/category\/mundo-rural\/\">Mundo Rural<\/a> y <a class=\"western\" href=\"https:\/\/blog.laveredadepuebla.com\/category\/paisajes-y-lugares\/\">Paisajes y Lugares<\/a> <\/i><\/span><\/span><\/strong><span style=\"color:#000099;\"><span style=\"font-size:small;\"><i>de la <\/i><\/span><\/span><strong class=\"western\"><span style=\"color:#000099;\"><span style=\"font-size:small;\"><i>Sierra Norte de Guadalajara<\/i><\/span><\/span><\/strong><span style=\"color:#000099;\"><span style=\"font-size:small;\"><i>. <\/i><\/span><\/span><\/p>\n","protected":false},"excerpt":{"rendered":"<p>Este espect\u00e1culo se celebra cada primavera desde el siglo XVIII, cuando los Borbones ordenaron que las orillas de r\u00edos y arroyos fueran reforestadas con \u00e1lamos blancos y negros, fresnos, sauces, alisos, chopos, \u2026 aunque este a\u00f1o por el maldito Covid19 nos lo estemos perdiendo. En la Sierra Norte el chopo temblon brota a finales de &hellip; <\/p>\n<p class=\"link-more\"><a href=\"https:\/\/blog.sierranortedeguadalajara.com\/?p=22711\" class=\"more-link\">Seguir leyendo<span class=\"screen-reader-text\"> \u00abBosques blancos en la Sierra Norte de Guadalajara\u00bb<\/span><\/a><\/p>\n","protected":false},"author":1,"featured_media":0,"comment_status":"open","ping_status":"open","sticky":false,"template":"","format":"standard","meta":{"footnotes":""},"categories":[12,9],"tags":[2,4,5,7,10],"class_list":["post-22711","post","type-post","status-publish","format-standard","hentry","category-actualidad","category-rincones-de-la-sierra-norte","tag-actualidad","tag-cultura","tag-historia","tag-naturaleza","tag-sierra-norte","entry"],"_links":{"self":[{"href":"https:\/\/blog.sierranortedeguadalajara.com\/index.php?rest_route=\/wp\/v2\/posts\/22711","targetHints":{"allow":["GET"]}}],"collection":[{"href":"https:\/\/blog.sierranortedeguadalajara.com\/index.php?rest_route=\/wp\/v2\/posts"}],"about":[{"href":"https:\/\/blog.sierranortedeguadalajara.com\/index.php?rest_route=\/wp\/v2\/types\/post"}],"author":[{"embeddable":true,"href":"https:\/\/blog.sierranortedeguadalajara.com\/index.php?rest_route=\/wp\/v2\/users\/1"}],"replies":[{"embeddable":true,"href":"https:\/\/blog.sierranortedeguadalajara.com\/index.php?rest_route=%2Fwp%2Fv2%2Fcomments&post=22711"}],"version-history":[{"count":1,"href":"https:\/\/blog.sierranortedeguadalajara.com\/index.php?rest_route=\/wp\/v2\/posts\/22711\/revisions"}],"predecessor-version":[{"id":25061,"href":"https:\/\/blog.sierranortedeguadalajara.com\/index.php?rest_route=\/wp\/v2\/posts\/22711\/revisions\/25061"}],"wp:attachment":[{"href":"https:\/\/blog.sierranortedeguadalajara.com\/index.php?rest_route=%2Fwp%2Fv2%2Fmedia&parent=22711"}],"wp:term":[{"taxonomy":"category","embeddable":true,"href":"https:\/\/blog.sierranortedeguadalajara.com\/index.php?rest_route=%2Fwp%2Fv2%2Fcategories&post=22711"},{"taxonomy":"post_tag","embeddable":true,"href":"https:\/\/blog.sierranortedeguadalajara.com\/index.php?rest_route=%2Fwp%2Fv2%2Ftags&post=22711"}],"curies":[{"name":"wp","href":"https:\/\/api.w.org\/{rel}","templated":true}]}}