{"id":22679,"date":"2020-06-05T00:05:03","date_gmt":"2020-06-04T22:05:03","guid":{"rendered":"http:\/\/blog.laveredadepuebla.com\/?p=22679"},"modified":"2023-02-10T11:45:24","modified_gmt":"2023-02-10T11:45:24","slug":"castillos-desaparecidos-de-la-sierra-norte-de-guadalajara","status":"publish","type":"post","link":"https:\/\/blog.sierranortedeguadalajara.com\/?p=22679","title":{"rendered":"Castillos desaparecidos de la Sierra Norte de Guadalajara"},"content":{"rendered":"<p align=\"LEFT\"><span style=\"font-size:small;\">Desaparecidos significa que <\/span><a href=\"https:\/\/blog.laveredadepuebla.com\/2019\/12\/06\/castillos-de-la-sierra-nortede-guadalajara\"><span style=\"font-size:small;\"><i><b>estos castillos<\/b><\/i><\/span><\/a><span style=\"font-size:small;\"> apenas son mencionados en las cr\u00f3nicas y quedan pocos vestigios, \u2026 tan escasos que resultan dificiles de ver. <\/span><\/p>\n<ul>\n<li>\n<p align=\"LEFT\"><a href=\"https:\/\/www.castillosdeespa\u00f1a.es\/es\/content\/baides-castillo-de\"><span style=\"color:#000000;\"><span style=\"font-size:small;\"><i><b>Castillo de Baides:<\/b><\/i><\/span><\/span><i><b> <\/b><\/i><\/a><span style=\"color:#000000;\"><span style=\"font-size:small;\">de planta cuadrada y de sillarejo, quedan algunos restos <\/span><\/span><span style=\"color:#000000;\"><span style=\"font-size:small;\"><i>(que no levantan m\u00e1s de medio metro)<\/i><\/span><\/span><span style=\"color:#000000;\"><span style=\"font-size:small;\"> con cubos en sus cuatro esquinas. <\/span><\/span><span style=\"color:#000000;\"><span style=\"font-size:small;\">Su ubicaci\u00f3n<\/span><\/span><span style=\"color:#000000;\"><span style=\"font-size:small;\"> en la confluencia del r\u00edo Henares y el Salado explica su posible origen como torre de vigilancia de <\/span><\/span><a href=\"http:\/\/www.herreracasado.com\/1985\/02\/15\/guadalajara-andalusi-su-posicion-en-la-marca-media\/\"><span style=\"color:#000000;\"><span style=\"font-size:small;\"><i><b>La Marca Media<\/b><\/i><\/span><\/span><\/a><span style=\"color:#000000;\"><span style=\"font-size:small;\">, sobre la que se construy\u00f3 el castillo en el siglo XIV. Al igual que <\/span><\/span><a href=\"https:\/\/blog.laveredadepuebla.com\/2018\/08\/08\/baides-otro-olvidado-mas-de-la-sierra-norte-de-guadalajara\/\"><span style=\"color:#000000;\"><span style=\"font-size:small;\"><i><b>el pueblo<\/b><\/i><\/span><\/span><\/a><span style=\"color:#000000;\"><span style=\"font-size:small;\">, en el siglo XV pas\u00f3 de la familia L\u00f3pez Est\u00fa\u00f1iga a los Condes de Salvatierra por esponsales; fue reformado hacia 1.490. Es de titularidad p\u00fablica y su abandono total.<\/span><\/span><\/p>\n<\/li>\n<\/ul>\n<ul>\n<li>\n<p align=\"LEFT\"><i><b><\/b><\/i><i><b><a href=\"https:\/\/laveredadepuebla.files.wordpress.com\/2020\/04\/200529-castillo-de-mandayona.jpg\"><img loading=\"lazy\" decoding=\"async\" class=\"alignright wp-image-22682\" src=\"https:\/\/blog.sierranortedeguadalajara.com\/wp-content\/uploads\/2023\/02\/200529-castillo-de-mandayona.jpg\" alt=\"\" width=\"270\" height=\"203\" \/><\/a>Castillo de Mandayona<\/b><\/i><span style=\"color:#7e0021;\"><span style=\"font-size:small;\"><i><b>: <\/b><\/i><\/span><\/span><span style=\"color:#000000;\"><span style=\"font-size:small;\">se encuentra de espaldas al <\/span><\/span><a href=\"http:\/\/www.castillosnet.org\/espana\/informacion.php?ref=GU-CAS-516\"><span style=\"color:#000000;\"><span style=\"font-size:small;\"><i><b>pueblo<\/b><\/i><\/span><\/span><\/a><span style=\"color:#000000;\"><span style=\"font-size:small;\">, en un cerrro que vigila el r\u00edo Dulce y al que se accede desde la cuesta que sube por el sur. Es de origen isl\u00e1mico, con planta irregular y de mamposter\u00eda. Su abandono se produjo con la bajada de los vecinos al valle en el proceso de repoblaci\u00f3n tard\u00eda <\/span><\/span><span style=\"color:#000000;\"><span style=\"font-size:small;\"><i>(siglos XIV y XV)<\/i><\/span><\/span><span style=\"color:#000000;\"><span style=\"font-size:small;\"> tras la Reconquista<\/span><\/span><span style=\"color:#000000;\"><span style=\"font-size:small;\"><i>.<\/i><\/span><\/span><span style=\"color:#000000;\"><span style=\"font-size:small;\"> Apenas se observan huellas del foso y de algunos subterraneos utilizados como bodegas. En el siglo XVII ya estaba en total ruina. <\/span><\/span><\/p>\n<\/li>\n<\/ul>\n<p align=\"LEFT\"><span style=\"font-size:small;\">Pero no deben caer en el olvido. Son parte de la Historia de la <\/span><a href=\"https:\/\/blog.laveredadepuebla.com\/2016\/05\/10\/el-mapa-de-la-sierra-norte\/\"><span style=\"font-size:small;\"><i><b>Sierra Norte de Guadalajara.<\/b><\/i><\/span><\/a><\/p>\n<hr \/>\n<p align=\"JUSTIFY\"><span style=\"color:#000099;\"><span style=\"font-size:small;\"><i><b>Lar-ami, <\/b><\/i><\/span><\/span><em class=\"western\"><span style=\"color:#000099;\"><span style=\"font-size:small;\"><i>gerente de <\/i><\/span><\/span><\/em><em class=\"western\"><span style=\"color:#000099;\"><span style=\"font-size:small;\"><i><b>CR<\/b><\/i><\/span><\/span><\/em><i> <\/i><span style=\"color:#0000ff;\"><u><a class=\"western\" href=\"http:\/\/www.laveredadepuebla.com\/\"><span style=\"color:#000099;\"><span style=\"font-size:small;\"><span lang=\"zxx\"><i><b>La Vereda de Puebla<\/b><\/i><\/span><\/span><\/span><\/a><\/u><\/span><span style=\"color:#000099;\"><span style=\"font-size:small;\"><i><b>, entre <\/b><\/i><\/span><\/span><span style=\"color:#0000ff;\"><u><a class=\"western\" href=\"https:\/\/blog.laveredadepuebla.com\/?s=Puebla+y+carcavas\"><span style=\"color:#000099;\"><span style=\"font-size:small;\"><i><b>c\u00e1rcavas<\/b><\/i><\/span><\/span><\/a><\/u><\/span><span style=\"color:#000099;\"><span style=\"font-size:small;\"><i><b> y o<\/b><\/i><\/span><\/span><span style=\"color:#0000ff;\"><u><a class=\"western\" href=\"https:\/\/blog.laveredadepuebla.com\/?s=olivos+mil\"><span style=\"color:#000099;\"><span style=\"font-size:small;\"><i><b>livos milenarios<\/b><\/i><\/span><\/span><\/a><\/u><\/span><span style=\"color:#000099;\"><span style=\"font-size:small;\"><i><b>. <\/b><\/i><\/span><\/span><span style=\"color:#000099;\"><span style=\"font-size:small;\"><i>Todo sobre <\/i><\/span><\/span><strong class=\"western\"><span style=\"color:#000099;\"><span style=\"font-size:small;\"><i><a class=\"western\" href=\"https:\/\/blog.laveredadepuebla.com\/category\/actualidad\/\">Actualidad<\/a>, <a class=\"western\" href=\"https:\/\/blog.laveredadepuebla.com\/category\/costumbres\/\">Costumbres<\/a>, <a class=\"western\" href=\"https:\/\/blog.laveredadepuebla.com\/category\/fiestas\/\">Fiestas<\/a>, <a class=\"western\" href=\"https:\/\/blog.laveredadepuebla.com\/category\/mundo-rural\/\">Mundo Rural<\/a> y <a class=\"western\" href=\"https:\/\/blog.laveredadepuebla.com\/category\/paisajes-y-lugares\/\">Paisajes y Lugares<\/a> <\/i><\/span><\/span><\/strong><span style=\"color:#000099;\"><span style=\"font-size:small;\"><i>de la <\/i><\/span><\/span><strong class=\"western\"><span style=\"color:#000099;\"><span style=\"font-size:small;\"><i>Sierra Norte de Guadalajara<\/i><\/span><\/span><\/strong><span style=\"color:#000099;\"><span style=\"font-size:small;\"><i>. <\/i><\/span><\/span><\/p>\n","protected":false},"excerpt":{"rendered":"<p>Desaparecidos significa que estos castillos apenas son mencionados en las cr\u00f3nicas y quedan pocos vestigios, \u2026 tan escasos que resultan dificiles de ver. Castillo de Baides: de planta cuadrada y de sillarejo, quedan algunos restos (que no levantan m\u00e1s de medio metro) con cubos en sus cuatro esquinas. Su ubicaci\u00f3n en la confluencia del r\u00edo &hellip; <\/p>\n<p class=\"link-more\"><a href=\"https:\/\/blog.sierranortedeguadalajara.com\/?p=22679\" class=\"more-link\">Seguir leyendo<span class=\"screen-reader-text\"> \u00abCastillos desaparecidos de la Sierra Norte de Guadalajara\u00bb<\/span><\/a><\/p>\n","protected":false},"author":1,"featured_media":0,"comment_status":"open","ping_status":"open","sticky":false,"template":"","format":"standard","meta":{"footnotes":""},"categories":[12,17,9],"tags":[2,4,44,5,7,10],"class_list":["post-22679","post","type-post","status-publish","format-standard","hentry","category-actualidad","category-paisajes-y-lugares-de-la-sierra-norte","category-rincones-de-la-sierra-norte","tag-actualidad","tag-cultura","tag-edad-media","tag-historia","tag-naturaleza","tag-sierra-norte","entry"],"_links":{"self":[{"href":"https:\/\/blog.sierranortedeguadalajara.com\/index.php?rest_route=\/wp\/v2\/posts\/22679","targetHints":{"allow":["GET"]}}],"collection":[{"href":"https:\/\/blog.sierranortedeguadalajara.com\/index.php?rest_route=\/wp\/v2\/posts"}],"about":[{"href":"https:\/\/blog.sierranortedeguadalajara.com\/index.php?rest_route=\/wp\/v2\/types\/post"}],"author":[{"embeddable":true,"href":"https:\/\/blog.sierranortedeguadalajara.com\/index.php?rest_route=\/wp\/v2\/users\/1"}],"replies":[{"embeddable":true,"href":"https:\/\/blog.sierranortedeguadalajara.com\/index.php?rest_route=%2Fwp%2Fv2%2Fcomments&post=22679"}],"version-history":[{"count":1,"href":"https:\/\/blog.sierranortedeguadalajara.com\/index.php?rest_route=\/wp\/v2\/posts\/22679\/revisions"}],"predecessor-version":[{"id":25044,"href":"https:\/\/blog.sierranortedeguadalajara.com\/index.php?rest_route=\/wp\/v2\/posts\/22679\/revisions\/25044"}],"wp:attachment":[{"href":"https:\/\/blog.sierranortedeguadalajara.com\/index.php?rest_route=%2Fwp%2Fv2%2Fmedia&parent=22679"}],"wp:term":[{"taxonomy":"category","embeddable":true,"href":"https:\/\/blog.sierranortedeguadalajara.com\/index.php?rest_route=%2Fwp%2Fv2%2Fcategories&post=22679"},{"taxonomy":"post_tag","embeddable":true,"href":"https:\/\/blog.sierranortedeguadalajara.com\/index.php?rest_route=%2Fwp%2Fv2%2Ftags&post=22679"}],"curies":[{"name":"wp","href":"https:\/\/api.w.org\/{rel}","templated":true}]}}