{"id":22671,"date":"2020-05-29T00:05:18","date_gmt":"2020-05-28T22:05:18","guid":{"rendered":"http:\/\/blog.laveredadepuebla.com\/?p=22671"},"modified":"2023-02-10T11:45:26","modified_gmt":"2023-02-10T11:45:26","slug":"castillo-y-murallas-de-atienza","status":"publish","type":"post","link":"https:\/\/blog.sierranortedeguadalajara.com\/?p=22671","title":{"rendered":"Castillo y murallas de Atienza"},"content":{"rendered":"<p><span style=\"font-family:Times New Roman, serif;\"><span style=\"font-size:medium;\">De sillajero y origen musulm\u00e1n, entre los siglos IX y XI <a href=\"http:\/\/atienza.biz\/monumentos_ver\/el-castillo\/ver\/1\"><i><b>el castillo<\/b><\/i><\/a> cambi\u00f3 de manos varias veces: <span style=\"color:#7e0021;\"><i><b>Alfonso II, Sancho Carc\u00eda, Almanzor, Alfonso VI, \u2026 <\/b><\/i><\/span>El Cid lo bautiz\u00f3 como <span style=\"color:#7e0021;\"><i><b>\u201cPe\u00f1a mui fuert\u201d <\/b><\/i><\/span><span style=\"color:#000000;\">seg\u00fan su Cantar. En el siglo XV la conquistaron los navarros y la recuper\u00f3 para Castilla<\/span> <span style=\"color:#7e0021;\"><i><b>D. Alvaro de Luna,<\/b><\/i><\/span> tras una cruenta batalla que destruy\u00f3 villa y castillo.<\/span><\/span><\/p>\n<p><span style=\"font-family:Times New Roman, serif;\"><span style=\"font-size:medium;\"><a href=\"https:\/\/laveredadepuebla.files.wordpress.com\/2020\/04\/200528-castillo-atienza-1.jpg\"><img loading=\"lazy\" decoding=\"async\" class=\"alignleft size-medium wp-image-22673\" src=\"https:\/\/blog.sierranortedeguadalajara.com\/wp-content\/uploads\/2023\/02\/200528-castillo-atienza-1.jpg\" alt=\"\" width=\"300\" height=\"200\" \/><\/a>A partir de estos hechos, perdi\u00f3 su valor como fortaleza y tuvo varios usos: <span style=\"color:#7e0021;\"><i>c\u00e1rcel para nobles discolos, alojamiento del rey Felipe V, \u2026<\/i><\/span> Fue <span style=\"color:#800000;\"><em>saqueado por los franceses en la Guerra de Independencia y sufri\u00f3 la guerra (in)civil<\/em><\/span>, acelerando su deterioro hasta su estado actual. Conserva una<em><span style=\"color:#800000;\"><strong> bella estampa sobre la pe\u00f1a que domina la villa, que la iluminaci\u00f3n nocturna realza.<\/strong><\/span><\/em><\/span><\/span><\/p>\n<p><span style=\"font-family:Times New Roman, serif;\"><span style=\"font-size:medium;\"><a href=\"https:\/\/castillosdelolvido.com\/castillo-de-atienza\/\"><i><b>El castill<\/b><\/i>o<\/a> tenia 4 plantas y dos murallas. La interior proteg\u00eda la piedra sobre la que se levanta la torre <i>(aqu\u00ed estaba la alcazaba \u00e1rabe) <\/i> y el recinto interior; solo queda en pie un tramo. La exterior proteg\u00eda el patio de armas e iba desde la Torre del homenaje, de un piso con chimenea y terraza, hasta las torres de la entrada de las que solo quedan las bases. <\/span><\/span><\/p>\n<p><span style=\"font-family:Times New Roman, serif;\"><span style=\"font-size:medium;\"><a href=\"https:\/\/laveredadepuebla.files.wordpress.com\/2020\/04\/200528-muralla-atienza.jpg\"><img loading=\"lazy\" decoding=\"async\" class=\"alignright wp-image-22674\" src=\"https:\/\/blog.sierranortedeguadalajara.com\/wp-content\/uploads\/2023\/02\/200528-muralla-atienza.jpg\" alt=\"\" width=\"360\" height=\"154\" \/><\/a>De aqui arrancaban las murallas de <a href=\"https:\/\/turismoatienza.es\/\"><i><b>la villa<\/b><\/i><\/a>, construidas por Alfonso VI <i>(de las que se conservan las puertas de La Nevera, Arrebatacapas y de la Guerra, los arcos de la Virgen y la Escuela Vieja) <\/i>que fue ampliada con una segunda muralla por Alfonso VII<i> (puertas de Antequera y de la Salida).<\/i><\/span><\/span><\/p>\n<p><span style=\"font-family:Times New Roman, serif;\"><span style=\"font-size:medium;\">El recinto interior mide 130 mts x 30 mts x 12 mts de alto; la entrada era un arco con torre cuadrada a cada lado. Dos aljibes para recoger agua de lluvia y dos escaleras empotradas en los muros completaban el conjunto; la entrada era la ventana sobre la puerta. Unos t\u00faneles, hoy tapados, <span style=\"color:#800000;\"><em><strong>comunicaban el castillo con las iglesias de Santa Maria del Rey, la Trinidad y San Salvador<\/strong><\/em><\/span>.<\/span><\/span><\/p>\n<hr \/>\n<p align=\"JUSTIFY\"><span style=\"color:#000099;\"><span style=\"font-size:small;\"><i><b>Lar-ami, <\/b><\/i><\/span><\/span><em class=\"western\"><span style=\"color:#000099;\"><span style=\"font-size:small;\"><i>gerente de <\/i><\/span><\/span><\/em><em class=\"western\"><span style=\"color:#000099;\"><span style=\"font-size:small;\"><i><b>CR<\/b><\/i><\/span><\/span><\/em><i> <\/i><span style=\"color:#0000ff;\"><u><a class=\"western\" href=\"http:\/\/www.laveredadepuebla.com\/\"><span style=\"color:#000099;\"><span style=\"font-size:small;\"><span lang=\"zxx\"><i><b>La Vereda de Puebla<\/b><\/i><\/span><\/span><\/span><\/a><\/u><\/span><span style=\"color:#000099;\"><span style=\"font-size:small;\"><i><b>, entre <\/b><\/i><\/span><\/span><span style=\"color:#0000ff;\"><u><a class=\"western\" href=\"https:\/\/blog.laveredadepuebla.com\/?s=Puebla+y+carcavas\"><span style=\"color:#000099;\"><span style=\"font-size:small;\"><i><b>c\u00e1rcavas<\/b><\/i><\/span><\/span><\/a><\/u><\/span><span style=\"color:#000099;\"><span style=\"font-size:small;\"><i><b> y o<\/b><\/i><\/span><\/span><span style=\"color:#0000ff;\"><u><a class=\"western\" href=\"https:\/\/blog.laveredadepuebla.com\/?s=olivos+mil\"><span style=\"color:#000099;\"><span style=\"font-size:small;\"><i><b>livos milenarios<\/b><\/i><\/span><\/span><\/a><\/u><\/span><span style=\"color:#000099;\"><span style=\"font-size:small;\"><i><b>. <\/b><\/i><\/span><\/span><span style=\"color:#000099;\"><span style=\"font-size:small;\"><i>Todo sobre <\/i><\/span><\/span><strong class=\"western\"><span style=\"color:#000099;\"><span style=\"font-size:small;\"><i><a class=\"western\" href=\"https:\/\/blog.laveredadepuebla.com\/category\/actualidad\/\">Actualidad<\/a>, <a class=\"western\" href=\"https:\/\/blog.laveredadepuebla.com\/category\/costumbres\/\">Costumbres<\/a>, <a class=\"western\" href=\"https:\/\/blog.laveredadepuebla.com\/category\/fiestas\/\">Fiestas<\/a>, <a class=\"western\" href=\"https:\/\/blog.laveredadepuebla.com\/category\/mundo-rural\/\">Mundo Rural<\/a> y <a class=\"western\" href=\"https:\/\/blog.laveredadepuebla.com\/category\/paisajes-y-lugares\/\">Paisajes y Lugares<\/a> <\/i><\/span><\/span><\/strong><span style=\"color:#000099;\"><span style=\"font-size:small;\"><i>de la <\/i><\/span><\/span><strong class=\"western\"><span style=\"color:#000099;\"><span style=\"font-size:small;\"><i>Sierra Norte de Guadalajara<\/i><\/span><\/span><\/strong><span style=\"color:#000099;\"><span style=\"font-size:small;\"><i>. <\/i><\/span><\/span><\/p>\n","protected":false},"excerpt":{"rendered":"<p>De sillajero y origen musulm\u00e1n, entre los siglos IX y XI el castillo cambi\u00f3 de manos varias veces: Alfonso II, Sancho Carc\u00eda, Almanzor, Alfonso VI, \u2026 El Cid lo bautiz\u00f3 como \u201cPe\u00f1a mui fuert\u201d seg\u00fan su Cantar. En el siglo XV la conquistaron los navarros y la recuper\u00f3 para Castilla D. Alvaro de Luna, tras &hellip; <\/p>\n<p class=\"link-more\"><a href=\"https:\/\/blog.sierranortedeguadalajara.com\/?p=22671\" class=\"more-link\">Seguir leyendo<span class=\"screen-reader-text\"> \u00abCastillo y murallas de Atienza\u00bb<\/span><\/a><\/p>\n","protected":false},"author":1,"featured_media":0,"comment_status":"open","ping_status":"open","sticky":false,"template":"","format":"standard","meta":{"footnotes":""},"categories":[12,17,9],"tags":[2,4,44,5,7,10],"class_list":["post-22671","post","type-post","status-publish","format-standard","hentry","category-actualidad","category-paisajes-y-lugares-de-la-sierra-norte","category-rincones-de-la-sierra-norte","tag-actualidad","tag-cultura","tag-edad-media","tag-historia","tag-naturaleza","tag-sierra-norte","entry"],"_links":{"self":[{"href":"https:\/\/blog.sierranortedeguadalajara.com\/index.php?rest_route=\/wp\/v2\/posts\/22671","targetHints":{"allow":["GET"]}}],"collection":[{"href":"https:\/\/blog.sierranortedeguadalajara.com\/index.php?rest_route=\/wp\/v2\/posts"}],"about":[{"href":"https:\/\/blog.sierranortedeguadalajara.com\/index.php?rest_route=\/wp\/v2\/types\/post"}],"author":[{"embeddable":true,"href":"https:\/\/blog.sierranortedeguadalajara.com\/index.php?rest_route=\/wp\/v2\/users\/1"}],"replies":[{"embeddable":true,"href":"https:\/\/blog.sierranortedeguadalajara.com\/index.php?rest_route=%2Fwp%2Fv2%2Fcomments&post=22671"}],"version-history":[{"count":1,"href":"https:\/\/blog.sierranortedeguadalajara.com\/index.php?rest_route=\/wp\/v2\/posts\/22671\/revisions"}],"predecessor-version":[{"id":25054,"href":"https:\/\/blog.sierranortedeguadalajara.com\/index.php?rest_route=\/wp\/v2\/posts\/22671\/revisions\/25054"}],"wp:attachment":[{"href":"https:\/\/blog.sierranortedeguadalajara.com\/index.php?rest_route=%2Fwp%2Fv2%2Fmedia&parent=22671"}],"wp:term":[{"taxonomy":"category","embeddable":true,"href":"https:\/\/blog.sierranortedeguadalajara.com\/index.php?rest_route=%2Fwp%2Fv2%2Fcategories&post=22671"},{"taxonomy":"post_tag","embeddable":true,"href":"https:\/\/blog.sierranortedeguadalajara.com\/index.php?rest_route=%2Fwp%2Fv2%2Ftags&post=22671"}],"curies":[{"name":"wp","href":"https:\/\/api.w.org\/{rel}","templated":true}]}}