{"id":22663,"date":"2020-05-27T00:05:17","date_gmt":"2020-05-26T22:05:17","guid":{"rendered":"http:\/\/blog.laveredadepuebla.com\/?p=22663"},"modified":"2023-02-10T11:45:27","modified_gmt":"2023-02-10T11:45:27","slug":"d-miguel-de-unamuno","status":"publish","type":"post","link":"https:\/\/blog.sierranortedeguadalajara.com\/?p=22663","title":{"rendered":"D. Miguel de Unamuno"},"content":{"rendered":"<p><span style=\"font-size:small;\">En 1.931, el <a href=\"http:\/\/escritores.bne.es\/web\/authors\/miguel-unamuno-1864-1936\/\"><em><strong>insigne fil\u00f3sofo y ensayista<\/strong><\/em><\/a> andaba enredado en politica. Habia sido elegido concejal de Salamanca en las filas de la coalici\u00f3n republicano-socialista, siendo el encargado de proclamar la Republica en esta ciudad el 14 de abril. De su obra, como genuino representante de la <\/span><span style=\"color:#800000;\"><span style=\"font-size:small;\"><i><b>generaci\u00f3n del 98<\/b><\/i><\/span><\/span><span style=\"color:#800000;\"><span style=\"font-size:small;\">, <\/span><\/span><span style=\"font-size:small;\">ya se han ocupado los expertos.<\/span><\/p>\n<p><span style=\"font-size:small;\">De su estancia en la <\/span><a href=\"https:\/\/blog.laveredadepuebla.com\/2016\/05\/10\/el-mapa-de-la-sierra-norte\/\"><span style=\"font-size:small;\"><i><b>Sierra Norte de Guadalajara<\/b><\/i><\/span><\/a><span style=\"font-size:small;\"> lo ha hecho el maestro<\/span><a href=\"https:\/\/www.aache.com\/alcarrians\/gismera.htm\"><span style=\"font-size:small;\"><i><b> Tom\u00e1s Gismera <\/b><\/i><\/span><\/a><span style=\"font-size:small;\">en un magn\u00edfico <\/span><span style=\"font-size:small;\"><i><b><a href=\"https:\/\/nuevaalcarria.com\/articulos\/miguel-de-unamuno-en-guadalajara-por-las-tierras-del-cid_1?fbclid=IwAR0sSnMcBWO2Wmr1zGOiP011Y3S4LywNB74O1w_Ew-QgsfucTTUoGYOUSx0\">art\u00edculo en Nueva Alcarria<\/a>,<\/b><\/i><\/span><span style=\"font-size:small;\"> del que entresacamos los datos m\u00e1s interesantes. Su amistad con el alcalde de Guadalajara <\/span><span style=\"color:#800000;\"><span style=\"font-size:small;\"><i>(Marcelino Mart\u00edn) <\/i><\/span><\/span><span style=\"font-size:small;\">y el concejal <\/span><span style=\"color:#800000;\"><span style=\"font-size:small;\"><i>Miguel Bargall\u00f3<\/i><\/span><\/span><span style=\"font-size:small;\">, unida a su curiosidad intelectual, le trajeron a recorrer el <\/span><a href=\"http:\/\/www.dguadalajara.es\/web\/guest\/el-camino-del-cid\"><span style=\"font-size:small;\"><i><b>camino del Campeador<\/b><\/i><\/span><\/a><span style=\"font-size:small;\">, como a\u00f1os antes hiciera su colega <\/span><span style=\"font-size:small;color:#800000;\"><i><b>D. Ramon Men\u00e9ndez Pidal.<\/b><\/i><\/span><\/p>\n<p><span style=\"font-size:small;\"><a href=\"https:\/\/laveredadepuebla.files.wordpress.com\/2020\/04\/200525-miguel-unamuno.jpg\"><img loading=\"lazy\" decoding=\"async\" class=\"alignright wp-image-22665\" src=\"https:\/\/blog.sierranortedeguadalajara.com\/wp-content\/uploads\/2023\/02\/200525-miguel-unamuno.jpg\" alt=\"\" width=\"360\" height=\"188\" \/><\/a>En Guadalajara fue recibido y saludado por destacados militantes socialistas, que a la saz\u00f3n gobernaban la ciudad. Al dia siguiente, 30 de agosto, a primera hora D. Miguel y sus amigos salieron camino de Atienza, donde llegaron en 3-4 horas despu\u00e9s, donde se les uni\u00f3 el alcalde de la villa Gregorio Gallego. <\/span><\/p>\n<p><span style=\"font-size:small;\">Junto a otras personalidades atencinas, que hicieron de gu\u00eda por la villa, marcharon a Miedes que visiatron. Desde alli continuaron su recorrido hacia Gormaz mientras sus amigos atencinos regresaban a su pueblo. Unos dias despu\u00f1es. El 4 de septiembre, D. Miguel publicaba un art\u00edculo en el peri\u00f3dio El Sol, relatando su viaje<\/span><span style=\"color:#800000;\"><span style=\"font-size:small;\"><i><b> \u201c&#8230; a restregarme el alma en la desnudez asc\u00e9tica de la vieja Castilla reconquistadora, la del Cid, Guadalajara, Atienza, \u2026 nombres que son tierras que resuenan a este romance castellano &#8230;\u201d<\/b><\/i><\/span><\/span><\/p>\n<hr \/>\n<p align=\"JUSTIFY\"><span style=\"color:#000099;\"><span style=\"font-size:small;\"><i><b>Lar-ami, <\/b><\/i><\/span><\/span><em class=\"western\"><span style=\"color:#000099;\"><span style=\"font-size:small;\"><i>gerente de <\/i><\/span><\/span><\/em><em class=\"western\"><span style=\"color:#000099;\"><span style=\"font-size:small;\"><i><b>CR<\/b><\/i><\/span><\/span><\/em><i> <\/i><span style=\"color:#0000ff;\"><u><a class=\"western\" href=\"http:\/\/www.laveredadepuebla.com\/\"><span style=\"color:#000099;\"><span style=\"font-size:small;\"><span lang=\"zxx\"><i><b>La Vereda de Puebla<\/b><\/i><\/span><\/span><\/span><\/a><\/u><\/span><span style=\"color:#000099;\"><span style=\"font-size:small;\"><i><b>, entre <\/b><\/i><\/span><\/span><span style=\"color:#0000ff;\"><u><a class=\"western\" href=\"https:\/\/blog.laveredadepuebla.com\/?s=Puebla+y+carcavas\"><span style=\"color:#000099;\"><span style=\"font-size:small;\"><i><b>c\u00e1rcavas<\/b><\/i><\/span><\/span><\/a><\/u><\/span><span style=\"color:#000099;\"><span style=\"font-size:small;\"><i><b> y o<\/b><\/i><\/span><\/span><span style=\"color:#0000ff;\"><u><a class=\"western\" href=\"https:\/\/blog.laveredadepuebla.com\/?s=olivos+mil\"><span style=\"color:#000099;\"><span style=\"font-size:small;\"><i><b>livos milenarios<\/b><\/i><\/span><\/span><\/a><\/u><\/span><span style=\"color:#000099;\"><span style=\"font-size:small;\"><i><b>. <\/b><\/i><\/span><\/span><span style=\"color:#000099;\"><span style=\"font-size:small;\"><i>Todo sobre <\/i><\/span><\/span><strong class=\"western\"><span style=\"color:#000099;\"><span style=\"font-size:small;\"><i><a class=\"western\" href=\"https:\/\/blog.laveredadepuebla.com\/category\/actualidad\/\">Actualidad<\/a>, <a class=\"western\" href=\"https:\/\/blog.laveredadepuebla.com\/category\/costumbres\/\">Costumbres<\/a>, <a class=\"western\" href=\"https:\/\/blog.laveredadepuebla.com\/category\/fiestas\/\">Fiestas<\/a>, <a class=\"western\" href=\"https:\/\/blog.laveredadepuebla.com\/category\/mundo-rural\/\">Mundo Rural<\/a> y <a class=\"western\" href=\"https:\/\/blog.laveredadepuebla.com\/category\/paisajes-y-lugares\/\">Paisajes y Lugares<\/a> <\/i><\/span><\/span><\/strong><span style=\"color:#000099;\"><span style=\"font-size:small;\"><i>de la <\/i><\/span><\/span><strong class=\"western\"><span style=\"color:#000099;\"><span style=\"font-size:small;\"><i>Sierra Norte de Guadalajara<\/i><\/span><\/span><\/strong><\/p>\n","protected":false},"excerpt":{"rendered":"<p>En 1.931, el insigne fil\u00f3sofo y ensayista andaba enredado en politica. Habia sido elegido concejal de Salamanca en las filas de la coalici\u00f3n republicano-socialista, siendo el encargado de proclamar la Republica en esta ciudad el 14 de abril. De su obra, como genuino representante de la generaci\u00f3n del 98, ya se han ocupado los expertos. &hellip; <\/p>\n<p class=\"link-more\"><a href=\"https:\/\/blog.sierranortedeguadalajara.com\/?p=22663\" class=\"more-link\">Seguir leyendo<span class=\"screen-reader-text\"> \u00abD. Miguel de Unamuno\u00bb<\/span><\/a><\/p>\n","protected":false},"author":1,"featured_media":0,"comment_status":"open","ping_status":"open","sticky":false,"template":"","format":"standard","meta":{"footnotes":""},"categories":[12,17,9],"tags":[2,4,44,5,10,18,19],"class_list":["post-22663","post","type-post","status-publish","format-standard","hentry","category-actualidad","category-paisajes-y-lugares-de-la-sierra-norte","category-rincones-de-la-sierra-norte","tag-actualidad","tag-cultura","tag-edad-media","tag-historia","tag-sierra-norte","tag-siglo-xix","tag-siglo-xx","entry"],"_links":{"self":[{"href":"https:\/\/blog.sierranortedeguadalajara.com\/index.php?rest_route=\/wp\/v2\/posts\/22663","targetHints":{"allow":["GET"]}}],"collection":[{"href":"https:\/\/blog.sierranortedeguadalajara.com\/index.php?rest_route=\/wp\/v2\/posts"}],"about":[{"href":"https:\/\/blog.sierranortedeguadalajara.com\/index.php?rest_route=\/wp\/v2\/types\/post"}],"author":[{"embeddable":true,"href":"https:\/\/blog.sierranortedeguadalajara.com\/index.php?rest_route=\/wp\/v2\/users\/1"}],"replies":[{"embeddable":true,"href":"https:\/\/blog.sierranortedeguadalajara.com\/index.php?rest_route=%2Fwp%2Fv2%2Fcomments&post=22663"}],"version-history":[{"count":1,"href":"https:\/\/blog.sierranortedeguadalajara.com\/index.php?rest_route=\/wp\/v2\/posts\/22663\/revisions"}],"predecessor-version":[{"id":25056,"href":"https:\/\/blog.sierranortedeguadalajara.com\/index.php?rest_route=\/wp\/v2\/posts\/22663\/revisions\/25056"}],"wp:attachment":[{"href":"https:\/\/blog.sierranortedeguadalajara.com\/index.php?rest_route=%2Fwp%2Fv2%2Fmedia&parent=22663"}],"wp:term":[{"taxonomy":"category","embeddable":true,"href":"https:\/\/blog.sierranortedeguadalajara.com\/index.php?rest_route=%2Fwp%2Fv2%2Fcategories&post=22663"},{"taxonomy":"post_tag","embeddable":true,"href":"https:\/\/blog.sierranortedeguadalajara.com\/index.php?rest_route=%2Fwp%2Fv2%2Ftags&post=22663"}],"curies":[{"name":"wp","href":"https:\/\/api.w.org\/{rel}","templated":true}]}}