{"id":22656,"date":"2020-05-22T00:05:59","date_gmt":"2020-05-21T22:05:59","guid":{"rendered":"http:\/\/blog.laveredadepuebla.com\/?p=22656"},"modified":"2023-02-10T11:45:28","modified_gmt":"2023-02-10T11:45:28","slug":"el-castillo-de-guijosa","status":"publish","type":"post","link":"https:\/\/blog.sierranortedeguadalajara.com\/?p=22656","title":{"rendered":"El castillo de Guijosa"},"content":{"rendered":"<p><span style=\"font-size:small;\"><a href=\"https:\/\/laveredadepuebla.files.wordpress.com\/2020\/04\/200522-castillo-guijosa-1.jpg\"><img loading=\"lazy\" decoding=\"async\" class=\"alignright size-medium wp-image-22659\" src=\"https:\/\/blog.sierranortedeguadalajara.com\/wp-content\/uploads\/2023\/02\/200522-castillo-guijosa-1.jpg\" alt=\"\" width=\"300\" height=\"188\" \/><\/a>La imagen de <\/span><a href=\"https:\/\/castillosdelolvido.com\/castillo-de-guijosa\/\"><span style=\"font-size:small;\"><i><b>este castillo<\/b><\/i><\/span><\/a><span style=\"font-size:small;\"> impresiona, si bien apenas quedan el cascar\u00f3n exterior y la torre del homenaje, recientemente reconstruida. <\/span><a href=\"https:\/\/blog.laveredadepuebla.com\/2011\/10\/18\/don-inigo-lopez-de-orozco-senor-de-tamajon\/\"><span style=\"color:#000000;\"><span style=\"font-size:small;\"><i><b>D. \u00cd\u00f1igo L\u00f3pez de Orozco<\/b><\/i><\/span><\/span><\/a><span style=\"color:#000000;\"><span style=\"font-size:small;\">, <\/span><\/span><span style=\"font-size:small;\">lo mand\u00f3 edificar en el siglo XIV <\/span><span style=\"font-size:small;\"><i>(ya era <\/i><\/span><span style=\"color:#7e0021;\"><span style=\"font-size:small;\"><i><b>Se\u00f1or de Tamaj\u00f3n<\/b><\/i><\/span><\/span><span style=\"font-size:small;\"><i>)<\/i><\/span><span style=\"font-size:small;\"> y luego pas\u00f3 a los Duques de Medinaceli, <\/span><span style=\"color:#7e0021;\"><span style=\"font-size:small;\"><i><b>Se\u00f1ores de Cogolludo,<\/b><\/i><\/span><\/span><i><b> <\/b><\/i><span style=\"font-size:small;\">que lo utilizaron como plaza fuerte para albergar alcaides y servidores, pero nunca lo habitaron.<\/span><\/p>\n<p><span style=\"font-size:small;\">Tiene planta cuadrada, con foso y torreones cil\u00edndridos en las esquinas. Cornisas voladas y almenas en punta sobre la muralla, con matac\u00e1n y adarve en cada lado, a los que se acced\u00eda por una escalera desde el patio. La puerta principal, con arco de medio punto y escudos de D. \u00cd\u00f1igo, est\u00e1 semitapada por una casa. Ahora el acceso es a trav\u00e9s de una puerta en el muro.<\/span><\/p>\n<p><span style=\"font-size:small;\"><a href=\"https:\/\/laveredadepuebla.files.wordpress.com\/2020\/04\/200522-castillo-guijosa-2.jpg\"><img loading=\"lazy\" decoding=\"async\" class=\"alignleft size-medium wp-image-22660\" src=\"https:\/\/blog.sierranortedeguadalajara.com\/wp-content\/uploads\/2023\/02\/200522-castillo-guijosa-2.jpg\" alt=\"\" width=\"300\" height=\"234\" \/><\/a>Los torreones forman chafl\u00e1n en cada esquina del patio interior, montados sobre dos piedras cruzadas en su punto medio, formando escuadra. En el patio la torre del homenaje, cuadrada y muy hermosa, con entrada a la altura del primer piso; <\/span><span style=\"color:#0000ff;\"><span style=\"color:#000000;\"><span style=\"font-size:small;\">e<\/span><\/span><\/span><span style=\"font-size:small;\">stancias, chimeneas y escaleras completaban el conjunto, pero de ellas no se conserva nada. Hoy es de propiedad privada. <\/span><\/p>\n<p><span style=\"font-size:small;\">La tradici\u00f3n cuenta que<\/span><span style=\"color:#7e0021;\"><span style=\"font-size:small;\"><i><b> Do\u00f1a Beatriz, hija de la amante de Alfonso X el Sabio y luego reina de Portugal, <\/b><\/i><\/span><\/span><span style=\"color:#000000;\"><span style=\"font-size:small;\">fue <\/span><\/span><a href=\"https:\/\/blog.laveredadepuebla.com\/2018\/09\/21\/guijosa-y-cubillas-del-pinar\/\"><span style=\"color:#000000;\"><span style=\"font-size:small;\"><i><b>se\u00f1ora de Guijosa<\/b><\/i><\/span><\/span><\/a><span style=\"color:#7e0021;\"><span style=\"font-size:small;\"><i><b>.<\/b><\/i><\/span><\/span><span style=\"font-size:small;\"> Y que luego pas\u00f3 a manos del <\/span><span style=\"color:#7e0021;\"><span style=\"font-size:small;\"><i><b>Infante D. Juan Manuel<\/b><\/i><\/span><\/span> <span style=\"font-size:small;\"><i>(Se\u00f1or de Galve)<\/i><\/span><span style=\"font-size:small;\">, &#8230;pero las cr\u00f3nicas no han dejado constancia &#8230; Durante la Edad Media, los nombres se repiten en <\/span><a href=\"https:\/\/blog.laveredadepuebla.com\/2016\/05\/10\/el-mapa-de-la-sierra-norte\/\"><span style=\"font-size:small;\"><i><b>la Sierra Norte de Guadalajara<\/b><\/i><\/span><\/a><\/p>\n<hr \/>\n<p align=\"JUSTIFY\"><span style=\"color:#000099;\"><span style=\"font-size:small;\"><i><b>Lar-ami, <\/b><\/i><\/span><\/span><em class=\"western\"><span style=\"color:#000099;\"><span style=\"font-size:small;\"><i>gerente de <\/i><\/span><\/span><\/em><em class=\"western\"><span style=\"color:#000099;\"><span style=\"font-size:small;\"><i><b>CR<\/b><\/i><\/span><\/span><\/em><i> <\/i><span style=\"color:#0000ff;\"><u><a class=\"western\" href=\"http:\/\/www.laveredadepuebla.com\/\"><span style=\"color:#000099;\"><span style=\"font-size:small;\"><span lang=\"zxx\"><i><b>La Vereda de Puebla<\/b><\/i><\/span><\/span><\/span><\/a><\/u><\/span><span style=\"color:#000099;\"><span style=\"font-size:small;\"><i><b>, entre <\/b><\/i><\/span><\/span><span style=\"color:#0000ff;\"><u><a class=\"western\" href=\"https:\/\/blog.laveredadepuebla.com\/?s=Puebla+y+carcavas\"><span style=\"color:#000099;\"><span style=\"font-size:small;\"><i><b>c\u00e1rcavas<\/b><\/i><\/span><\/span><\/a><\/u><\/span><span style=\"color:#000099;\"><span style=\"font-size:small;\"><i><b> y o<\/b><\/i><\/span><\/span><span style=\"color:#0000ff;\"><u><a class=\"western\" href=\"https:\/\/blog.laveredadepuebla.com\/?s=olivos+mil\"><span style=\"color:#000099;\"><span style=\"font-size:small;\"><i><b>livos milenarios<\/b><\/i><\/span><\/span><\/a><\/u><\/span><span style=\"color:#000099;\"><span style=\"font-size:small;\"><i><b>. <\/b><\/i><\/span><\/span><span style=\"color:#000099;\"><span style=\"font-size:small;\"><i>Todo sobre <\/i><\/span><\/span><strong class=\"western\"><span style=\"color:#000099;\"><span style=\"font-size:small;\"><i><a class=\"western\" href=\"https:\/\/blog.laveredadepuebla.com\/category\/actualidad\/\">Actualidad<\/a>, <a class=\"western\" href=\"https:\/\/blog.laveredadepuebla.com\/category\/costumbres\/\">Costumbres<\/a>, <a class=\"western\" href=\"https:\/\/blog.laveredadepuebla.com\/category\/fiestas\/\">Fiestas<\/a>, <a class=\"western\" href=\"https:\/\/blog.laveredadepuebla.com\/category\/mundo-rural\/\">Mundo Rural<\/a> y <a class=\"western\" href=\"https:\/\/blog.laveredadepuebla.com\/category\/paisajes-y-lugares\/\">Paisajes y Lugares<\/a> <\/i><\/span><\/span><\/strong><span style=\"color:#000099;\"><span style=\"font-size:small;\"><i>de la <\/i><\/span><\/span><strong class=\"western\"><span style=\"color:#000099;\"><span style=\"font-size:small;\"><i>Sierra Norte de Guadalajara<\/i><\/span><\/span><\/strong><span style=\"color:#000099;\"><span style=\"font-size:small;\"><i>. <\/i><\/span><\/span><\/p>\n","protected":false},"excerpt":{"rendered":"<p>La imagen de este castillo impresiona, si bien apenas quedan el cascar\u00f3n exterior y la torre del homenaje, recientemente reconstruida. D. \u00cd\u00f1igo L\u00f3pez de Orozco, lo mand\u00f3 edificar en el siglo XIV (ya era Se\u00f1or de Tamaj\u00f3n) y luego pas\u00f3 a los Duques de Medinaceli, Se\u00f1ores de Cogolludo, que lo utilizaron como plaza fuerte para &hellip; <\/p>\n<p class=\"link-more\"><a href=\"https:\/\/blog.sierranortedeguadalajara.com\/?p=22656\" class=\"more-link\">Seguir leyendo<span class=\"screen-reader-text\"> \u00abEl castillo de Guijosa\u00bb<\/span><\/a><\/p>\n","protected":false},"author":1,"featured_media":0,"comment_status":"open","ping_status":"open","sticky":false,"template":"","format":"standard","meta":{"footnotes":""},"categories":[12,17,9],"tags":[2,4,44,5,7,10],"class_list":["post-22656","post","type-post","status-publish","format-standard","hentry","category-actualidad","category-paisajes-y-lugares-de-la-sierra-norte","category-rincones-de-la-sierra-norte","tag-actualidad","tag-cultura","tag-edad-media","tag-historia","tag-naturaleza","tag-sierra-norte","entry"],"_links":{"self":[{"href":"https:\/\/blog.sierranortedeguadalajara.com\/index.php?rest_route=\/wp\/v2\/posts\/22656","targetHints":{"allow":["GET"]}}],"collection":[{"href":"https:\/\/blog.sierranortedeguadalajara.com\/index.php?rest_route=\/wp\/v2\/posts"}],"about":[{"href":"https:\/\/blog.sierranortedeguadalajara.com\/index.php?rest_route=\/wp\/v2\/types\/post"}],"author":[{"embeddable":true,"href":"https:\/\/blog.sierranortedeguadalajara.com\/index.php?rest_route=\/wp\/v2\/users\/1"}],"replies":[{"embeddable":true,"href":"https:\/\/blog.sierranortedeguadalajara.com\/index.php?rest_route=%2Fwp%2Fv2%2Fcomments&post=22656"}],"version-history":[{"count":1,"href":"https:\/\/blog.sierranortedeguadalajara.com\/index.php?rest_route=\/wp\/v2\/posts\/22656\/revisions"}],"predecessor-version":[{"id":25064,"href":"https:\/\/blog.sierranortedeguadalajara.com\/index.php?rest_route=\/wp\/v2\/posts\/22656\/revisions\/25064"}],"wp:attachment":[{"href":"https:\/\/blog.sierranortedeguadalajara.com\/index.php?rest_route=%2Fwp%2Fv2%2Fmedia&parent=22656"}],"wp:term":[{"taxonomy":"category","embeddable":true,"href":"https:\/\/blog.sierranortedeguadalajara.com\/index.php?rest_route=%2Fwp%2Fv2%2Fcategories&post=22656"},{"taxonomy":"post_tag","embeddable":true,"href":"https:\/\/blog.sierranortedeguadalajara.com\/index.php?rest_route=%2Fwp%2Fv2%2Ftags&post=22656"}],"curies":[{"name":"wp","href":"https:\/\/api.w.org\/{rel}","templated":true}]}}