{"id":22651,"date":"2020-05-20T00:05:13","date_gmt":"2020-05-19T22:05:13","guid":{"rendered":"http:\/\/blog.laveredadepuebla.com\/?p=22651"},"modified":"2023-02-10T11:45:29","modified_gmt":"2023-02-10T11:45:29","slug":"ortega-y-gasset-en-la-sierra-norte-de-guadalajara","status":"publish","type":"post","link":"https:\/\/blog.sierranortedeguadalajara.com\/?p=22651","title":{"rendered":"Ortega y Gasset en la Sierra Norte de Guadalajara"},"content":{"rendered":"<p align=\"LEFT\"><span style=\"font-size:small;\">Nacido en 1.883, este <\/span><a href=\"http:\/\/www.filosofia.org\/ave\/001\/a185.htm\"><span style=\"font-size:small;\"><i><b>fil\u00f3sofo y ensayista <\/b><\/i><\/span><\/a><span style=\"font-size:small;\">madrile\u00f1o de la <\/span><a href=\"http:\/\/www.hispanoteca.eu\/Literatura%20ES\/La%20Generaci%C3%B3n%20del%2014.htm\"><span style=\"font-size:small;\"><i><b>generaci\u00f3n del 14<\/b><\/i><\/span><\/a><span style=\"color:#7e0021;\"><span style=\"font-size:small;\"><i><b> (Manuel Aza\u00f1a, Gregorio Mara\u00f1on, Ram\u00f3n P\u00e9rez de Ayala,&#8230;)<\/b><\/i><\/span><\/span><span style=\"font-size:small;\"><i>,<\/i><\/span><span style=\"font-size:small;\"> se cri\u00f3 en un ambiente culto y refinado. Se doctor\u00f3 en Madrid y ampli\u00f3 estudios en varias Universidades alemanas; <\/span><span style=\"color:#800000;\"><span style=\"font-size:small;\"><i><b>C<\/b><\/i><\/span><\/span><span style=\"color:#7e0021;\"><span style=\"font-size:small;\"><i><b>atedr\u00e1tico de Metafisica<\/b><\/i><\/span><\/span><span style=\"font-size:small;\"> en la Universidad Complutense en 1.910, pronto adquiri\u00f3 un<\/span><i><b> <\/b><\/i><span style=\"color:#800000;\"><span style=\"font-size:small;\"><i><b>gran prestigio.<\/b><\/i><\/span><\/span><\/p>\n<p align=\"LEFT\"><span style=\"font-size:small;\">A finales del siglo XIX pas\u00f3 algunos veranos en la finca campi\u00f1era de su t\u00edo en <\/span><span style=\"color:#7e0021;\"><span style=\"font-size:small;\"><i><b>Fuentelahiguera de Albatages<\/b><\/i><\/span><\/span><span style=\"color:#7e0021;\"><span style=\"font-size:small;\">.<\/span><\/span><span style=\"font-size:small;\"> Pero es Sig\u00fcenza la villa con a que trab\u00f3 una estrecha relaci\u00f3n, ya que sus padres sol\u00edan descansar en la ciudad mitrada. Su matrimonio con <\/span><strong class=\"western\"><span style=\"color:#7e0021;\"><span style=\"font-size:small;\"><i>Rosa Spottorno<\/i><\/span><\/span><\/strong> <span style=\"font-size:small;\"><i>(1.910)<\/i><\/span><span style=\"font-size:small;\"> reforz\u00f3 esta relaci\u00f3n. Sus suegros tambien descansan en la villa y ese verano, D. Jos\u00e9 prepar\u00f3 la oposici\u00f3n a la c\u00e1tedra de Metaf\u00edsica. Viaja por la Sierra y del <\/span><span style=\"color:#000000;\"><span style=\"font-size:small;\"><span style=\"color:#800000;\"><strong><em>castillo del Cid<\/em><\/strong><\/span> en Jadraque dijo que<\/span><\/span><strong class=\"western\"><span style=\"color:#7e0021;\"><span style=\"font-size:small;\"><i><b> \u201cestaba en el cerro m\u00e1s perfecto del mundo\u201d.<a href=\"https:\/\/laveredadepuebla.files.wordpress.com\/2020\/04\/200520-ortega_y_gasset.jpg\"><img loading=\"lazy\" decoding=\"async\" class=\"alignright size-medium wp-image-22653\" src=\"https:\/\/blog.sierranortedeguadalajara.com\/wp-content\/uploads\/2023\/02\/200520-ortega_y_gasset.jpg\" alt=\"\" width=\"300\" height=\"264\" \/><\/a><\/b><\/i><\/span><\/span><\/strong><\/p>\n<p align=\"LEFT\"><span style=\"font-size:small;\">En el 1913, <a href=\"https:\/\/ortegaygasset.edu\/\"><em><strong>Ortega y Gasse<\/strong><\/em><\/a>t vuelve a <\/span><a href=\"http:\/\/www.turismoensiguenza.com\/home\"><span style=\"font-size:small;\"><i><b>Sig\u00fcenza <\/b><\/i><\/span><\/a><span style=\"font-size:small;\">con su esposa y su primer hijo, aloj\u00e1ndose, como a\u00f1os atr\u00e1s, en la calle San Roque, cerca de las Tres Cruces. Asist\u00edan con frecuencia a la tertulia pol\u00edtica y literaria de la Alameda, a la que acud\u00edan personalidades locales (<\/span><span style=\"font-size:small;\"><i>se dice que la <\/i><\/span><span style=\"color:#7e0021;\"><span style=\"font-size:small;\"><i><b>Sra Cabezuelo <\/b><\/i><\/span><\/span><span style=\"font-size:small;\"><i>le regal\u00f3 la pluma con la que escribio su obra cumbre,<\/i><\/span><span style=\"color:#7e0021;\"><span style=\"font-size:small;\"><i>\u201c<\/i><\/span><\/span><span style=\"color:#7e0021;\"><span style=\"font-size:small;\"><i><b>La rebeli\u00f3n de las masas\u201d<\/b><\/i><\/span><\/span><span style=\"color:#7e0021;\"><span style=\"font-size:small;\"><i>)<\/i><\/span><\/span><i> <\/i><span style=\"font-size:small;\">y el <\/span><strong class=\"western\"><span style=\"color:#7e0021;\"><span style=\"font-size:small;\"><i>Conde de Romanones.<\/i><\/span><\/span><\/strong><\/p>\n<p align=\"LEFT\"><span style=\"font-size:small;\">Sig\u00faenza y la figura de <\/span><span style=\"color:#7e0021;\"><span style=\"font-size:small;\"><i><b>El Doncel <\/b><\/i><\/span><\/span><span style=\"font-size:small;\">aparecen con frecuencia en <\/span><a href=\"https:\/\/laplazuela.net\/index.php\/dcultura\/11914-volver-a-azorin-volver-a-ortega-y-gasset\"><span style=\"font-size:small;\"><i><b>sus art\u00edculos<\/b><\/i><\/span><\/a><span style=\"font-size:small;\">; compara estas tierras serranas con <\/span><span style=\"color:#7e0021;\"><span style=\"font-size:small;\"><i>\u201clos hombros de un gigante\u201d<\/i><\/span><\/span><span style=\"font-size:small;\">. En 1911 escribe en El Imparcial el art\u00edculo <\/span><span style=\"color:#7e0021;\"><span style=\"font-size:small;\"><i><b>\u201cArte de este mundo y del otro\u201d<\/b><\/i><\/span><\/span><span style=\"font-size:small;\">, en el que toma como ejemplo la <\/span><span style=\"color:#7e0021;\"><span style=\"font-size:small;\"><i><b>catedral de Sig\u00fcenza <\/b><\/i><\/span><\/span><span style=\"color:#000000;\"><span style=\"font-size:small;\">y<\/span><\/span><i><b> <\/b><\/i><span style=\"color:#000000;\"><span style=\"font-size:small;\">la hermana con el <\/span><\/span><span style=\"color:#7e0021;\"><span style=\"font-size:small;\"><i><b>Cantar del M\u00edo Cid,<\/b><\/i><\/span><\/span><span style=\"color:#000000;\"><span style=\"font-size:small;\"> como hijos de la espiritualidad<\/span><\/span><span style=\"color:#7e0021;\"><span style=\"font-size:small;\"><i><b> del Rom\u00e1nico.<\/b><\/i><\/span><\/span><\/p>\n<hr \/>\n<p align=\"JUSTIFY\"><span style=\"color:#000099;\"><span style=\"font-size:small;\"><i><b>Lar-ami, <\/b><\/i><\/span><\/span><em class=\"western\"><span style=\"color:#000099;\"><span style=\"font-size:small;\"><i>gerente de <\/i><\/span><\/span><\/em><em class=\"western\"><span style=\"color:#000099;\"><span style=\"font-size:small;\"><i><b>CR<\/b><\/i><\/span><\/span><\/em><i> <\/i><span style=\"color:#0000ff;\"><u><a class=\"western\" href=\"http:\/\/www.laveredadepuebla.com\/\"><span style=\"color:#000099;\"><span style=\"font-size:small;\"><span lang=\"zxx\"><i><b>La Vereda de Puebla<\/b><\/i><\/span><\/span><\/span><\/a><\/u><\/span><span style=\"color:#000099;\"><span style=\"font-size:small;\"><i><b>, entre <\/b><\/i><\/span><\/span><span style=\"color:#0000ff;\"><u><a class=\"western\" href=\"https:\/\/blog.laveredadepuebla.com\/?s=Puebla+y+carcavas\"><span style=\"color:#000099;\"><span style=\"font-size:small;\"><i><b>c\u00e1rcavas<\/b><\/i><\/span><\/span><\/a><\/u><\/span><span style=\"color:#000099;\"><span style=\"font-size:small;\"><i><b> y o<\/b><\/i><\/span><\/span><span style=\"color:#0000ff;\"><u><a class=\"western\" href=\"https:\/\/blog.laveredadepuebla.com\/?s=olivos+mil\"><span style=\"color:#000099;\"><span style=\"font-size:small;\"><i><b>livos milenarios<\/b><\/i><\/span><\/span><\/a><\/u><\/span><span style=\"color:#000099;\"><span style=\"font-size:small;\"><i><b>. <\/b><\/i><\/span><\/span><span style=\"color:#000099;\"><span style=\"font-size:small;\"><i>Todo sobre <\/i><\/span><\/span><strong class=\"western\"><span style=\"color:#000099;\"><span style=\"font-size:small;\"><i><a class=\"western\" href=\"https:\/\/blog.laveredadepuebla.com\/category\/actualidad\/\">Actualidad<\/a>, <a class=\"western\" href=\"https:\/\/blog.laveredadepuebla.com\/category\/costumbres\/\">Costumbres<\/a>, <a class=\"western\" href=\"https:\/\/blog.laveredadepuebla.com\/category\/fiestas\/\">Fiestas<\/a>, <a class=\"western\" href=\"https:\/\/blog.laveredadepuebla.com\/category\/mundo-rural\/\">Mundo Rural<\/a> y <a class=\"western\" href=\"https:\/\/blog.laveredadepuebla.com\/category\/paisajes-y-lugares\/\">Paisajes y Lugares<\/a> <\/i><\/span><\/span><\/strong><span style=\"color:#000099;\"><span style=\"font-size:small;\"><i>de la <\/i><\/span><\/span><strong class=\"western\"><span style=\"color:#000099;\"><span style=\"font-size:small;\"><i>Sierra Norte de Guadalajara<\/i><\/span><\/span><\/strong><span style=\"color:#000099;\"><span style=\"font-size:small;\"><i>. <\/i><\/span><\/span><\/p>\n","protected":false},"excerpt":{"rendered":"<p>Nacido en 1.883, este fil\u00f3sofo y ensayista madrile\u00f1o de la generaci\u00f3n del 14 (Manuel Aza\u00f1a, Gregorio Mara\u00f1on, Ram\u00f3n P\u00e9rez de Ayala,&#8230;), se cri\u00f3 en un ambiente culto y refinado. Se doctor\u00f3 en Madrid y ampli\u00f3 estudios en varias Universidades alemanas; Catedr\u00e1tico de Metafisica en la Universidad Complutense en 1.910, pronto adquiri\u00f3 un gran prestigio. A &hellip; <\/p>\n<p class=\"link-more\"><a href=\"https:\/\/blog.sierranortedeguadalajara.com\/?p=22651\" class=\"more-link\">Seguir leyendo<span class=\"screen-reader-text\"> \u00abOrtega y Gasset en la Sierra Norte de Guadalajara\u00bb<\/span><\/a><\/p>\n","protected":false},"author":1,"featured_media":0,"comment_status":"open","ping_status":"open","sticky":false,"template":"","format":"standard","meta":{"footnotes":""},"categories":[12,17,9],"tags":[2,4,5,10,18],"class_list":["post-22651","post","type-post","status-publish","format-standard","hentry","category-actualidad","category-paisajes-y-lugares-de-la-sierra-norte","category-rincones-de-la-sierra-norte","tag-actualidad","tag-cultura","tag-historia","tag-sierra-norte","tag-siglo-xix","entry"],"_links":{"self":[{"href":"https:\/\/blog.sierranortedeguadalajara.com\/index.php?rest_route=\/wp\/v2\/posts\/22651","targetHints":{"allow":["GET"]}}],"collection":[{"href":"https:\/\/blog.sierranortedeguadalajara.com\/index.php?rest_route=\/wp\/v2\/posts"}],"about":[{"href":"https:\/\/blog.sierranortedeguadalajara.com\/index.php?rest_route=\/wp\/v2\/types\/post"}],"author":[{"embeddable":true,"href":"https:\/\/blog.sierranortedeguadalajara.com\/index.php?rest_route=\/wp\/v2\/users\/1"}],"replies":[{"embeddable":true,"href":"https:\/\/blog.sierranortedeguadalajara.com\/index.php?rest_route=%2Fwp%2Fv2%2Fcomments&post=22651"}],"version-history":[{"count":1,"href":"https:\/\/blog.sierranortedeguadalajara.com\/index.php?rest_route=\/wp\/v2\/posts\/22651\/revisions"}],"predecessor-version":[{"id":25066,"href":"https:\/\/blog.sierranortedeguadalajara.com\/index.php?rest_route=\/wp\/v2\/posts\/22651\/revisions\/25066"}],"wp:attachment":[{"href":"https:\/\/blog.sierranortedeguadalajara.com\/index.php?rest_route=%2Fwp%2Fv2%2Fmedia&parent=22651"}],"wp:term":[{"taxonomy":"category","embeddable":true,"href":"https:\/\/blog.sierranortedeguadalajara.com\/index.php?rest_route=%2Fwp%2Fv2%2Fcategories&post=22651"},{"taxonomy":"post_tag","embeddable":true,"href":"https:\/\/blog.sierranortedeguadalajara.com\/index.php?rest_route=%2Fwp%2Fv2%2Ftags&post=22651"}],"curies":[{"name":"wp","href":"https:\/\/api.w.org\/{rel}","templated":true}]}}