{"id":22612,"date":"2020-04-22T00:05:15","date_gmt":"2020-04-21T22:05:15","guid":{"rendered":"http:\/\/blog.laveredadepuebla.com\/?p=22612"},"modified":"2023-02-10T11:45:36","modified_gmt":"2023-02-10T11:45:36","slug":"epidemias-durante-el-siglo-xx-en-la-sierra-norte","status":"publish","type":"post","link":"https:\/\/blog.sierranortedeguadalajara.com\/?p=22612","title":{"rendered":"Epidemias durante el siglo XX en la Sierra Norte"},"content":{"rendered":"<p align=\"LEFT\"><span style=\"font-size:small;\">Las mayores epidemias de la <\/span><a href=\"https:\/\/blog.laveredadepuebla.com\/2016\/05\/10\/el-mapa-de-la-sierra-norte\/\"><span style=\"font-size:small;\"><i><b>Sierra <\/b><\/i><\/span><\/a><span style=\"font-size:small;\">en el siglo XX fueron la <\/span><span style=\"font-size:small;\"><i><b><span style=\"color:#800000;\">despoblaci\u00f3n de los a\u00f1os 60<\/span> <\/b><\/i><\/span><span style=\"font-size:small;\"><i>(perdi\u00f3 el 90% de su poblaci\u00f3n ), <\/i><\/span> <span style=\"color:#7e0021;\"><span style=\"font-size:small;\"><i><b>la guerra (in)civil, <\/b><\/i><\/span><\/span><span style=\"font-size:small;\">y la <\/span><a href=\"https:\/\/gacetamedica.com\/investigacion\/la-gripe-espanola-la-pandemia-de-1918-que-no-comenzo-en-espana-fy1357456\/\"><span style=\"font-size:small;\"><i><b>\u201cgripe espa\u00f1ola\u201d<\/b><\/i><\/span><\/a><span style=\"font-size:small;\">. Acudimos a los excelentes trabajos de <\/span><a href=\"https:\/\/www.laplazuela.net\/index.php\/health\/11510-la-gripe-espanola-de-1912-en-guadalajara\"><span style=\"font-size:small;\"><i><b>La Plazuela <\/b><\/i><\/span><\/a><span style=\"font-size:small;\">y <\/span><a href=\"https:\/\/nuevaalcarria.com\/articulos\/incidencia-moderada-en-guadalajara-de-la-grave-gripe-espanola-de-1918\"><span style=\"font-size:small;\"><i><b>Nueva Alcarria<\/b><\/i><\/span><\/a><span style=\"font-size:small;\">, de donde entresacamos los datos interesantes. <\/span><\/p>\n<p align=\"LEFT\"><span style=\"font-size:small;\">La gripe espa\u00f1ola de 1.918 afect\u00f3 a 8,5 millones de espa\u00f1oles <\/span><span style=\"font-size:small;\"><i>(42,5% de la poblaci\u00f3n)<\/i><\/span><span style=\"font-size:small;\"> y provoc\u00f3 300.000 muertes. La primera oleada fue suave; los m\u00e9dicos hablaban de una<\/span><span style=\"color:#7e0021;\"><span style=\"font-size:small;\"><i><b> gripe benigna <\/b><span style=\"color:#000000;\">(\u00bfles suena?)<\/span><\/i><\/span><\/span><span style=\"font-size:small;\">, con somnolencia y fiebre alta un par de d\u00edas. La segunda ola de la epidemia lleg\u00f3 a Guadalajara en oto\u00f1o, que fue declarada <\/span><span style=\"color:#7e0021;\"><span style=\"font-size:small;\"><i><b>\u201czona afectada\u201d<\/b><\/i><\/span><\/span><span style=\"font-size:small;\">; la tasa de mortalidad oscil\u00f3 entre el<\/span><span style=\"font-size:small;\"> 4 y el 7% de los enfermos.<br \/>\n<\/span><\/p>\n<figure id=\"attachment_22615\" aria-describedby=\"caption-attachment-22615\" style=\"width: 300px\" class=\"wp-caption alignright\"><a href=\"https:\/\/www.ntrguadalajara.com\/\"><img loading=\"lazy\" decoding=\"async\" class=\"wp-image-22615 size-medium\" src=\"https:\/\/blog.sierranortedeguadalajara.com\/wp-content\/uploads\/2023\/02\/200422-epidemia-1.jpg\" alt=\"\" width=\"300\" height=\"200\" \/><\/a><figcaption id=\"caption-attachment-22615\" class=\"wp-caption-text\"><strong><em>Cortesia https:\/\/www.ntrguadalajara.com\/<\/em><\/strong><\/figcaption><\/figure>\n<p align=\"LEFT\"><span style=\"font-size:small;\">Hubo un centenar de afectados en algunos pueblos serranos: <\/span><span style=\"color:#7e0021;\"><span style=\"font-size:small;\"><i><b>Atienza,<\/b><\/i><\/span><\/span> <span style=\"color:#7e0021;\"><span style=\"font-size:small;\"><i><b>Sa\u00faca, Tordelr\u00e1bano, Estri\u00e9gana, Pelegrina, La Cabrera, &#8230; <\/b><\/i><\/span><\/span><span style=\"color:#000000;\"><span style=\"font-size:small;\">donde se celebraron rogativas, misas y procesiones a San Roque. El obispo de Sig\u00fcenza envi\u00f3 sacerdotes por la di\u00f3cesis, cerr\u00f3 el seminario y ofreci\u00f3 el castillo para acoger a los enfermos.<\/span><\/span><\/p>\n<p align=\"LEFT\"><a href=\"http:\/\/www.turismoensiguenza.com\/home\"><span style=\"color:#000000;\"><span style=\"font-size:small;\"><i><b>Sig\u00fcenza<\/b><\/i><\/span><\/span><\/a><span style=\"color:#000000;\"><span style=\"font-size:small;\"> fue la villa m\u00e1s afectada; <\/span><\/span><span style=\"font-size:small;\">Gobernaci\u00f3n prohibi\u00f3 las fiestas cuando ya se hab\u00edan iniciado. La Junta municipal orden\u00f3 la desinfecci\u00f3n y cierre de colegios, la limpieza diaria de fondas, posadas y coches de linea. Un bando recomendaba a feriantes y visitantes no acercarse a la ciudad, asi como aislar a los enfermos, garantizando atenci\u00f3n m\u00e9dica en el <\/span><span style=\"color:#7e0021;\"><span style=\"font-size:small;\"><i><b>lazareto del Rebollar<\/b><\/i><\/span><\/span><span style=\"font-size:small;\">. Se limit\u00f3 el n\u00famero de asistentes a los entierros y se cerr\u00f3 el cementerio el dia de Todos los Santos. <\/span><\/p>\n<figure id=\"attachment_22617\" aria-describedby=\"caption-attachment-22617\" style=\"width: 300px\" class=\"wp-caption alignleft\"><a href=\"https:\/\/www.lavozdelsur.es\/\"><img loading=\"lazy\" decoding=\"async\" class=\"wp-image-22617 size-medium\" src=\"https:\/\/blog.sierranortedeguadalajara.com\/wp-content\/uploads\/2023\/02\/200422-epidemia-2.jpg\" alt=\"\" width=\"300\" height=\"169\" \/><\/a><figcaption id=\"caption-attachment-22617\" class=\"wp-caption-text\"><em><strong>Cortes\u00eda https:\/\/www.lavozdelsur.es\/ <\/strong><\/em><\/figcaption><\/figure>\n<p align=\"LEFT\"><span style=\"font-size:small;\">Surgieron falsos remedios: <\/span><span style=\"color:#7e0021;\"><span style=\"font-size:small;\"><i><b>\u201chuir de sitios donde se hablara de la enfermedad y tomar una copita de licor con zotal\u201d. <\/b><\/i><\/span><\/span><i><b> <\/b><\/i><span style=\"color:#000000;\"><span style=\"font-size:small;\">Y <\/span><\/span><span style=\"color:#000000;\"><span style=\"font-size:small;\"><i>fake news:<\/i><\/span><\/span><span style=\"color:#000000;\"><span style=\"font-size:small;\"> El Imparcial y ABC afirmaron que la epidemia hab\u00eda llegado a 360 pueblos<\/span><\/span><span style=\"color:#000000;\"><span style=\"font-size:small;\"><i> (398 ten\u00eda Guadalajara )<\/i><\/span><\/span><span style=\"color:#000000;\"><span style=\"font-size:small;\">. Lo que provoc\u00f3 la airada respuesta del semanario\u00a0 <\/span><\/span><span style=\"color:#000000;\"><span style=\"font-size:small;\"><i><b><a href=\"https:\/\/prensahistorica.mcu.es\/es\/consulta\/registro.do?id=6063\">Flores y Abejas:<\/a> \u201c<\/b><\/i><\/span><\/span><span style=\"color:#000000;\"><span style=\"font-size:small;\"><i>seg\u00fan fuentes oficiales <\/i><\/span><\/span><span style=\"color:#7e0021;\"><span style=\"font-size:small;\"><i><b>eran contados <\/b><\/i><\/span><\/span><span style=\"color:#000000;\"><span style=\"font-size:small;\"><i>los pueblos con incidencia grave&#8230;no pueden considerarse los pueblos con 4-5 griposos\u201d <\/i><\/span><\/span><span style=\"color:#000000;\"><span style=\"font-size:small;\">Concluia diciendo: <\/span><\/span><span style=\"color:#000000;\"><span style=\"font-size:small;\"><i>\u201c<\/i><\/span><\/span><span style=\"color:#7e0021;\"><span style=\"font-size:small;\"><i><b>Lo que hay en esta provincia es mucha hambre; esa es la verdadera epidemia\u201d. <\/b><\/i><\/span><\/span><\/p>\n<hr \/>\n<p align=\"JUSTIFY\"><span style=\"color:#000099;\"><span style=\"font-size:small;\"><i><b>Lar-ami, <\/b><\/i><\/span><\/span><em class=\"western\"><span style=\"color:#000099;\"><span style=\"font-size:small;\"><i>gerente de <\/i><\/span><\/span><\/em><em class=\"western\"><span style=\"color:#000099;\"><span style=\"font-size:small;\"><i><b>CR<\/b><\/i><\/span><\/span><\/em><i> <\/i><span style=\"color:#0000ff;\"><u><a class=\"western\" href=\"http:\/\/www.laveredadepuebla.com\/\"><span style=\"color:#000099;\"><span style=\"font-size:small;\"><span lang=\"zxx\"><i><b>La Vereda de Puebla<\/b><\/i><\/span><\/span><\/span><\/a><\/u><\/span><span style=\"color:#000099;\"><span style=\"font-size:small;\"><i><b>, entre <\/b><\/i><\/span><\/span><span style=\"color:#0000ff;\"><u><a class=\"western\" href=\"https:\/\/blog.laveredadepuebla.com\/?s=Puebla+y+carcavas\"><span style=\"color:#000099;\"><span style=\"font-size:small;\"><i><b>c\u00e1rcavas<\/b><\/i><\/span><\/span><\/a><\/u><\/span><span style=\"color:#000099;\"><span style=\"font-size:small;\"><i><b> y o<\/b><\/i><\/span><\/span><span style=\"color:#0000ff;\"><u><a class=\"western\" href=\"https:\/\/blog.laveredadepuebla.com\/?s=olivos+mil\"><span style=\"color:#000099;\"><span style=\"font-size:small;\"><i><b>livos milenarios<\/b><\/i><\/span><\/span><\/a><\/u><\/span><span style=\"color:#000099;\"><span style=\"font-size:small;\"><i><b>. <\/b><\/i><\/span><\/span><span style=\"color:#000099;\"><span style=\"font-size:small;\"><i>Todo sobre <\/i><\/span><\/span><strong class=\"western\"><span style=\"color:#000099;\"><span style=\"font-size:small;\"><i><a class=\"western\" href=\"https:\/\/blog.laveredadepuebla.com\/category\/actualidad\/\">Actualidad<\/a>, <a class=\"western\" href=\"https:\/\/blog.laveredadepuebla.com\/category\/costumbres\/\">Costumbres<\/a>, <a class=\"western\" href=\"https:\/\/blog.laveredadepuebla.com\/category\/fiestas\/\">Fiestas<\/a>, <a class=\"western\" href=\"https:\/\/blog.laveredadepuebla.com\/category\/mundo-rural\/\">Mundo Rural<\/a> y <a class=\"western\" href=\"https:\/\/blog.laveredadepuebla.com\/category\/paisajes-y-lugares\/\">Paisajes y Lugares<\/a> <\/i><\/span><\/span><\/strong><span style=\"color:#000099;\"><span style=\"font-size:small;\"><i>de la <\/i><\/span><\/span><strong class=\"western\"><span style=\"color:#000099;\"><span style=\"font-size:small;\"><i>Sierra Norte de Guadalajara<\/i><\/span><\/span><\/strong><\/p>\n","protected":false},"excerpt":{"rendered":"<p>Las mayores epidemias de la Sierra en el siglo XX fueron la despoblaci\u00f3n de los a\u00f1os 60 (perdi\u00f3 el 90% de su poblaci\u00f3n ), la guerra (in)civil, y la \u201cgripe espa\u00f1ola\u201d. Acudimos a los excelentes trabajos de La Plazuela y Nueva Alcarria, de donde entresacamos los datos interesantes. La gripe espa\u00f1ola de 1.918 afect\u00f3 a &hellip; <\/p>\n<p class=\"link-more\"><a href=\"https:\/\/blog.sierranortedeguadalajara.com\/?p=22612\" class=\"more-link\">Seguir leyendo<span class=\"screen-reader-text\"> \u00abEpidemias durante el siglo XX en la Sierra Norte\u00bb<\/span><\/a><\/p>\n","protected":false},"author":1,"featured_media":0,"comment_status":"open","ping_status":"open","sticky":false,"template":"","format":"standard","meta":{"footnotes":""},"categories":[12,9],"tags":[2,4,5,10,19],"class_list":["post-22612","post","type-post","status-publish","format-standard","hentry","category-actualidad","category-rincones-de-la-sierra-norte","tag-actualidad","tag-cultura","tag-historia","tag-sierra-norte","tag-siglo-xx","entry"],"_links":{"self":[{"href":"https:\/\/blog.sierranortedeguadalajara.com\/index.php?rest_route=\/wp\/v2\/posts\/22612","targetHints":{"allow":["GET"]}}],"collection":[{"href":"https:\/\/blog.sierranortedeguadalajara.com\/index.php?rest_route=\/wp\/v2\/posts"}],"about":[{"href":"https:\/\/blog.sierranortedeguadalajara.com\/index.php?rest_route=\/wp\/v2\/types\/post"}],"author":[{"embeddable":true,"href":"https:\/\/blog.sierranortedeguadalajara.com\/index.php?rest_route=\/wp\/v2\/users\/1"}],"replies":[{"embeddable":true,"href":"https:\/\/blog.sierranortedeguadalajara.com\/index.php?rest_route=%2Fwp%2Fv2%2Fcomments&post=22612"}],"version-history":[{"count":1,"href":"https:\/\/blog.sierranortedeguadalajara.com\/index.php?rest_route=\/wp\/v2\/posts\/22612\/revisions"}],"predecessor-version":[{"id":25097,"href":"https:\/\/blog.sierranortedeguadalajara.com\/index.php?rest_route=\/wp\/v2\/posts\/22612\/revisions\/25097"}],"wp:attachment":[{"href":"https:\/\/blog.sierranortedeguadalajara.com\/index.php?rest_route=%2Fwp%2Fv2%2Fmedia&parent=22612"}],"wp:term":[{"taxonomy":"category","embeddable":true,"href":"https:\/\/blog.sierranortedeguadalajara.com\/index.php?rest_route=%2Fwp%2Fv2%2Fcategories&post=22612"},{"taxonomy":"post_tag","embeddable":true,"href":"https:\/\/blog.sierranortedeguadalajara.com\/index.php?rest_route=%2Fwp%2Fv2%2Ftags&post=22612"}],"curies":[{"name":"wp","href":"https:\/\/api.w.org\/{rel}","templated":true}]}}