{"id":22604,"date":"2020-04-17T00:05:23","date_gmt":"2020-04-16T22:05:23","guid":{"rendered":"http:\/\/blog.laveredadepuebla.com\/?p=22604"},"modified":"2023-02-10T11:45:37","modified_gmt":"2023-02-10T11:45:37","slug":"navajos-floridos-en-la-sierra-norte-de-guadalajara","status":"publish","type":"post","link":"https:\/\/blog.sierranortedeguadalajara.com\/?p=22604","title":{"rendered":"Navajos floridos en la Sierra Norte de Guadalajara"},"content":{"rendered":"<p align=\"LEFT\"><span style=\"font-size:small;\">La primavera ya se ve y se huele en el monte &#8230; Perd\u00f3n deber\u00eda decir que se ver\u00eda y se oler\u00eda \u2026 si este encierro no lo impidiera. <\/span><span style=\"font-size:small;\">Por temas profesionales, he tenido que hacer una visita r\u00e1pida <em>(30\u00b4)<\/em> a la <\/span><span style=\"font-size:small;\"><i><b><a href=\"https:\/\/blog.laveredadepuebla.com\/2016\/05\/10\/el-mapa-de-la-sierra-norte\/\">Sierra Norte<\/a>. <\/b><\/i><\/span><span style=\"font-size:small;\">Sin bajar del coche,<\/span><span style=\"font-size:small;\"> he podido constatar lo que ya sab\u00eda. <\/span><span style=\"color:#800000;\"><span style=\"font-size:small;\"><i><b>\u00a1La Sierra est\u00e1 preciosa!\u00a0 <\/b><\/i><\/span><\/span><span style=\"color:#000000;\"><span style=\"font-size:small;\">Ya se ven algunas <\/span><\/span><a href=\"https:\/\/blog.laveredadepuebla.com\/2015\/05\/12\/jaras-y-pinos-en-flor-al-mismo-tiempo\/\"><span style=\"color:#000000;\"><span style=\"font-size:small;\"><i><b>jaras en flor<\/b><\/i><\/span><\/span><\/a><span style=\"color:#000000;\"><span style=\"font-size:small;\">, blanqueando sobre los verdes, y los pinos desprenden una fragancia que, mezclada con la humedad, embriaga.<a href=\"https:\/\/laveredadepuebla.files.wordpress.com\/2020\/04\/200417-navajo-florido-1.jpg\"><img loading=\"lazy\" decoding=\"async\" class=\"alignright size-medium wp-image-22607\" src=\"https:\/\/blog.sierranortedeguadalajara.com\/wp-content\/uploads\/2023\/02\/200417-navajo-florido-1.jpg\" alt=\"\" width=\"300\" height=\"225\" \/><\/a><\/span><\/span><\/p>\n<p align=\"LEFT\"><span style=\"color:#000000;\"><span style=\"font-size:small;\">Lo m\u00e1s impactante ha sido la imagen de <\/span><\/span><a href=\"https:\/\/blog.laveredadepuebla.com\/2009\/12\/25\/navajos\/\"><span style=\"color:#000000;\"><span style=\"font-size:small;\"><i><b>los navajos<\/b><\/i><\/span><\/span><\/a><span style=\"color:#000000;\"><span style=\"font-size:small;\"> junto a la CM-1004. El <\/span><\/span><a href=\"https:\/\/blog.laveredadepuebla.com\/2014\/02\/26\/navajos-nevados-en-la-niebla\/\"><span style=\"color:#000000;\"><span style=\"font-size:small;\"><i><b>navajo de la rueda <\/b><\/i><\/span><\/span><\/a><span style=\"color:#000000;\"><span style=\"font-size:small;\">presenta una isleta de juncos y plantas acu\u00e1tica en flor en el centro, de color blanco, que contrasta con su entorno. <\/span><\/span>El <a href=\"https:\/\/blog.laveredadepuebla.com\/2010\/03\/06\/un-nuevo-navajo\/\"><span style=\"color:#000000;\"><span style=\"font-size:small;\"><i><b>navajo de la alcantarilla<\/b><\/i><\/span><\/span><\/a><span style=\"color:#000000;\"><span style=\"font-size:small;\"> va retrasado con los juncos; a cambio presenta los reflejos de pinos en sus aguas. Otra imagen que embelesa. <\/span><\/span><\/p>\n<p align=\"LEFT\"><span style=\"color:#7e0021;\"><span style=\"font-size:small;\"><i><b><a href=\"https:\/\/laveredadepuebla.files.wordpress.com\/2020\/04\/200417-navajo-florido-2.jpg\"><img loading=\"lazy\" decoding=\"async\" class=\"alignleft size-medium wp-image-22609\" src=\"https:\/\/blog.sierranortedeguadalajara.com\/wp-content\/uploads\/2023\/02\/200417-navajo-florido-2.jpg\" alt=\"\" width=\"300\" height=\"225\" \/><\/a>Me ha sabido a poco. Prometo que cuando acabe esto, me desquitar\u00e9.<\/b><\/i><\/span><\/span><\/p>\n<hr \/>\n<p align=\"JUSTIFY\"><span style=\"color:#000099;\"><span style=\"font-size:small;\"><i><b>Lar-ami, <\/b><\/i><\/span><\/span><em class=\"western\"><span style=\"color:#000099;\"><span style=\"font-size:small;\"><i>gerente de <\/i><\/span><\/span><\/em><em class=\"western\"><span style=\"color:#000099;\"><span style=\"font-size:small;\"><i><b>CR<\/b><\/i><\/span><\/span><\/em><i> <\/i><span style=\"color:#0000ff;\"><u><a class=\"western\" href=\"http:\/\/www.laveredadepuebla.com\/\"><span style=\"color:#000099;\"><span style=\"font-size:small;\"><span lang=\"zxx\"><i><b>La Vereda de Puebla<\/b><\/i><\/span><\/span><\/span><\/a><\/u><\/span><span style=\"color:#000099;\"><span style=\"font-size:small;\"><i><b>, entre <\/b><\/i><\/span><\/span><span style=\"color:#0000ff;\"><u><a class=\"western\" href=\"https:\/\/blog.laveredadepuebla.com\/?s=Puebla+y+carcavas\"><span style=\"color:#000099;\"><span style=\"font-size:small;\"><i><b>c\u00e1rcavas<\/b><\/i><\/span><\/span><\/a><\/u><\/span><span style=\"color:#000099;\"><span style=\"font-size:small;\"><i><b> y o<\/b><\/i><\/span><\/span><span style=\"color:#0000ff;\"><u><a class=\"western\" href=\"https:\/\/blog.laveredadepuebla.com\/?s=olivos+mil\"><span style=\"color:#000099;\"><span style=\"font-size:small;\"><i><b>livos milenarios<\/b><\/i><\/span><\/span><\/a><\/u><\/span><span style=\"color:#000099;\"><span style=\"font-size:small;\"><i><b>. <\/b><\/i><\/span><\/span><span style=\"color:#000099;\"><span style=\"font-size:small;\"><i>Todo sobre <\/i><\/span><\/span><strong class=\"western\"><span style=\"color:#000099;\"><span style=\"font-size:small;\"><i><a class=\"western\" href=\"https:\/\/blog.laveredadepuebla.com\/category\/actualidad\/\">Actualidad<\/a>, <a class=\"western\" href=\"https:\/\/blog.laveredadepuebla.com\/category\/costumbres\/\">Costumbres<\/a>, <a class=\"western\" href=\"https:\/\/blog.laveredadepuebla.com\/category\/fiestas\/\">Fiestas<\/a>, <a class=\"western\" href=\"https:\/\/blog.laveredadepuebla.com\/category\/mundo-rural\/\">Mundo Rural<\/a> y <a class=\"western\" href=\"https:\/\/blog.laveredadepuebla.com\/category\/paisajes-y-lugares\/\">Paisajes y Lugares<\/a> <\/i><\/span><\/span><\/strong><span style=\"color:#000099;\"><span style=\"font-size:small;\"><i>de la <\/i><\/span><\/span><strong class=\"western\"><span style=\"color:#000099;\"><span style=\"font-size:small;\"><i>Sierra Norte de Guadalajara<\/i><\/span><\/span><\/strong><span style=\"color:#000099;\"><span style=\"font-size:small;\"><i>.<\/i><\/span><\/span><\/p>\n","protected":false},"excerpt":{"rendered":"<p>La primavera ya se ve y se huele en el monte &#8230; Perd\u00f3n deber\u00eda decir que se ver\u00eda y se oler\u00eda \u2026 si este encierro no lo impidiera. Por temas profesionales, he tenido que hacer una visita r\u00e1pida (30\u00b4) a la Sierra Norte. Sin bajar del coche, he podido constatar lo que ya sab\u00eda. \u00a1La &hellip; <\/p>\n<p class=\"link-more\"><a href=\"https:\/\/blog.sierranortedeguadalajara.com\/?p=22604\" class=\"more-link\">Seguir leyendo<span class=\"screen-reader-text\"> \u00abNavajos floridos en la Sierra Norte de Guadalajara\u00bb<\/span><\/a><\/p>\n","protected":false},"author":1,"featured_media":0,"comment_status":"open","ping_status":"open","sticky":false,"template":"","format":"standard","meta":{"footnotes":""},"categories":[12,9],"tags":[2,33,7,10],"class_list":["post-22604","post","type-post","status-publish","format-standard","hentry","category-actualidad","category-rincones-de-la-sierra-norte","tag-actualidad","tag-la-mierla","tag-naturaleza","tag-sierra-norte","entry"],"_links":{"self":[{"href":"https:\/\/blog.sierranortedeguadalajara.com\/index.php?rest_route=\/wp\/v2\/posts\/22604","targetHints":{"allow":["GET"]}}],"collection":[{"href":"https:\/\/blog.sierranortedeguadalajara.com\/index.php?rest_route=\/wp\/v2\/posts"}],"about":[{"href":"https:\/\/blog.sierranortedeguadalajara.com\/index.php?rest_route=\/wp\/v2\/types\/post"}],"author":[{"embeddable":true,"href":"https:\/\/blog.sierranortedeguadalajara.com\/index.php?rest_route=\/wp\/v2\/users\/1"}],"replies":[{"embeddable":true,"href":"https:\/\/blog.sierranortedeguadalajara.com\/index.php?rest_route=%2Fwp%2Fv2%2Fcomments&post=22604"}],"version-history":[{"count":1,"href":"https:\/\/blog.sierranortedeguadalajara.com\/index.php?rest_route=\/wp\/v2\/posts\/22604\/revisions"}],"predecessor-version":[{"id":25102,"href":"https:\/\/blog.sierranortedeguadalajara.com\/index.php?rest_route=\/wp\/v2\/posts\/22604\/revisions\/25102"}],"wp:attachment":[{"href":"https:\/\/blog.sierranortedeguadalajara.com\/index.php?rest_route=%2Fwp%2Fv2%2Fmedia&parent=22604"}],"wp:term":[{"taxonomy":"category","embeddable":true,"href":"https:\/\/blog.sierranortedeguadalajara.com\/index.php?rest_route=%2Fwp%2Fv2%2Fcategories&post=22604"},{"taxonomy":"post_tag","embeddable":true,"href":"https:\/\/blog.sierranortedeguadalajara.com\/index.php?rest_route=%2Fwp%2Fv2%2Ftags&post=22604"}],"curies":[{"name":"wp","href":"https:\/\/api.w.org\/{rel}","templated":true}]}}