{"id":22579,"date":"2020-04-24T00:05:53","date_gmt":"2020-04-23T22:05:53","guid":{"rendered":"http:\/\/blog.laveredadepuebla.com\/?p=22579"},"modified":"2023-02-10T11:45:35","modified_gmt":"2023-02-10T11:45:35","slug":"el-castillo-de-siguenza","status":"publish","type":"post","link":"https:\/\/blog.sierranortedeguadalajara.com\/?p=22579","title":{"rendered":"El castillo de Sig\u00fcenza"},"content":{"rendered":"<p align=\"LEFT\"><span style=\"font-size:small;\">Situado en un cerro al sur de <\/span><a href=\"http:\/\/www.turismocastillalamancha.es\/patrimonio\/siguenza-82231\/descripcion\/\"><span style=\"font-size:small;\"><i><b>la villa<\/b><\/i><\/span><\/a><span style=\"font-size:small;\">, su construcci\u00f3n data de 1.123 por orden del obispo D. Bernardo de Agen, su conquistador, como fortaleza-palacio y residencia de los obispos, <\/span><a href=\"https:\/\/revistas.usal.es\/index.php\/Studia_Historica\/article\/view\/4618\"><span style=\"font-size:small;\"><i><b>Se\u00f1ores de Sig\u00fcenza<\/b><\/i><\/span><\/a><span style=\"font-size:small;\">. Fue fortificado y ampliado en varias ocasiones, a\u00f1adiendo salones, capillas, salas de tribunales y c\u00e1rceles, hasta ser uno de los castillos m\u00e1s importantes de la pen\u00ednsula. <\/span><\/p>\n<figure id=\"attachment_22581\" aria-describedby=\"caption-attachment-22581\" style=\"width: 500px\" class=\"wp-caption alignright\"><a href=\"https:\/\/www.rutasconhistoria.es\/loc\/castillo-de-siguenza\"><img loading=\"lazy\" decoding=\"async\" class=\"wp-image-22581 size-large\" src=\"https:\/\/blog.sierranortedeguadalajara.com\/wp-content\/uploads\/2023\/02\/200424castillo_de_siguenza_1.jpg\" alt=\"\" width=\"500\" height=\"157\" \/><\/a><figcaption id=\"caption-attachment-22581\" class=\"wp-caption-text\"><strong><em>Cortes\u00eda www.rutasconhistoria.es<\/em><\/strong><\/figcaption><\/figure>\n<p align=\"LEFT\"><span style=\"font-size:small;\">El recinto amurallado tiene planta rectangular, con torres de la misma altura rematadas con almenas que realzan el edificio. Se conservan de la \u00e9poca medieval <\/span><span style=\"font-size:small;\"><i>las puertas del Sol y del Toril, ademas del portal\u00f3n del Hierro y el Portal Mayor, que era el acceso principal. <\/i><\/span><\/p>\n<p align=\"LEFT\"><span style=\"color:#7e0021;\"><span style=\"font-size:small;\"><i>(Aqui se desarrolla una de las escenas m\u00e1s esepectaculares y divertidas de las <\/i><\/span><\/span><span style=\"color:#7e0021;\"><span style=\"font-size:small;\"><i><b>jornadas medievales<\/b><\/i><\/span><\/span><span style=\"color:#7e0021;\"><span style=\"font-size:small;\"><i>, que se celebran a mediados de julio: el asalto al castillo para rescatar a <strong>Do\u00f1a Blanca de Borbon<\/strong><\/i><\/span><\/span><span style=\"color:#7e0021;\"><span style=\"font-size:small;\"><i><b>. <\/b>\u00a1Su leyenda sigue viva!<\/i><\/span><\/span><span style=\"color:#7e0021;\"><span style=\"font-size:small;\"><i>)<\/i><\/span><\/span><\/p>\n<p align=\"LEFT\"><span style=\"font-size:small;\">Su declive comenz\u00f3 en el siglo XIX, con la Guerra de Independencia y las Guerras Carlistas. Sufr\u00edo varios incendios, fue cuartel de nacionales y republicanos en la Guerra (in)civil, cantera para nuevas construcciones y acab\u00f3 abandonado en la posguerra.Restaurado en los a\u00f1os 70 conforme a los planos medievales, hoy es parador de Turismo y un orgullo para la<a href=\"https:\/\/blog.laveredadepuebla.com\/2016\/05\/10\/el-mapa-de-la-sierra-norte\/\"><em><strong> Sierra Norte de Guadalajara<\/strong><\/em><\/a><\/span><em><strong><span style=\"font-family:Times New Roman, serif;\"><span style=\"font-size:small;\">.<\/span><\/span><\/strong><\/em><\/p>\n<hr \/>\n<p align=\"JUSTIFY\"><span style=\"color:#000099;\"><span style=\"font-size:small;\"><i><b>Lar-ami, <\/b><\/i><\/span><\/span><em class=\"western\"><span style=\"color:#000099;\"><span style=\"font-size:small;\"><i>gerente de <\/i><\/span><\/span><\/em><em class=\"western\"><span style=\"color:#000099;\"><span style=\"font-size:small;\"><i><b>CR<\/b><\/i><\/span><\/span><\/em><i> <\/i><span style=\"color:#0000ff;\"><u><a class=\"western\" href=\"http:\/\/www.laveredadepuebla.com\/\"><span style=\"color:#000099;\"><span style=\"font-size:small;\"><span lang=\"zxx\"><i><b>La Vereda de Puebla<\/b><\/i><\/span><\/span><\/span><\/a><\/u><\/span><span style=\"color:#000099;\"><span style=\"font-size:small;\"><i><b>, entre <\/b><\/i><\/span><\/span><span style=\"color:#0000ff;\"><u><a class=\"western\" href=\"https:\/\/blog.laveredadepuebla.com\/?s=Puebla+y+carcavas\"><span style=\"color:#000099;\"><span style=\"font-size:small;\"><i><b>c\u00e1rcavas<\/b><\/i><\/span><\/span><\/a><\/u><\/span><span style=\"color:#000099;\"><span style=\"font-size:small;\"><i><b> y o<\/b><\/i><\/span><\/span><span style=\"color:#0000ff;\"><u><a class=\"western\" href=\"https:\/\/blog.laveredadepuebla.com\/?s=olivos+mil\"><span style=\"color:#000099;\"><span style=\"font-size:small;\"><i><b>livos milenarios<\/b><\/i><\/span><\/span><\/a><\/u><\/span><span style=\"color:#000099;\"><span style=\"font-size:small;\"><i><b>. <\/b><\/i><\/span><\/span><span style=\"color:#000099;\"><span style=\"font-size:small;\"><i>Todo sobre <\/i><\/span><\/span><strong class=\"western\"><span style=\"color:#000099;\"><span style=\"font-size:small;\"><i><a class=\"western\" href=\"https:\/\/blog.laveredadepuebla.com\/category\/actualidad\/\">Actualidad<\/a>, <a class=\"western\" href=\"https:\/\/blog.laveredadepuebla.com\/category\/costumbres\/\">Costumbres<\/a>, <a class=\"western\" href=\"https:\/\/blog.laveredadepuebla.com\/category\/fiestas\/\">Fiestas<\/a>, <a class=\"western\" href=\"https:\/\/blog.laveredadepuebla.com\/category\/mundo-rural\/\">Mundo Rural<\/a> y <a class=\"western\" href=\"https:\/\/blog.laveredadepuebla.com\/category\/paisajes-y-lugares\/\">Paisajes y Lugares<\/a> <\/i><\/span><\/span><\/strong><span style=\"color:#000099;\"><span style=\"font-size:small;\"><i>de la <\/i><\/span><\/span><strong class=\"western\"><span style=\"color:#000099;\"><span style=\"font-size:small;\"><i>Sierra Norte de Guadalajara<\/i><\/span><\/span><\/strong><span style=\"color:#000099;\"><span style=\"font-size:small;\"><i>. <\/i><\/span><\/span><\/p>\n","protected":false},"excerpt":{"rendered":"<p>Situado en un cerro al sur de la villa, su construcci\u00f3n data de 1.123 por orden del obispo D. Bernardo de Agen, su conquistador, como fortaleza-palacio y residencia de los obispos, Se\u00f1ores de Sig\u00fcenza. Fue fortificado y ampliado en varias ocasiones, a\u00f1adiendo salones, capillas, salas de tribunales y c\u00e1rceles, hasta ser uno de los castillos &hellip; <\/p>\n<p class=\"link-more\"><a href=\"https:\/\/blog.sierranortedeguadalajara.com\/?p=22579\" class=\"more-link\">Seguir leyendo<span class=\"screen-reader-text\"> \u00abEl castillo de Sig\u00fcenza\u00bb<\/span><\/a><\/p>\n","protected":false},"author":1,"featured_media":0,"comment_status":"open","ping_status":"open","sticky":false,"template":"","format":"standard","meta":{"footnotes":""},"categories":[12,9],"tags":[2,4,44,5,10],"class_list":["post-22579","post","type-post","status-publish","format-standard","hentry","category-actualidad","category-rincones-de-la-sierra-norte","tag-actualidad","tag-cultura","tag-edad-media","tag-historia","tag-sierra-norte","entry"],"_links":{"self":[{"href":"https:\/\/blog.sierranortedeguadalajara.com\/index.php?rest_route=\/wp\/v2\/posts\/22579","targetHints":{"allow":["GET"]}}],"collection":[{"href":"https:\/\/blog.sierranortedeguadalajara.com\/index.php?rest_route=\/wp\/v2\/posts"}],"about":[{"href":"https:\/\/blog.sierranortedeguadalajara.com\/index.php?rest_route=\/wp\/v2\/types\/post"}],"author":[{"embeddable":true,"href":"https:\/\/blog.sierranortedeguadalajara.com\/index.php?rest_route=\/wp\/v2\/users\/1"}],"replies":[{"embeddable":true,"href":"https:\/\/blog.sierranortedeguadalajara.com\/index.php?rest_route=%2Fwp%2Fv2%2Fcomments&post=22579"}],"version-history":[{"count":1,"href":"https:\/\/blog.sierranortedeguadalajara.com\/index.php?rest_route=\/wp\/v2\/posts\/22579\/revisions"}],"predecessor-version":[{"id":25094,"href":"https:\/\/blog.sierranortedeguadalajara.com\/index.php?rest_route=\/wp\/v2\/posts\/22579\/revisions\/25094"}],"wp:attachment":[{"href":"https:\/\/blog.sierranortedeguadalajara.com\/index.php?rest_route=%2Fwp%2Fv2%2Fmedia&parent=22579"}],"wp:term":[{"taxonomy":"category","embeddable":true,"href":"https:\/\/blog.sierranortedeguadalajara.com\/index.php?rest_route=%2Fwp%2Fv2%2Fcategories&post=22579"},{"taxonomy":"post_tag","embeddable":true,"href":"https:\/\/blog.sierranortedeguadalajara.com\/index.php?rest_route=%2Fwp%2Fv2%2Ftags&post=22579"}],"curies":[{"name":"wp","href":"https:\/\/api.w.org\/{rel}","templated":true}]}}