{"id":22544,"date":"2020-04-20T00:05:09","date_gmt":"2020-04-19T22:05:09","guid":{"rendered":"http:\/\/blog.laveredadepuebla.com\/?p=22544"},"modified":"2023-02-10T11:45:36","modified_gmt":"2023-02-10T11:45:36","slug":"leyendas-del-castillo-de-riba-de-santiuste","status":"publish","type":"post","link":"https:\/\/blog.sierranortedeguadalajara.com\/?p=22544","title":{"rendered":"Leyendas del castillo de Riba de Santiuste"},"content":{"rendered":"<p><span style=\"font-family:Times New Roman, serif;\"><span style=\"font-size:medium;\">Como todo castillo importante, <i><b>Riba de Santiuste<\/b><\/i> tiene sus leyendas, recogidas en la <i><b>web del castillo.<\/b><\/i><i> (gracias amigo).<\/i><\/span><\/span><\/p>\n<p><span style=\"font-family:Times New Roman, serif;\"><span style=\"font-size:medium;\">En las horas pr\u00f3ximas al amanecer, una dama con t\u00fanica blanca recorre el castillo, entre alaridos y lamentos. Sus sollozos entrecortados, y el sonido de sus pasos aumentan en el pasillo de las apariciones hasta llegar a la sala anexa. Es la<span style=\"color:#7e0021;\"><i><b> hermosa Manuela,<\/b><\/i><\/span> que llora su pena.\u00a0<\/span><\/span><\/p>\n<figure id=\"attachment_22547\" aria-describedby=\"caption-attachment-22547\" style=\"width: 245px\" class=\"wp-caption alignright\"><a href=\"https:\/\/www.guadalajaramisteriosa.es\/\"><img loading=\"lazy\" decoding=\"async\" class=\"wp-image-22547 size-medium\" src=\"https:\/\/blog.sierranortedeguadalajara.com\/wp-content\/uploads\/2023\/02\/200412-rivamanuela-guadalajara-misteriosa.jpg\" alt=\"\" width=\"245\" height=\"300\" \/><\/a><figcaption id=\"caption-attachment-22547\" class=\"wp-caption-text\"><em><strong>Cortesia guadalajara misteriosa<\/strong><\/em><\/figcaption><\/figure>\n<p><span style=\"font-family:Times New Roman, serif;\"><span style=\"font-size:medium;\"><i>Unos cuentan que Manuela era la hija del alcaide \u00e1rabe del castillo, y estaba prometida con un rico musulman al que no amaba. En un hecho de armas, Manuela conoci\u00f3 a un cristiano del que se enamor\u00f3 y con el que le fue infiel a su prometido. Descubierta, el alcaide furioso la deg\u00faella en la sala y arrastra su cuerpo por el pasillo hasta el aljibe del patio, donde lo arroja <\/i><i>Otra versi\u00f3n dice que<\/i><span style=\"color:#7e0021;\"><i><b> Manuela era una cantinera <\/b><\/i><\/span><i>que acompa\u00f1\u00f3 a los navarros en sus andanzas por las tierras de Castilla y muri\u00f3 en el castillo durante el asedio de 1.452. <\/i><\/span><\/span><\/p>\n<ul>\n<li><span style=\"font-family:Times New Roman, serif;\"><span style=\"font-size:medium;\"><i>Dicen que en el <\/i><span style=\"color:#7e0021;\"><i><b>patio trasero del castillo, en las noches oscuras es visible el fuego fatuo<\/b><\/i><\/span><i>.<\/i> Un fen\u00f3meno que solo se produce al contactar con el aire el f\u00f3sforo de los huesos de los muertos. En las obras de restauraci\u00f3n han aparecido restos humanos. Unos dicen que <i>el patio fue utilizado como cementerio cuando estuvo ocupado por los navarros (siglo XV).<\/i> Otros que fue <i>cementerio ocasional con motivo de una epidemia <\/i><\/span><\/span><\/li>\n<li><span style=\"font-family:Times New Roman, serif;\"><span style=\"font-size:medium;\">Hay varias versiones sobre el <\/span><\/span><strong class=\"western\"><span style=\"color:#7e0021;\"><span style=\"font-family:Times New Roman, serif;\"><span style=\"font-size:medium;\"><i>El Cerro del ahorcado<\/i><\/span><\/span><\/span><\/strong><strong class=\"western\"><span style=\"font-family:Times New Roman, serif;\"><span style=\"font-size:medium;\"><i>,<\/i><\/span><\/span><\/strong><i><b><\/b><\/i><span style=\"font-family:Times New Roman, serif;\"><span style=\"font-size:medium;\"> proximo al castillo,<\/span><\/span><i><b> <\/b><\/i><strong class=\"western\"><span style=\"font-family:Times New Roman, serif;\"><span style=\"font-size:medium;\">y <\/span><\/span><\/strong><span style=\"font-family:Times New Roman, serif;\"><span style=\"font-size:medium;\">el origen de su nombre<\/span><\/span><span style=\"font-family:Times New Roman, serif;\"><span style=\"font-size:medium;\"> . <\/span><\/span><span style=\"font-family:Times New Roman, serif;\"><span style=\"font-size:medium;\">Unos cuentan que se debe a que <\/span><\/span><span style=\"font-family:Times New Roman, serif;\"><span style=\"font-size:medium;\"><i>\u201caqui se ahorcaba a a los reos en la Edad Media\u201d<\/i><\/span><\/span><span style=\"font-family:Times New Roman, serif;\"><span style=\"font-size:medium;\">. Otros dicen que \u201c<\/span><\/span><span style=\"font-family:Times New Roman, serif;\"><span style=\"font-size:medium;\"><i>los vencedores colgaban aqu\u00ed a los vencidos como escarmiento\u201d <\/i><\/span><\/span><span style=\"font-family:Times New Roman, serif;\"><span style=\"font-size:medium;\">Y hay quien comenta que se debe <\/span><\/span><span style=\"font-family:Times New Roman, serif;\"><span style=\"font-size:medium;\"><i>\u201cal suicidio de un vecino que eligi\u00f3 forma y lugar para morir\u201d.<\/i><\/span><\/span><\/li>\n<\/ul>\n<p align=\"JUSTIFY\"><span style=\"color:#000099;\"><span style=\"font-size:small;\"><i><b>Lar-ami, <\/b><\/i><\/span><\/span><em class=\"western\"><span style=\"color:#000099;\"><span style=\"font-size:small;\"><i>gerente de <\/i><\/span><\/span><\/em><em class=\"western\"><span style=\"color:#000099;\"><span style=\"font-size:small;\"><i><b>CR<\/b><\/i><\/span><\/span><\/em><i> <\/i><span style=\"color:#0000ff;\"><u><a class=\"western\" href=\"http:\/\/www.laveredadepuebla.com\/\"><span style=\"color:#000099;\"><span style=\"font-size:small;\"><span lang=\"zxx\"><i><b>La Vereda de Puebla<\/b><\/i><\/span><\/span><\/span><\/a><\/u><\/span><span style=\"color:#000099;\"><span style=\"font-size:small;\"><i><b>, entre <\/b><\/i><\/span><\/span><span style=\"color:#0000ff;\"><u><a class=\"western\" href=\"https:\/\/blog.laveredadepuebla.com\/?s=Puebla+y+carcavas\"><span style=\"color:#000099;\"><span style=\"font-size:small;\"><i><b>c\u00e1rcavas<\/b><\/i><\/span><\/span><\/a><\/u><\/span><span style=\"color:#000099;\"><span style=\"font-size:small;\"><i><b> y o<\/b><\/i><\/span><\/span><span style=\"color:#0000ff;\"><u><a class=\"western\" href=\"https:\/\/blog.laveredadepuebla.com\/?s=olivos+mil\"><span style=\"color:#000099;\"><span style=\"font-size:small;\"><i><b>livos milenarios<\/b><\/i><\/span><\/span><\/a><\/u><\/span><span style=\"color:#000099;\"><span style=\"font-size:small;\"><i><b>. <\/b><\/i><\/span><\/span><span style=\"color:#000099;\"><span style=\"font-size:small;\"><i>Todo sobre <\/i><\/span><\/span><strong class=\"western\"><span style=\"color:#000099;\"><span style=\"font-size:small;\"><i><a class=\"western\" href=\"https:\/\/blog.laveredadepuebla.com\/category\/actualidad\/\">Actualidad<\/a>, <a class=\"western\" href=\"https:\/\/blog.laveredadepuebla.com\/category\/costumbres\/\">Costumbres<\/a>, <a class=\"western\" href=\"https:\/\/blog.laveredadepuebla.com\/category\/fiestas\/\">Fiestas<\/a>, <a class=\"western\" href=\"https:\/\/blog.laveredadepuebla.com\/category\/mundo-rural\/\">Mundo Rural<\/a> y <a class=\"western\" href=\"https:\/\/blog.laveredadepuebla.com\/category\/paisajes-y-lugares\/\">Paisajes y Lugares<\/a> <\/i><\/span><\/span><\/strong><span style=\"color:#000099;\"><span style=\"font-size:small;\"><i>de la <\/i><\/span><\/span><strong class=\"western\"><span style=\"color:#000099;\"><span style=\"font-size:small;\"><i>Sierra Norte de Guadalajara<\/i><\/span><\/span><\/strong><span style=\"color:#000099;\"><span style=\"font-size:small;\"><i>. <\/i><\/span><\/span><\/p>\n","protected":false},"excerpt":{"rendered":"<p>Como todo castillo importante, Riba de Santiuste tiene sus leyendas, recogidas en la web del castillo. (gracias amigo). En las horas pr\u00f3ximas al amanecer, una dama con t\u00fanica blanca recorre el castillo, entre alaridos y lamentos. Sus sollozos entrecortados, y el sonido de sus pasos aumentan en el pasillo de las apariciones hasta llegar a &hellip; <\/p>\n<p class=\"link-more\"><a href=\"https:\/\/blog.sierranortedeguadalajara.com\/?p=22544\" class=\"more-link\">Seguir leyendo<span class=\"screen-reader-text\"> \u00abLeyendas del castillo de Riba de Santiuste\u00bb<\/span><\/a><\/p>\n","protected":false},"author":1,"featured_media":0,"comment_status":"open","ping_status":"open","sticky":false,"template":"","format":"standard","meta":{"footnotes":""},"categories":[3,42,9],"tags":[2,24,25,7,10,16],"class_list":["post-22544","post","type-post","status-publish","format-standard","hentry","category-costumbres-y-tradiciones","category-fiestas-y-eventos","category-rincones-de-la-sierra-norte","tag-actualidad","tag-cuentos","tag-leyendas","tag-naturaleza","tag-sierra-norte","tag-tradiciones","entry"],"_links":{"self":[{"href":"https:\/\/blog.sierranortedeguadalajara.com\/index.php?rest_route=\/wp\/v2\/posts\/22544","targetHints":{"allow":["GET"]}}],"collection":[{"href":"https:\/\/blog.sierranortedeguadalajara.com\/index.php?rest_route=\/wp\/v2\/posts"}],"about":[{"href":"https:\/\/blog.sierranortedeguadalajara.com\/index.php?rest_route=\/wp\/v2\/types\/post"}],"author":[{"embeddable":true,"href":"https:\/\/blog.sierranortedeguadalajara.com\/index.php?rest_route=\/wp\/v2\/users\/1"}],"replies":[{"embeddable":true,"href":"https:\/\/blog.sierranortedeguadalajara.com\/index.php?rest_route=%2Fwp%2Fv2%2Fcomments&post=22544"}],"version-history":[{"count":1,"href":"https:\/\/blog.sierranortedeguadalajara.com\/index.php?rest_route=\/wp\/v2\/posts\/22544\/revisions"}],"predecessor-version":[{"id":25099,"href":"https:\/\/blog.sierranortedeguadalajara.com\/index.php?rest_route=\/wp\/v2\/posts\/22544\/revisions\/25099"}],"wp:attachment":[{"href":"https:\/\/blog.sierranortedeguadalajara.com\/index.php?rest_route=%2Fwp%2Fv2%2Fmedia&parent=22544"}],"wp:term":[{"taxonomy":"category","embeddable":true,"href":"https:\/\/blog.sierranortedeguadalajara.com\/index.php?rest_route=%2Fwp%2Fv2%2Fcategories&post=22544"},{"taxonomy":"post_tag","embeddable":true,"href":"https:\/\/blog.sierranortedeguadalajara.com\/index.php?rest_route=%2Fwp%2Fv2%2Ftags&post=22544"}],"curies":[{"name":"wp","href":"https:\/\/api.w.org\/{rel}","templated":true}]}}