{"id":22539,"date":"2020-04-15T00:05:44","date_gmt":"2020-04-14T22:05:44","guid":{"rendered":"http:\/\/blog.laveredadepuebla.com\/?p=22539"},"modified":"2023-02-10T11:45:37","modified_gmt":"2023-02-10T11:45:37","slug":"los-navarros-en-el-castillo-de-riba-de-santiuste","status":"publish","type":"post","link":"https:\/\/blog.sierranortedeguadalajara.com\/?p=22539","title":{"rendered":"Los navarros en el castillo de Riba de Santiuste"},"content":{"rendered":"<p align=\"LEFT\"><span style=\"font-size:small;\">Una historia curiosa que se recoge en la <\/span><a href=\"http:\/\/www.castillodelariba.com\/\"><span style=\"font-size:small;\"><i><b>web de este castillo<\/b><\/i><\/span><\/a><span style=\"font-size:small;\"> singular &#8230; y misterioso. Tanto que el periodista Iker Jimenez y otros sesudos estudiosos de lo paranormal le han dedicado varios programas<\/span><\/p>\n<p align=\"LEFT\"><span style=\"font-size:small;\">En la guerra civil que mantuvieron los Infantes de Arag\u00f3n contra al rey Juan II por el trono de Castilla, la batalla de Olmedo (1.445) decidi\u00f3 que el rey mantuviera la corona. <\/span><span style=\"color:#7e0021;\"><span style=\"font-size:small;\"><i><b>Al lado de los Infantes<\/b><\/i><\/span><\/span><span style=\"font-size:small;\"> participaron <\/span><span style=\"color:#7e0021;\"><span style=\"font-size:small;\"><i><b>mesnadas navarras, <\/b><\/i><\/span><\/span><span style=\"color:#000000;\"><span style=\"font-size:small;\">que vencidas <\/span><\/span><span style=\"font-size:small;\">decidieron quedarse, en vez de volver a su tierra. Se dedicaron al saqueo en la <\/span><a href=\"https:\/\/blog.laveredadepuebla.com\/2016\/05\/10\/el-mapa-de-la-sierra-norte\/\"><span style=\"font-size:small;\"><i><b>Sierra Norte de Guadalajara<\/b><\/i><\/span><\/a><span style=\"font-size:small;\">. Atienza, Siguenza y alrededores sufrieron sus ataques.<\/span><\/p>\n<p align=\"LEFT\"><span style=\"font-size:small;\"><a href=\"https:\/\/laveredadepuebla.files.wordpress.com\/2020\/04\/200410-castillo-riba-2.jpg\"><img loading=\"lazy\" decoding=\"async\" class=\"alignleft size-medium wp-image-22541\" src=\"https:\/\/blog.sierranortedeguadalajara.com\/wp-content\/uploads\/2023\/02\/200410-castillo-riba-2.jpg\" alt=\"\" width=\"300\" height=\"199\" \/><\/a>El <\/span><span style=\"font-size:small;\"><i><b><a href=\"https:\/\/www.siguenza-guadalajara.org\/\">obispo de Siguenza<\/a>,<\/b><\/i><\/span><span style=\"font-size:small;\"> propietario del castillo de Riba, reforz\u00f3 su guarnici\u00f3n, pero no fue suficiente. Tuvo que pagarles un tributo para que respetaran las aldeas y tierras del obispado; <\/span><span style=\"font-size:small;\"> poco dur\u00f3 la tregua. En un ataque por sorpresa, los navarros conquistaron el castillo en 1.451, utiliz\u00e1ndolo como centro de operaciones en sus incursiones por la comarca, que a partir de ses momento, se intensificaron. <\/span><\/p>\n<p align=\"LEFT\"><span style=\"font-size:small;\">El obispo organiz\u00f3 un ej\u00e9rcito, que incluia jud\u00edos, y conquist\u00f3 la villa en abril. Puso cerco cerc\u00f3 el castillo, con patrullas distribuidas en derrededor y el ataque final se produjo en agosto de 1.452, con culebrinas y armas de fuego. Las fallidas escaramuzas de los navarros en busca de v\u00edveres y el hambre hab\u00edan mermado sus fuerzas. Dicen que el <\/span><span style=\"color:#7e0021;\"><span style=\"font-size:small;\"><i><b>fantasma de su cantinera, Manuela, llora por la p\u00e9rdida del castillo<\/b><\/i><\/span><\/span><span style=\"font-size:small;\">.<\/span><\/p>\n<hr \/>\n<p align=\"JUSTIFY\"><span style=\"color:#000099;\"><span style=\"font-size:small;\"><i><b>Lar-ami, <\/b><\/i><\/span><\/span><em class=\"western\"><span style=\"color:#000099;\"><span style=\"font-size:small;\"><i>gerente de <\/i><\/span><\/span><\/em><em class=\"western\"><span style=\"color:#000099;\"><span style=\"font-size:small;\"><i><b>CR<\/b><\/i><\/span><\/span><\/em><i> <\/i><span style=\"color:#0000ff;\"><u><a class=\"western\" href=\"http:\/\/www.laveredadepuebla.com\/\"><span style=\"color:#000099;\"><span style=\"font-size:small;\"><span lang=\"zxx\"><i><b>La Vereda de Puebla<\/b><\/i><\/span><\/span><\/span><\/a><\/u><\/span><span style=\"color:#000099;\"><span style=\"font-size:small;\"><i><b>, entre <\/b><\/i><\/span><\/span><span style=\"color:#0000ff;\"><u><a class=\"western\" href=\"https:\/\/blog.laveredadepuebla.com\/?s=Puebla+y+carcavas\"><span style=\"color:#000099;\"><span style=\"font-size:small;\"><i><b>c\u00e1rcavas<\/b><\/i><\/span><\/span><\/a><\/u><\/span><span style=\"color:#000099;\"><span style=\"font-size:small;\"><i><b> y o<\/b><\/i><\/span><\/span><span style=\"color:#0000ff;\"><u><a class=\"western\" href=\"https:\/\/blog.laveredadepuebla.com\/?s=olivos+mil\"><span style=\"color:#000099;\"><span style=\"font-size:small;\"><i><b>livos milenarios<\/b><\/i><\/span><\/span><\/a><\/u><\/span><span style=\"color:#000099;\"><span style=\"font-size:small;\"><i><b>. <\/b><\/i><\/span><\/span><span style=\"color:#000099;\"><span style=\"font-size:small;\"><i>Todo sobre <\/i><\/span><\/span><strong class=\"western\"><span style=\"color:#000099;\"><span style=\"font-size:small;\"><i><a class=\"western\" href=\"https:\/\/blog.laveredadepuebla.com\/category\/actualidad\/\">Actualidad<\/a>, <a class=\"western\" href=\"https:\/\/blog.laveredadepuebla.com\/category\/costumbres\/\">Costumbres<\/a>, <a class=\"western\" href=\"https:\/\/blog.laveredadepuebla.com\/category\/fiestas\/\">Fiestas<\/a>, <a class=\"western\" href=\"https:\/\/blog.laveredadepuebla.com\/category\/mundo-rural\/\">Mundo Rural<\/a> y <a class=\"western\" href=\"https:\/\/blog.laveredadepuebla.com\/category\/paisajes-y-lugares\/\">Paisajes y Lugares<\/a> <\/i><\/span><\/span><\/strong><span style=\"color:#000099;\"><span style=\"font-size:small;\"><i>de la <\/i><\/span><\/span><strong class=\"western\"><span style=\"color:#000099;\"><span style=\"font-size:small;\"><i>Sierra Norte de Guadalajara<\/i><\/span><\/span><\/strong><span style=\"color:#000099;\"><span style=\"font-size:small;\"><i>.<\/i><\/span><\/span><\/p>\n","protected":false},"excerpt":{"rendered":"<p>Una historia curiosa que se recoge en la web de este castillo singular &#8230; y misterioso. Tanto que el periodista Iker Jimenez y otros sesudos estudiosos de lo paranormal le han dedicado varios programas En la guerra civil que mantuvieron los Infantes de Arag\u00f3n contra al rey Juan II por el trono de Castilla, la &hellip; <\/p>\n<p class=\"link-more\"><a href=\"https:\/\/blog.sierranortedeguadalajara.com\/?p=22539\" class=\"more-link\">Seguir leyendo<span class=\"screen-reader-text\"> \u00abLos navarros en el castillo de Riba de Santiuste\u00bb<\/span><\/a><\/p>\n","protected":false},"author":1,"featured_media":0,"comment_status":"open","ping_status":"open","sticky":false,"template":"","format":"standard","meta":{"footnotes":""},"categories":[12,17,9],"tags":[2,4,44,5,7,10],"class_list":["post-22539","post","type-post","status-publish","format-standard","hentry","category-actualidad","category-paisajes-y-lugares-de-la-sierra-norte","category-rincones-de-la-sierra-norte","tag-actualidad","tag-cultura","tag-edad-media","tag-historia","tag-naturaleza","tag-sierra-norte","entry"],"_links":{"self":[{"href":"https:\/\/blog.sierranortedeguadalajara.com\/index.php?rest_route=\/wp\/v2\/posts\/22539","targetHints":{"allow":["GET"]}}],"collection":[{"href":"https:\/\/blog.sierranortedeguadalajara.com\/index.php?rest_route=\/wp\/v2\/posts"}],"about":[{"href":"https:\/\/blog.sierranortedeguadalajara.com\/index.php?rest_route=\/wp\/v2\/types\/post"}],"author":[{"embeddable":true,"href":"https:\/\/blog.sierranortedeguadalajara.com\/index.php?rest_route=\/wp\/v2\/users\/1"}],"replies":[{"embeddable":true,"href":"https:\/\/blog.sierranortedeguadalajara.com\/index.php?rest_route=%2Fwp%2Fv2%2Fcomments&post=22539"}],"version-history":[{"count":1,"href":"https:\/\/blog.sierranortedeguadalajara.com\/index.php?rest_route=\/wp\/v2\/posts\/22539\/revisions"}],"predecessor-version":[{"id":25104,"href":"https:\/\/blog.sierranortedeguadalajara.com\/index.php?rest_route=\/wp\/v2\/posts\/22539\/revisions\/25104"}],"wp:attachment":[{"href":"https:\/\/blog.sierranortedeguadalajara.com\/index.php?rest_route=%2Fwp%2Fv2%2Fmedia&parent=22539"}],"wp:term":[{"taxonomy":"category","embeddable":true,"href":"https:\/\/blog.sierranortedeguadalajara.com\/index.php?rest_route=%2Fwp%2Fv2%2Fcategories&post=22539"},{"taxonomy":"post_tag","embeddable":true,"href":"https:\/\/blog.sierranortedeguadalajara.com\/index.php?rest_route=%2Fwp%2Fv2%2Ftags&post=22539"}],"curies":[{"name":"wp","href":"https:\/\/api.w.org\/{rel}","templated":true}]}}