{"id":22496,"date":"2020-04-06T00:05:49","date_gmt":"2020-04-05T22:05:49","guid":{"rendered":"http:\/\/blog.laveredadepuebla.com\/?p=22496"},"modified":"2023-02-10T11:45:39","modified_gmt":"2023-02-10T11:45:39","slug":"molinos-celtibericos-en-la-sierra-norte-de-guadalajara","status":"publish","type":"post","link":"https:\/\/blog.sierranortedeguadalajara.com\/?p=22496","title":{"rendered":"Molinos celtib\u00e9ricos en la Sierra Norte de Guadalajara"},"content":{"rendered":"<p align=\"LEFT\"><span style=\"font-size:small;\">El nacimiento de la <\/span><span style=\"color:#7e0021;\"><span style=\"font-size:small;\"><i><b>agricultura en el Neol\u00edtico<\/b><\/i><\/span><\/span> <span style=\"font-size:small;\"><i>(cereales y legumbres fueron los primeros cultivos)<\/i><\/span><span style=\"font-size:small;\"> y la necesidad de moler el grano <\/span><span style=\"font-size:small;\"><i>(y frutos secos como la bellota) <\/i><\/span><span style=\"font-size:small;\">para obtener la harina. Asi surgieron los molinos. Los m\u00e1s primitivos eran <\/span><span style=\"color:#7e0021;\"><span style=\"font-size:small;\"><i><b>de vaiv\u00e9n<\/b><\/i><\/span><\/span><span style=\"font-size:small;\">, que pronto fueron sustituidos por los <\/span><span style=\"color:#7e0021;\"><span style=\"font-size:small;\"><i><b>molinos rotativos.<\/b><\/i><\/span><\/span><\/p>\n<p align=\"LEFT\"><span style=\"font-size:small;\"><a href=\"https:\/\/laveredadepuebla.files.wordpress.com\/2020\/03\/200401-molino-celtiberico.jpg\"><img loading=\"lazy\" decoding=\"async\" class=\"alignright size-medium wp-image-22498\" src=\"https:\/\/blog.sierranortedeguadalajara.com\/wp-content\/uploads\/2023\/02\/200401-molino-celtiberico.jpg\" alt=\"\" width=\"300\" height=\"277\"\/><\/a>Dos ruedas del mismo tama\u00f1o, en plano horizontal y encajadas mediante un eje, que llevaban una \u00f3 dos agarraderas para hacer girar una sobre otra. La <\/span><\/p>\n<p><span style=\"font-size:small;\">Dos ruedas del mismo tama\u00f1o, en plano horizontal y encajadas mediante un eje, que llevaban una \u00f3 dos agarraderas para hacer girar una sobre otra. La <\/span><span style=\"color:#7e0021;\"><span style=\"font-size:small;\"><i><b>\u201crueda volandera\u201d<\/b><\/i><\/span><\/span><span style=\"font-size:small;\"> tiene una cara c\u00f3ncava que apoya sobre la<\/span><span style=\"color:#7e0021;\"><span style=\"font-size:small;\"><i><b> \u201crueda fija\u201d<\/b><\/i><\/span><\/span><span style=\"font-size:small;\">, de cara convexa, lo que facilita la decantaci\u00f3n de la harina. El grano se introduc\u00eda por el hueco del centro. <\/span><span style=\"font-size:small;\">En la <\/span><span style=\"color:#7e0021;\"><span style=\"font-size:small;\"><i><b>Celtiberia<\/b><\/i><\/span><\/span><span style=\"font-size:small;\">, los molinos rotativos aparecen en los <\/span><span style=\"color:#7e0021;\"><span style=\"font-size:small;\"><i><b>poblados del siglo II a.c. <\/b><\/i><\/span><\/span><\/p>\n<p align=\"LEFT\"><span style=\"font-size:small;\">En el n\u00famero 24 de la <\/span><span style=\"color:#000000;\"><span style=\"font-size:small;\"><i><b><a href=\"http:\/\/www.rap.udl.cat\/es\/\">Revista de arqueologia de Ponen<\/a><\/b><\/i><i><b>t<\/b><\/i><\/span><\/span><span style=\"color:#7e0021;\"><span style=\"font-size:small;\"><i><b>, <\/b><\/i><\/span><\/span><span style=\"font-size:small;\">un articulo de <\/span><span style=\"font-size:small;\"><i><b><a href=\"https:\/\/ucm.academia.edu\/M%C2%AALuisaCerde%C3%B1o\">M.\u00aa Luisa Cerde\u00f1o at all, <\/a><\/b><\/i><\/span><span style=\"font-size:small;\">hace un repaso de los molinos de vaiv\u00e9n y rotativos en <\/span><span style=\"color:#7e0021;\"><span style=\"font-size:small;\"><i><b>la Celtiberia<\/b><\/i><\/span><\/span><span style=\"font-size:small;\">. Entre ellos se menciona la excavaci\u00f3n que realiz\u00f3 <\/span><span style=\"font-size:small;\"><i><b><a href=\"https:\/\/revistas.ucm.es\/index.php\/CMPL\/article\/view\/64515\">Emilio Gamo<\/a><\/b><\/i><\/span><span style=\"font-size:small;\"> en 2.010 en el <\/span><span style=\"font-size:small;\"><i><b><a href=\"https:\/\/www.elheraldodelhenares.com\/prov\/los-celtas-y-su-huella-en-la-provincia-alcarrena-al-descubierto-en-numerosos-yacimientos\/\">poblado fortificado del Atance<\/a><\/b><\/i><i><b>, <\/b><\/i><\/span><span style=\"font-size:small;\">donde se hallaron restos de varios molinos rotativos. Hoy el Atance es conocido por<em><strong><a href=\"https:\/\/blog.laveredadepuebla.com\/2016\/05\/25\/el-pueblo-abandonado-el-atance-y-su-pantano\/\"> el pantano.<\/a><\/strong><\/em><\/span><\/p>\n<p><span style=\"font-size:small;\">Su utilizaci\u00f3n era sistem\u00e1tica para obtener harinas <\/span><span style=\"color:#7e0021;\"><span style=\"font-size:small;\"><i>(trigo, cebada, centeno, mijo)<\/i><\/span><\/span><span style=\"font-size:small;\"> con las que se hac\u00edan <\/span><span style=\"color:#7e0021;\"><span style=\"font-size:small;\"><i><b>pan, tortas y bebidas <\/b><\/i><\/span><\/span><span style=\"color:#7e0021;\"><span style=\"font-size:small;\"><i>(fermentadas); <\/i><\/span><\/span><span style=\"color:#000000;\"><span style=\"font-size:small;\">se han encontrado varios molinos adosados a la casa. Seg\u00fan algunos autores, bellotas y frutos secos las tomaban en forma de <\/span><\/span><span style=\"color:#7e0021;\"><span style=\"font-size:small;\"><i><b>tortas que se mojaban y\/o untaban con miel. <\/b><\/i><\/span><\/span><\/p>\n<hr \/>\n<p align=\"JUSTIFY\"><span style=\"color:#000099;\"><span style=\"font-size:small;\"><i><b>Lar-ami, <\/b><\/i><\/span><\/span><span style=\"color:#000099;\"><span style=\"font-size:small;\"><em class=\"western\"><i>gerente de <\/i><\/em><\/span><\/span><span style=\"color:#000099;\"><span style=\"font-size:small;\"><em class=\"western\"><i><b>CR<\/b><\/i><\/em><\/span><\/span><i> <\/i><span style=\"color:#0000ff;\"><span style=\"color:#000099;\"><span style=\"font-size:small;\"><span lang=\"zxx\"><u><i><b><a class=\"western\" href=\"http:\/\/www.laveredadepuebla.com\/\">La Vereda de Puebla<\/a><\/b><\/i><\/u><\/span><\/span><\/span><\/span><span style=\"color:#000099;\"><span style=\"font-size:small;\"><i><b>, entre <\/b><\/i><\/span><\/span><span style=\"color:#0000ff;\"><span style=\"color:#000099;\"><span style=\"font-size:small;\"><u><i><b><a class=\"western\" href=\"https:\/\/blog.laveredadepuebla.com\/?s=Puebla+y+carcavas\">c\u00e1rcavas<\/a><\/b><\/i><\/u><\/span><\/span><\/span><span style=\"color:#000099;\"><span style=\"font-size:small;\"><i><b> y o<\/b><\/i><\/span><\/span><span style=\"color:#0000ff;\"><span style=\"color:#000099;\"><span style=\"font-size:small;\"><u><i><b><a class=\"western\" href=\"https:\/\/blog.laveredadepuebla.com\/?s=olivos+mil\">livos milenarios<\/a><\/b><\/i><\/u><\/span><\/span><\/span><span style=\"color:#000099;\"><span style=\"font-size:small;\"><i><b>. <\/b><\/i><\/span><\/span><span style=\"color:#000099;\"><span style=\"font-size:small;\"><i>Todo sobre <\/i><\/span><\/span><span style=\"color:#000099;\"><span style=\"font-size:small;\"><strong class=\"western\"><i><a class=\"western\" href=\"https:\/\/blog.laveredadepuebla.com\/category\/actualidad\/\">Actualidad<\/a><\/i><\/strong><strong class=\"western\"><i>, <\/i><\/strong><strong class=\"western\"><i><a class=\"western\" href=\"https:\/\/blog.laveredadepuebla.com\/category\/costumbres\/\">Costumbres<\/a><\/i><\/strong><strong class=\"western\"><i>, <\/i><\/strong><strong class=\"western\"><i><a class=\"western\" href=\"https:\/\/blog.laveredadepuebla.com\/category\/fiestas\/\">Fiestas<\/a><\/i><\/strong><strong class=\"western\"><i>, <\/i><\/strong><strong class=\"western\"><i><a class=\"western\" href=\"https:\/\/blog.laveredadepuebla.com\/category\/mundo-rural\/\">Mundo Rural<\/a><\/i><\/strong><strong class=\"western\"><i> y <\/i><\/strong><strong class=\"western\"><i><a class=\"western\" href=\"https:\/\/blog.laveredadepuebla.com\/category\/paisajes-y-lugares\/\">Paisajes y Lugares<\/a><\/i><\/strong><strong class=\"western\"><i> <\/i><\/strong><\/span><\/span><span style=\"color:#000099;\"><span style=\"font-size:small;\"><i>de la <\/i><\/span><\/span><span style=\"color:#000099;\"><span style=\"font-size:small;\"><strong class=\"western\"><i>Sierra Norte de Guadalajara<\/i><\/strong><\/span><\/span><span style=\"color:#000099;\"><span style=\"font-size:small;\"><i>. <\/i><\/span><\/span><\/p>\n","protected":false},"excerpt":{"rendered":"<p>El nacimiento de la agricultura en el Neol\u00edtico (cereales y legumbres fueron los primeros cultivos) y la necesidad de moler el grano (y frutos secos como la bellota) para obtener la harina. Asi surgieron los molinos. Los m\u00e1s primitivos eran de vaiv\u00e9n, que pronto fueron sustituidos por los molinos rotativos. Dos ruedas del mismo tama\u00f1o, &hellip; <\/p>\n<p class=\"link-more\"><a href=\"https:\/\/blog.sierranortedeguadalajara.com\/?p=22496\" class=\"more-link\">Seguir leyendo<span class=\"screen-reader-text\"> \u00abMolinos celtib\u00e9ricos en la Sierra Norte de Guadalajara\u00bb<\/span><\/a><\/p>\n","protected":false},"author":1,"featured_media":0,"comment_status":"open","ping_status":"open","sticky":false,"template":"","format":"standard","meta":{"footnotes":""},"categories":[12,6,9],"tags":[4,5,7,31,10],"class_list":["post-22496","post","type-post","status-publish","format-standard","hentry","category-actualidad","category-mundo-rural","category-rincones-de-la-sierra-norte","tag-cultura","tag-historia","tag-naturaleza","tag-prehistoria","tag-sierra-norte","entry"],"_links":{"self":[{"href":"https:\/\/blog.sierranortedeguadalajara.com\/index.php?rest_route=\/wp\/v2\/posts\/22496","targetHints":{"allow":["GET"]}}],"collection":[{"href":"https:\/\/blog.sierranortedeguadalajara.com\/index.php?rest_route=\/wp\/v2\/posts"}],"about":[{"href":"https:\/\/blog.sierranortedeguadalajara.com\/index.php?rest_route=\/wp\/v2\/types\/post"}],"author":[{"embeddable":true,"href":"https:\/\/blog.sierranortedeguadalajara.com\/index.php?rest_route=\/wp\/v2\/users\/1"}],"replies":[{"embeddable":true,"href":"https:\/\/blog.sierranortedeguadalajara.com\/index.php?rest_route=%2Fwp%2Fv2%2Fcomments&post=22496"}],"version-history":[{"count":1,"href":"https:\/\/blog.sierranortedeguadalajara.com\/index.php?rest_route=\/wp\/v2\/posts\/22496\/revisions"}],"predecessor-version":[{"id":25112,"href":"https:\/\/blog.sierranortedeguadalajara.com\/index.php?rest_route=\/wp\/v2\/posts\/22496\/revisions\/25112"}],"wp:attachment":[{"href":"https:\/\/blog.sierranortedeguadalajara.com\/index.php?rest_route=%2Fwp%2Fv2%2Fmedia&parent=22496"}],"wp:term":[{"taxonomy":"category","embeddable":true,"href":"https:\/\/blog.sierranortedeguadalajara.com\/index.php?rest_route=%2Fwp%2Fv2%2Fcategories&post=22496"},{"taxonomy":"post_tag","embeddable":true,"href":"https:\/\/blog.sierranortedeguadalajara.com\/index.php?rest_route=%2Fwp%2Fv2%2Ftags&post=22496"}],"curies":[{"name":"wp","href":"https:\/\/api.w.org\/{rel}","templated":true}]}}